{"id":12036,"date":"2020-08-05T14:22:22","date_gmt":"2020-08-05T17:22:22","guid":{"rendered":"https:\/\/justicapotiguar.com.br\/?p=12036"},"modified":"2020-08-05T11:53:48","modified_gmt":"2020-08-05T14:53:48","slug":"stf-pauta-julgamento-de-processo-que-pode-custar-r-32-bilhoes-ao-governo","status":"publish","type":"post","link":"https:\/\/justicapotiguar.com.br\/index.php\/2020\/08\/05\/stf-pauta-julgamento-de-processo-que-pode-custar-r-32-bilhoes-ao-governo\/","title":{"rendered":"STF pauta julgamento de processo que pode custar R$ 32 bilh\u00f5es ao governo"},"content":{"rendered":"\n<figure class=\"wp-block-image\"><img loading=\"lazy\" width=\"1024\" height=\"683\" src=\"https:\/\/justicapotiguar.com.br\/wp-content\/uploads\/2019\/08\/pleno-stf-Nelson-Jr.SCOSTF-1024x683-1024x683.jpg\" alt=\"\" class=\"wp-image-1247\" srcset=\"https:\/\/justicapotiguar.com.br\/wp-content\/uploads\/2019\/08\/pleno-stf-Nelson-Jr.SCOSTF-1024x683.jpg 1024w, https:\/\/justicapotiguar.com.br\/wp-content\/uploads\/2019\/08\/pleno-stf-Nelson-Jr.SCOSTF-1024x683-300x200.jpg 300w, https:\/\/justicapotiguar.com.br\/wp-content\/uploads\/2019\/08\/pleno-stf-Nelson-Jr.SCOSTF-1024x683-768x512.jpg 768w\" sizes=\"(max-width: 1024px) 100vw, 1024px\" \/><figcaption>Divulga\u00e7\u00e3o<\/figcaption><\/figure>\n\n\n\n<p>O ministro Celso de Mello, do STF, pautou para o dia 14 de agosto discuss\u00e3o tribut\u00e1ria que deve custar R$ 32 bilh\u00f5es \u00e0 Uni\u00e3o nos pr\u00f3ximos cinco anos, segundo as contas da Receita. \u00c9 um recurso que discute se o ISS deve entrar na base de c\u00e1lculo do PIS e da Cofins das empresas, e as chances de derrota do governo s\u00e3o grandes.<\/p>\n\n\n\n<p>O processo chegou ao Supremo em 2008 e teve a repercuss\u00e3o geral reconhecida em outubro daquele ano, mas nunca foi julgado. A discuss\u00e3o do dia 14 ser\u00e1 virtual.<\/p><div class=\"rsbuk69ef8ce7c4184\" ><!--<a href=\"https:\/\/bit.ly\/3QdrqTZ\" target=\"_blank\">\n<img src=\"https:\/\/justicapotiguar.com.br\/wp-content\/uploads\/2023\/09\/mobile-geral.gif\"\/><a\/>--><\/div><style type=\"text\/css\">\r\n.rsbuk69ef8ce7c4184 {\r\ntext-align: center;\r\n}\r\n@media screen and (min-width: 1201px) {\r\n.rsbuk69ef8ce7c4184 {\r\ndisplay: none;\r\n}\r\n}\r\n@media screen and (min-width: 993px) and (max-width: 1200px) {\r\n.rsbuk69ef8ce7c4184 {\r\ndisplay: none;\r\n}\r\n}\r\n@media screen and (min-width: 769px) and (max-width: 992px) {\r\n.rsbuk69ef8ce7c4184 {\r\ndisplay: none;\r\n}\r\n}\r\n@media screen and (min-width: 768px) and (max-width: 768px) {\r\n.rsbuk69ef8ce7c4184 {\r\ndisplay: block;\r\n}\r\n}\r\n@media screen and (max-width: 767px) {\r\n.rsbuk69ef8ce7c4184 {\r\ndisplay: block;\r\n}\r\n}\r\n<\/style>\r\n<div class=\"fshlj69ef8ce7c416a\" ><!--<a href=\"https:\/\/bit.ly\/3QdrqTZ\" target=\"_blank\">\n<img src=\"https:\/\/justicapotiguar.com.br\/wp-content\/uploads\/2023\/09\/desktop-geral.gif\"\/><a\/>--><\/div><style type=\"text\/css\">\r\n.fshlj69ef8ce7c416a {\r\ntext-align: center;\nmargin-bottom: 1em;\r\n}\r\n@media screen and (min-width: 1201px) {\r\n.fshlj69ef8ce7c416a {\r\ndisplay: block;\r\n}\r\n}\r\n@media screen and (min-width: 993px) and (max-width: 1200px) {\r\n.fshlj69ef8ce7c416a {\r\ndisplay: block;\r\n}\r\n}\r\n@media screen and (min-width: 769px) and (max-width: 992px) {\r\n.fshlj69ef8ce7c416a {\r\ndisplay: block;\r\n}\r\n}\r\n@media screen and (min-width: 768px) and (max-width: 768px) {\r\n.fshlj69ef8ce7c416a {\r\ndisplay: none;\r\n}\r\n}\r\n@media screen and (max-width: 767px) {\r\n.fshlj69ef8ce7c416a {\r\ndisplay: none;\r\n}\r\n}\r\n<\/style>\r\n\n\n\n\n<p>O tribunal vai decidir se o dinheiro que as empresas recebem como valor de ISS repassado aos consumidores pode ser considerado faturamento e ser computado como base de c\u00e1lculo do PIS e da Cofins.<br><\/p>\n\n\n\n<p>O Antagonista<\/p>\n","protected":false},"excerpt":{"rendered":"<p>O ministro Celso de Mello, do STF, pautou para o dia 14 de agosto discuss\u00e3o tribut\u00e1ria que deve custar R$ 32 bilh\u00f5es \u00e0 Uni\u00e3o nos pr\u00f3ximos cinco anos, segundo as contas da Receita. \u00c9 um recurso que discute se o ISS deve entrar na base de c\u00e1lculo do PIS e da Cofins das empresas, e<br \/><a class=\"more-link\" href=\"https:\/\/justicapotiguar.com.br\/index.php\/2020\/08\/05\/stf-pauta-julgamento-de-processo-que-pode-custar-r-32-bilhoes-ao-governo\/\">Mais&#8230;<\/a><\/p>\n","protected":false},"author":5,"featured_media":1247,"comment_status":"open","ping_status":"open","sticky":false,"template":"","format":"standard","meta":[],"categories":[3],"tags":[],"_links":{"self":[{"href":"https:\/\/justicapotiguar.com.br\/index.php\/wp-json\/wp\/v2\/posts\/12036"}],"collection":[{"href":"https:\/\/justicapotiguar.com.br\/index.php\/wp-json\/wp\/v2\/posts"}],"about":[{"href":"https:\/\/justicapotiguar.com.br\/index.php\/wp-json\/wp\/v2\/types\/post"}],"author":[{"embeddable":true,"href":"https:\/\/justicapotiguar.com.br\/index.php\/wp-json\/wp\/v2\/users\/5"}],"replies":[{"embeddable":true,"href":"https:\/\/justicapotiguar.com.br\/index.php\/wp-json\/wp\/v2\/comments?post=12036"}],"version-history":[{"count":1,"href":"https:\/\/justicapotiguar.com.br\/index.php\/wp-json\/wp\/v2\/posts\/12036\/revisions"}],"predecessor-version":[{"id":12037,"href":"https:\/\/justicapotiguar.com.br\/index.php\/wp-json\/wp\/v2\/posts\/12036\/revisions\/12037"}],"wp:featuredmedia":[{"embeddable":true,"href":"https:\/\/justicapotiguar.com.br\/index.php\/wp-json\/wp\/v2\/media\/1247"}],"wp:attachment":[{"href":"https:\/\/justicapotiguar.com.br\/index.php\/wp-json\/wp\/v2\/media?parent=12036"}],"wp:term":[{"taxonomy":"category","embeddable":true,"href":"https:\/\/justicapotiguar.com.br\/index.php\/wp-json\/wp\/v2\/categories?post=12036"},{"taxonomy":"post_tag","embeddable":true,"href":"https:\/\/justicapotiguar.com.br\/index.php\/wp-json\/wp\/v2\/tags?post=12036"}],"curies":[{"name":"wp","href":"https:\/\/api.w.org\/{rel}","templated":true}]}}