{"id":12013,"date":"2020-08-05T10:27:16","date_gmt":"2020-08-05T13:27:16","guid":{"rendered":"https:\/\/justicapotiguar.com.br\/?p=12013"},"modified":"2020-08-05T09:26:36","modified_gmt":"2020-08-05T12:26:36","slug":"juiz-se-candidata-a-tropa-e-pede-a-bolsonaro-convite-publico-para-vaga-no-stf","status":"publish","type":"post","link":"https:\/\/justicapotiguar.com.br\/index.php\/2020\/08\/05\/juiz-se-candidata-a-tropa-e-pede-a-bolsonaro-convite-publico-para-vaga-no-stf\/","title":{"rendered":"Juiz se &#8216;candidata \u00e0 tropa&#8217; e pede a Bolsonaro convite p\u00fablico para vaga no STF"},"content":{"rendered":"\n<p><br>O juiz Eduardo Luiz Rocha Cubas, da Justi\u00e7a federal em Formosa (GO), enviou requerimento ao presidente&nbsp;<a href=\"https:\/\/noticias.uol.com.br\/politica\/governo-bolsonaro\/\">Jair Bolsonaro<\/a>&nbsp;(sem partido) pedindo &#8220;convite p\u00fablico&#8221; de interessados \u00e0 vaga no&nbsp;<a href=\"https:\/\/noticias.uol.com.br\/politica\/stf-supremo-tribunal-federal\/\">STF<\/a>&nbsp;(Supremo Tribunal Federal) que ser\u00e1 aberta com a aposentadoria do ministro Celso de Mello, em novembro. No documento, o magistrado ainda se coloca como primeiro interessado e candidato \u00e0 cadeira na Corte, afirmando que &#8220;curiosamente&#8221; foi motorista do decano do STF, nasceu no mesmo dia que o presidente e ainda estudou na mesma escola que Bolsonaro. Cubas diz colocar as qualifica\u00e7\u00f5es em &#8220;apresenta\u00e7\u00e3o \u00e0 tropa como soldado que busca um Brasil acima de tudo e Deus acima de todos&#8221;.<\/p>\n\n\n\n<figure class=\"wp-block-image\"><img loading=\"lazy\" width=\"1024\" height=\"615\" src=\"https:\/\/justicapotiguar.com.br\/wp-content\/uploads\/2019\/09\/x84330486_FILE-PHOTO-Brazils-President-Jair-Bolsonaro-speaks-during-a-launching-ceremony-of-publ.jpg.pagespeed.ic_.ZFAuDv5Cw8-1024x615.jpg\" alt=\"\" class=\"wp-image-1753\" srcset=\"https:\/\/justicapotiguar.com.br\/wp-content\/uploads\/2019\/09\/x84330486_FILE-PHOTO-Brazils-President-Jair-Bolsonaro-speaks-during-a-launching-ceremony-of-publ.jpg.pagespeed.ic_.ZFAuDv5Cw8-1024x615.jpg 1024w, https:\/\/justicapotiguar.com.br\/wp-content\/uploads\/2019\/09\/x84330486_FILE-PHOTO-Brazils-President-Jair-Bolsonaro-speaks-during-a-launching-ceremony-of-publ.jpg.pagespeed.ic_.ZFAuDv5Cw8-300x180.jpg 300w, https:\/\/justicapotiguar.com.br\/wp-content\/uploads\/2019\/09\/x84330486_FILE-PHOTO-Brazils-President-Jair-Bolsonaro-speaks-during-a-launching-ceremony-of-publ.jpg.pagespeed.ic_.ZFAuDv5Cw8-768x461.jpg 768w, https:\/\/justicapotiguar.com.br\/wp-content\/uploads\/2019\/09\/x84330486_FILE-PHOTO-Brazils-President-Jair-Bolsonaro-speaks-during-a-launching-ceremony-of-publ.jpg.pagespeed.ic_.ZFAuDv5Cw8.jpg 1086w\" sizes=\"(max-width: 1024px) 100vw, 1024px\" \/><figcaption>Reprodu\u00e7\u00e3o<\/figcaption><\/figure>\n\n\n\n<p>&#8220;H\u00e1 uma perspectiva, AGORA, de se estabelecer um novo paradigma de forma\u00e7\u00e3o das cadeiras do STF, eis que de legitimidade indireta, n\u00e3o submetidas a voto, devendo ser previamente e com certa previs\u00e3o discutido pela sociedade, cuja sensibilidade social caber\u00e1 V.Exa. exercer dentre aqueles que tiveram a honra de colocar seus curr\u00edculos ao crivo p\u00fablico dado que ir\u00e3o interferir desde o benef\u00edcio assistencial ao mais pobre brasileiro at\u00e9 nas cifras do investidor estrangeiro que deseja seguran\u00e7a jur\u00eddica.&#8221;, escreve Cubas no documento enviado \u00e0 Presid\u00eancia da Rep\u00fablica por meio do Fala.BR.<\/p><div class=\"yesim69ef4e9e93590\" ><!--<a href=\"https:\/\/bit.ly\/3QdrqTZ\" target=\"_blank\">\n<img src=\"https:\/\/justicapotiguar.com.br\/wp-content\/uploads\/2023\/09\/mobile-geral.gif\"\/><a\/>--><\/div><style type=\"text\/css\">\r\n.yesim69ef4e9e93590 {\r\ntext-align: center;\r\n}\r\n@media screen and (min-width: 1201px) {\r\n.yesim69ef4e9e93590 {\r\ndisplay: none;\r\n}\r\n}\r\n@media screen and (min-width: 993px) and (max-width: 1200px) {\r\n.yesim69ef4e9e93590 {\r\ndisplay: none;\r\n}\r\n}\r\n@media screen and (min-width: 769px) and (max-width: 992px) {\r\n.yesim69ef4e9e93590 {\r\ndisplay: none;\r\n}\r\n}\r\n@media screen and (min-width: 768px) and (max-width: 768px) {\r\n.yesim69ef4e9e93590 {\r\ndisplay: block;\r\n}\r\n}\r\n@media screen and (max-width: 767px) {\r\n.yesim69ef4e9e93590 {\r\ndisplay: block;\r\n}\r\n}\r\n<\/style>\r\n<div class=\"vjxdw69ef4e9e93574\" ><!--<a href=\"https:\/\/bit.ly\/3QdrqTZ\" target=\"_blank\">\n<img src=\"https:\/\/justicapotiguar.com.br\/wp-content\/uploads\/2023\/09\/desktop-geral.gif\"\/><a\/>--><\/div><style type=\"text\/css\">\r\n.vjxdw69ef4e9e93574 {\r\ntext-align: center;\nmargin-bottom: 1em;\r\n}\r\n@media screen and (min-width: 1201px) {\r\n.vjxdw69ef4e9e93574 {\r\ndisplay: block;\r\n}\r\n}\r\n@media screen and (min-width: 993px) and (max-width: 1200px) {\r\n.vjxdw69ef4e9e93574 {\r\ndisplay: block;\r\n}\r\n}\r\n@media screen and (min-width: 769px) and (max-width: 992px) {\r\n.vjxdw69ef4e9e93574 {\r\ndisplay: block;\r\n}\r\n}\r\n@media screen and (min-width: 768px) and (max-width: 768px) {\r\n.vjxdw69ef4e9e93574 {\r\ndisplay: none;\r\n}\r\n}\r\n@media screen and (max-width: 767px) {\r\n.vjxdw69ef4e9e93574 {\r\ndisplay: none;\r\n}\r\n}\r\n<\/style>\r\n\n\n\n\n<p>UOL<\/p>\n","protected":false},"excerpt":{"rendered":"<p>O juiz Eduardo Luiz Rocha Cubas, da Justi\u00e7a federal em Formosa (GO), enviou requerimento ao presidente&nbsp;Jair Bolsonaro&nbsp;(sem partido) pedindo &#8220;convite p\u00fablico&#8221; de interessados \u00e0 vaga no&nbsp;STF&nbsp;(Supremo Tribunal Federal) que ser\u00e1 aberta com a aposentadoria do ministro Celso de Mello, em novembro. No documento, o magistrado ainda se coloca como primeiro interessado e candidato \u00e0 cadeira<br \/><a class=\"more-link\" href=\"https:\/\/justicapotiguar.com.br\/index.php\/2020\/08\/05\/juiz-se-candidata-a-tropa-e-pede-a-bolsonaro-convite-publico-para-vaga-no-stf\/\">Mais&#8230;<\/a><\/p>\n","protected":false},"author":5,"featured_media":1753,"comment_status":"open","ping_status":"open","sticky":false,"template":"","format":"standard","meta":[],"categories":[3],"tags":[],"_links":{"self":[{"href":"https:\/\/justicapotiguar.com.br\/index.php\/wp-json\/wp\/v2\/posts\/12013"}],"collection":[{"href":"https:\/\/justicapotiguar.com.br\/index.php\/wp-json\/wp\/v2\/posts"}],"about":[{"href":"https:\/\/justicapotiguar.com.br\/index.php\/wp-json\/wp\/v2\/types\/post"}],"author":[{"embeddable":true,"href":"https:\/\/justicapotiguar.com.br\/index.php\/wp-json\/wp\/v2\/users\/5"}],"replies":[{"embeddable":true,"href":"https:\/\/justicapotiguar.com.br\/index.php\/wp-json\/wp\/v2\/comments?post=12013"}],"version-history":[{"count":1,"href":"https:\/\/justicapotiguar.com.br\/index.php\/wp-json\/wp\/v2\/posts\/12013\/revisions"}],"predecessor-version":[{"id":12014,"href":"https:\/\/justicapotiguar.com.br\/index.php\/wp-json\/wp\/v2\/posts\/12013\/revisions\/12014"}],"wp:featuredmedia":[{"embeddable":true,"href":"https:\/\/justicapotiguar.com.br\/index.php\/wp-json\/wp\/v2\/media\/1753"}],"wp:attachment":[{"href":"https:\/\/justicapotiguar.com.br\/index.php\/wp-json\/wp\/v2\/media?parent=12013"}],"wp:term":[{"taxonomy":"category","embeddable":true,"href":"https:\/\/justicapotiguar.com.br\/index.php\/wp-json\/wp\/v2\/categories?post=12013"},{"taxonomy":"post_tag","embeddable":true,"href":"https:\/\/justicapotiguar.com.br\/index.php\/wp-json\/wp\/v2\/tags?post=12013"}],"curies":[{"name":"wp","href":"https:\/\/api.w.org\/{rel}","templated":true}]}}