{"id":11973,"date":"2020-08-03T12:31:16","date_gmt":"2020-08-03T15:31:16","guid":{"rendered":"https:\/\/justicapotiguar.com.br\/?p=11973"},"modified":"2020-08-03T12:31:16","modified_gmt":"2020-08-03T15:31:16","slug":"pgr-pede-nova-prisao-de-queiroz-ao-stj","status":"publish","type":"post","link":"https:\/\/justicapotiguar.com.br\/index.php\/2020\/08\/03\/pgr-pede-nova-prisao-de-queiroz-ao-stj\/","title":{"rendered":"PGR pede nova pris\u00e3o de Queiroz ao STJ"},"content":{"rendered":"\n<figure class=\"wp-block-image\"><img src=\"https:\/\/assets.blogdobg.com.br\/uploads\/2020\/07\/xqueiroz10.jpg.pagespeed.ic_.cq_lFFETbV-1024x615.jpg\" alt=\"\" class=\"wp-image-635562\"\/><\/figure>\n\n\n\n<p>Foto: Divulga\u00e7\u00e3o<\/p>\n\n\n\n<p>O subprocurador Roberto Lu\u00eds Oppermann Thom\u00e9 pediu ao ministro F\u00e9lix Fischer e \u00e0 Quinta Turma do Superior Tribunal de Justi\u00e7a para mandar de volta para a cadeia Fabr\u00edcio Queiroz e sua mulher, M\u00e1rcia de Oliveira Aguiar.<\/p>\n\n\n\n<p>No recesso de julho, durante o plant\u00e3o, o presidente da Corte, Jo\u00e3o Ot\u00e1vio de Noronha, concedeu a ambos pris\u00e3o domiciliar, mesmo com M\u00e1rcia foragida \u00e0 \u00e9poca. No recurso,&nbsp;Thom\u00e9 afirmou n\u00e3o haver ilegalidade na decis\u00e3o que determinou a pris\u00e3o preventiva.<\/p><div class=\"bnwla69ef8d1239f8b\" ><!--<a href=\"https:\/\/bit.ly\/3QdrqTZ\" target=\"_blank\">\n<img src=\"https:\/\/justicapotiguar.com.br\/wp-content\/uploads\/2023\/09\/mobile-geral.gif\"\/><a\/>--><\/div><style type=\"text\/css\">\r\n.bnwla69ef8d1239f8b {\r\ntext-align: center;\r\n}\r\n@media screen and (min-width: 1201px) {\r\n.bnwla69ef8d1239f8b {\r\ndisplay: none;\r\n}\r\n}\r\n@media screen and (min-width: 993px) and (max-width: 1200px) {\r\n.bnwla69ef8d1239f8b {\r\ndisplay: none;\r\n}\r\n}\r\n@media screen and (min-width: 769px) and (max-width: 992px) {\r\n.bnwla69ef8d1239f8b {\r\ndisplay: none;\r\n}\r\n}\r\n@media screen and (min-width: 768px) and (max-width: 768px) {\r\n.bnwla69ef8d1239f8b {\r\ndisplay: block;\r\n}\r\n}\r\n@media screen and (max-width: 767px) {\r\n.bnwla69ef8d1239f8b {\r\ndisplay: block;\r\n}\r\n}\r\n<\/style>\r\n<div class=\"guays69ef8d1239f6e\" ><!--<a href=\"https:\/\/bit.ly\/3QdrqTZ\" target=\"_blank\">\n<img src=\"https:\/\/justicapotiguar.com.br\/wp-content\/uploads\/2023\/09\/desktop-geral.gif\"\/><a\/>--><\/div><style type=\"text\/css\">\r\n.guays69ef8d1239f6e {\r\ntext-align: center;\nmargin-bottom: 1em;\r\n}\r\n@media screen and (min-width: 1201px) {\r\n.guays69ef8d1239f6e {\r\ndisplay: block;\r\n}\r\n}\r\n@media screen and (min-width: 993px) and (max-width: 1200px) {\r\n.guays69ef8d1239f6e {\r\ndisplay: block;\r\n}\r\n}\r\n@media screen and (min-width: 769px) and (max-width: 992px) {\r\n.guays69ef8d1239f6e {\r\ndisplay: block;\r\n}\r\n}\r\n@media screen and (min-width: 768px) and (max-width: 768px) {\r\n.guays69ef8d1239f6e {\r\ndisplay: none;\r\n}\r\n}\r\n@media screen and (max-width: 767px) {\r\n.guays69ef8d1239f6e {\r\ndisplay: none;\r\n}\r\n}\r\n<\/style>\r\n\n\n\n\n<p>\u201cConquanto cedi\u00e7os cultura jur\u00eddica e esp\u00edrito p\u00fablico do \u00ednclito Ministro Presidente, sua v. decis\u00e3o monocr\u00e1tica, ora agravada, merece integral reforma para que se respeite at\u00e9 mesmo a percuciente, abalizada e escorreita fundamenta\u00e7\u00e3o lavrada em oito de dez laudas pela inexist\u00eancia de ilegalidade alguma na necess\u00e1ria constri\u00e7\u00e3o judicial cautelar, e mesmo se resgate o respeito \u00e0 iterativa jurisprud\u00eancia p\u00e1tria que recha\u00e7a concess\u00e3o de benesses a pessoas que se encontrem foragidas da Justi\u00e7a\u201d, diz o recurso.<\/p>\n\n\n\n<p>O Antagonista<a href=\"https:\/\/www.blogdobg.com.br\/pgr-pede-nova-prisao-de-queiroz-ao-stj\/#comente\"><\/a><br><\/p>\n","protected":false},"excerpt":{"rendered":"<p>Foto: Divulga\u00e7\u00e3o O subprocurador Roberto Lu\u00eds Oppermann Thom\u00e9 pediu ao ministro F\u00e9lix Fischer e \u00e0 Quinta Turma do Superior Tribunal de Justi\u00e7a para mandar de volta para a cadeia Fabr\u00edcio Queiroz e sua mulher, M\u00e1rcia de Oliveira Aguiar. No recesso de julho, durante o plant\u00e3o, o presidente da Corte, Jo\u00e3o Ot\u00e1vio de Noronha, concedeu a<br \/><a class=\"more-link\" href=\"https:\/\/justicapotiguar.com.br\/index.php\/2020\/08\/03\/pgr-pede-nova-prisao-de-queiroz-ao-stj\/\">Mais&#8230;<\/a><\/p>\n","protected":false},"author":5,"featured_media":11296,"comment_status":"open","ping_status":"open","sticky":false,"template":"","format":"standard","meta":[],"categories":[3],"tags":[],"_links":{"self":[{"href":"https:\/\/justicapotiguar.com.br\/index.php\/wp-json\/wp\/v2\/posts\/11973"}],"collection":[{"href":"https:\/\/justicapotiguar.com.br\/index.php\/wp-json\/wp\/v2\/posts"}],"about":[{"href":"https:\/\/justicapotiguar.com.br\/index.php\/wp-json\/wp\/v2\/types\/post"}],"author":[{"embeddable":true,"href":"https:\/\/justicapotiguar.com.br\/index.php\/wp-json\/wp\/v2\/users\/5"}],"replies":[{"embeddable":true,"href":"https:\/\/justicapotiguar.com.br\/index.php\/wp-json\/wp\/v2\/comments?post=11973"}],"version-history":[{"count":1,"href":"https:\/\/justicapotiguar.com.br\/index.php\/wp-json\/wp\/v2\/posts\/11973\/revisions"}],"predecessor-version":[{"id":11974,"href":"https:\/\/justicapotiguar.com.br\/index.php\/wp-json\/wp\/v2\/posts\/11973\/revisions\/11974"}],"wp:featuredmedia":[{"embeddable":true,"href":"https:\/\/justicapotiguar.com.br\/index.php\/wp-json\/wp\/v2\/media\/11296"}],"wp:attachment":[{"href":"https:\/\/justicapotiguar.com.br\/index.php\/wp-json\/wp\/v2\/media?parent=11973"}],"wp:term":[{"taxonomy":"category","embeddable":true,"href":"https:\/\/justicapotiguar.com.br\/index.php\/wp-json\/wp\/v2\/categories?post=11973"},{"taxonomy":"post_tag","embeddable":true,"href":"https:\/\/justicapotiguar.com.br\/index.php\/wp-json\/wp\/v2\/tags?post=11973"}],"curies":[{"name":"wp","href":"https:\/\/api.w.org\/{rel}","templated":true}]}}