{"id":11968,"date":"2020-08-03T11:35:44","date_gmt":"2020-08-03T14:35:44","guid":{"rendered":"https:\/\/justicapotiguar.com.br\/?p=11968"},"modified":"2020-08-03T11:19:38","modified_gmt":"2020-08-03T14:19:38","slug":"cortes-superiores-retomam-atividades-a-partir-de-hoje","status":"publish","type":"post","link":"https:\/\/justicapotiguar.com.br\/index.php\/2020\/08\/03\/cortes-superiores-retomam-atividades-a-partir-de-hoje\/","title":{"rendered":"Cortes superiores retomam atividades a partir de hoje"},"content":{"rendered":"\n<p>O Supremo Tribunal Federal retoma as sess\u00f5es plen\u00e1rias nesta segunda-feira, 3, a partir das 15h, com sess\u00e3o extraordin\u00e1ria de julgamentos convocada pelo presidente, ministro Dias Toffoli, realizada por videoconfer\u00eancia.<\/p>\n\n\n\n<p>Foram pautados a ADPF&nbsp;<a href=\"http:\/\/portal.stf.jus.br\/processos\/detalhe.asp?incidente=5952986\" target=\"_blank\" rel=\"noreferrer noopener\">709<\/a>, sobre os efeitos da pandemia da covid-19 nas aldeias ind\u00edgenas, e outros dois processos. A ADPF foi ajuizada pela Articula\u00e7\u00e3o dos Povos Ind\u00edgenas do Brasil e por seis partidos pol\u00edticos (PSB, PSOL, PCdoB, Rede, PT e PDT).<\/p>\n\n\n\n<p>O plen\u00e1rio decidir\u00e1 se confirma a medida cautelar deferida no in\u00edcio de julho pelo relator, ministro Lu\u00eds Roberto Barroso, para determinar ao governo federal a ado\u00e7\u00e3o de diversas medidas para combater o avan\u00e7o da covid-19 sobre os povos ind\u00edgenas e suas aldeias.<\/p>\n\n\n\n<p>Entre elas est\u00e3o a instala\u00e7\u00e3o de Sala de Situa\u00e7\u00e3o com participa\u00e7\u00e3o de \u00edndios, Minist\u00e9rio P\u00fablico e Defensoria, a cria\u00e7\u00e3o de barreiras sanit\u00e1rias e a elabora\u00e7\u00e3o de plano para enfrentamento e monitoramento da doen\u00e7a. Barroso tamb\u00e9m indicou um representante do CNJ e um observador de seu gabinete para acompanhar as reuni\u00f5es sobre a covid-19 nas comunidades ind\u00edgenas.<\/p>\n\n\n\n<figure class=\"wp-block-image\"><img src=\"https:\/\/www.globalframe.com.br\/gf_base\/empresas\/MIGA\/imagens\/9257D329B57562679A71C3E08C429637413B_imag.jpg\" alt=\"t\"\/><\/figure>\n\n\n\n<p><strong>STJ<\/strong><\/p><div class=\"flnra69ef764a1798c\" ><!--<a href=\"https:\/\/bit.ly\/3QdrqTZ\" target=\"_blank\">\n<img src=\"https:\/\/justicapotiguar.com.br\/wp-content\/uploads\/2023\/09\/mobile-geral.gif\"\/><a\/>--><\/div><style type=\"text\/css\">\r\n.flnra69ef764a1798c {\r\ntext-align: center;\r\n}\r\n@media screen and (min-width: 1201px) {\r\n.flnra69ef764a1798c {\r\ndisplay: none;\r\n}\r\n}\r\n@media screen and (min-width: 993px) and (max-width: 1200px) {\r\n.flnra69ef764a1798c {\r\ndisplay: none;\r\n}\r\n}\r\n@media screen and (min-width: 769px) and (max-width: 992px) {\r\n.flnra69ef764a1798c {\r\ndisplay: none;\r\n}\r\n}\r\n@media screen and (min-width: 768px) and (max-width: 768px) {\r\n.flnra69ef764a1798c {\r\ndisplay: block;\r\n}\r\n}\r\n@media screen and (max-width: 767px) {\r\n.flnra69ef764a1798c {\r\ndisplay: block;\r\n}\r\n}\r\n<\/style>\r\n<div class=\"cenjn69ef764a1796b\" ><!--<a href=\"https:\/\/bit.ly\/3QdrqTZ\" target=\"_blank\">\n<img src=\"https:\/\/justicapotiguar.com.br\/wp-content\/uploads\/2023\/09\/desktop-geral.gif\"\/><a\/>--><\/div><style type=\"text\/css\">\r\n.cenjn69ef764a1796b {\r\ntext-align: center;\nmargin-bottom: 1em;\r\n}\r\n@media screen and (min-width: 1201px) {\r\n.cenjn69ef764a1796b {\r\ndisplay: block;\r\n}\r\n}\r\n@media screen and (min-width: 993px) and (max-width: 1200px) {\r\n.cenjn69ef764a1796b {\r\ndisplay: block;\r\n}\r\n}\r\n@media screen and (min-width: 769px) and (max-width: 992px) {\r\n.cenjn69ef764a1796b {\r\ndisplay: block;\r\n}\r\n}\r\n@media screen and (min-width: 768px) and (max-width: 768px) {\r\n.cenjn69ef764a1796b {\r\ndisplay: none;\r\n}\r\n}\r\n@media screen and (max-width: 767px) {\r\n.cenjn69ef764a1796b {\r\ndisplay: none;\r\n}\r\n}\r\n<\/style>\r\n\n\n\n\n<p>A Corte Especial do STJ realiza, tamb\u00e9m nesta segunda-feira, 3, \u00e0s 14h, a sess\u00e3o de abertura do segundo semestre judici\u00e1rio de 2020. A reuni\u00e3o do colegiado acontecer\u00e1 por videoconfer\u00eancia, como determinado pela resolu\u00e7\u00e3o STJ\/GP 9\/20, e poder\u00e1 ser acompanhada ao vivo no canal do STJ no YouTube.<\/p>\n\n\n\n<p>Sob a dire\u00e7\u00e3o do ministro Jo\u00e3o Ot\u00e1vio de Noronha, presidente do tribunal, a Corte Especial \u00e9 o \u00f3rg\u00e3o m\u00e1ximo de julgamento do STJ e re\u00fane os 15 ministros mais antigos.<\/p>\n\n\n\n<p>Com o in\u00edcio do semestre forense, voltam a correr, a partir desta segunda, os prazos processuais, suspensos desde 2 de julho em virtude das f\u00e9rias dos ministros \u2013 previstas nos artigos 66 da lei complementar 35\/79 e 81 do regimento interno do STJ.<br><\/p>\n\n\n\n<p>Migalhas<\/p>\n","protected":false},"excerpt":{"rendered":"<p>O Supremo Tribunal Federal retoma as sess\u00f5es plen\u00e1rias nesta segunda-feira, 3, a partir das 15h, com sess\u00e3o extraordin\u00e1ria de julgamentos convocada pelo presidente, ministro Dias Toffoli, realizada por videoconfer\u00eancia. Foram pautados a ADPF&nbsp;709, sobre os efeitos da pandemia da covid-19 nas aldeias ind\u00edgenas, e outros dois processos. A ADPF foi ajuizada pela Articula\u00e7\u00e3o dos Povos<br \/><a class=\"more-link\" href=\"https:\/\/justicapotiguar.com.br\/index.php\/2020\/08\/03\/cortes-superiores-retomam-atividades-a-partir-de-hoje\/\">Mais&#8230;<\/a><\/p>\n","protected":false},"author":5,"featured_media":7753,"comment_status":"open","ping_status":"open","sticky":false,"template":"","format":"standard","meta":[],"categories":[3],"tags":[],"_links":{"self":[{"href":"https:\/\/justicapotiguar.com.br\/index.php\/wp-json\/wp\/v2\/posts\/11968"}],"collection":[{"href":"https:\/\/justicapotiguar.com.br\/index.php\/wp-json\/wp\/v2\/posts"}],"about":[{"href":"https:\/\/justicapotiguar.com.br\/index.php\/wp-json\/wp\/v2\/types\/post"}],"author":[{"embeddable":true,"href":"https:\/\/justicapotiguar.com.br\/index.php\/wp-json\/wp\/v2\/users\/5"}],"replies":[{"embeddable":true,"href":"https:\/\/justicapotiguar.com.br\/index.php\/wp-json\/wp\/v2\/comments?post=11968"}],"version-history":[{"count":1,"href":"https:\/\/justicapotiguar.com.br\/index.php\/wp-json\/wp\/v2\/posts\/11968\/revisions"}],"predecessor-version":[{"id":11969,"href":"https:\/\/justicapotiguar.com.br\/index.php\/wp-json\/wp\/v2\/posts\/11968\/revisions\/11969"}],"wp:featuredmedia":[{"embeddable":true,"href":"https:\/\/justicapotiguar.com.br\/index.php\/wp-json\/wp\/v2\/media\/7753"}],"wp:attachment":[{"href":"https:\/\/justicapotiguar.com.br\/index.php\/wp-json\/wp\/v2\/media?parent=11968"}],"wp:term":[{"taxonomy":"category","embeddable":true,"href":"https:\/\/justicapotiguar.com.br\/index.php\/wp-json\/wp\/v2\/categories?post=11968"},{"taxonomy":"post_tag","embeddable":true,"href":"https:\/\/justicapotiguar.com.br\/index.php\/wp-json\/wp\/v2\/tags?post=11968"}],"curies":[{"name":"wp","href":"https:\/\/api.w.org\/{rel}","templated":true}]}}