{"id":11966,"date":"2020-08-03T14:00:28","date_gmt":"2020-08-03T17:00:28","guid":{"rendered":"https:\/\/justicapotiguar.com.br\/?p=11966"},"modified":"2020-08-03T11:18:35","modified_gmt":"2020-08-03T14:18:35","slug":"mes-da-advocacia-da-oab-rn-tem-serie-de-eventos-virtuais","status":"publish","type":"post","link":"https:\/\/justicapotiguar.com.br\/index.php\/2020\/08\/03\/mes-da-advocacia-da-oab-rn-tem-serie-de-eventos-virtuais\/","title":{"rendered":"M\u00eas da Advocacia da OAB\/RN tem s\u00e9rie de eventos virtuais"},"content":{"rendered":"\n<figure class=\"wp-block-image\"><img loading=\"lazy\" width=\"789\" height=\"397\" src=\"https:\/\/justicapotiguar.com.br\/wp-content\/uploads\/2019\/08\/aplicativo-advogado.png\" alt=\"\" class=\"wp-image-344\" srcset=\"https:\/\/justicapotiguar.com.br\/wp-content\/uploads\/2019\/08\/aplicativo-advogado.png 789w, https:\/\/justicapotiguar.com.br\/wp-content\/uploads\/2019\/08\/aplicativo-advogado-300x151.png 300w, https:\/\/justicapotiguar.com.br\/wp-content\/uploads\/2019\/08\/aplicativo-advogado-768x386.png 768w\" sizes=\"(max-width: 789px) 100vw, 789px\" \/><figcaption>Ilustrativa<\/figcaption><\/figure>\n\n\n\n<p>A Ordem dos Advogados do Brasil no Rio Grande do Norte celebra o M\u00eas da Advocacia com um calend\u00e1rio especial de eventos que acontecer\u00e3o do dia 3 ao dia 31 de agosto. A diretoria da OAB\/RN, em conjunto com as comiss\u00f5es tem\u00e1ticas da OAB\/RN, as Subseccionais, a Escola Superior de Advocacia e a Caixa de Assist\u00eancia dos Advogados do Rio Grande do Norte, realizar\u00e1 mais de 30 a\u00e7\u00f5es tanto em ambiente virtual, como tamb\u00e9m, de forma restrita, na sede da Seccional e pelas Subseccionais.<br><br>Em 2020, como forma de atender \u00e0s novas exig\u00eancias sanit\u00e1rias, ao mesmo tempo que mant\u00e9m um leque amplo de oportunidades de capacita\u00e7\u00e3o da advocacia, os eventos ser\u00e3o em sua maioria realizados virtualmente. Durante o m\u00eas, al\u00e9m de palestras, audi\u00eancia p\u00fablica, cursos, capacita\u00e7\u00f5es e workshops, tamb\u00e9m acontecer\u00e3o eventos de sa\u00fade, amplia\u00e7\u00e3o de benef\u00edcios para os advocacia e live solid\u00e1ria.<\/p>\n\n\n\n<p>Para pensar e estruturar a programa\u00e7\u00e3o foi criada uma comiss\u00e3o especial. \u201cApesar do momento adverso, compreedemos ser siginificativo manter a tradi\u00e7\u00e3o como forma de promover a uni\u00e3o e fortalecimento da classe. Para tanto, fizemos as adequa\u00e7\u00f5es das atividades para o ambiente virtual\u201d, conta o presidente da Comiss\u00e3o Organizadora e secret\u00e1rio-geral da OAB\/RN, Jo\u00e3o Victor Hollanda.<\/p>\n\n\n\n<p>Dando in\u00edcio \u00e0 programa\u00e7\u00e3o, no dia 3 de agosto, \u00e0s 15h, ser\u00e1 inaugurada a Central da Advocacia, espa\u00e7o especialmente criado para atender aos advogados e advogadas, que buscam os servi\u00e7os da Ordem. Outro ponto alto, da abertura do M\u00eas da Advocacia, ser\u00e1 a realiza\u00e7\u00e3o da audi\u00eancia p\u00fablica para discutir a implanta\u00e7\u00e3o do Acordo de N\u00e3o Persecu\u00e7\u00e3o Penal no \u00e2mbito dos Processos \u00c9ticos.<\/p><div class=\"glfuk69ef767d09394\" ><!--<a href=\"https:\/\/bit.ly\/3QdrqTZ\" target=\"_blank\">\n<img src=\"https:\/\/justicapotiguar.com.br\/wp-content\/uploads\/2023\/09\/mobile-geral.gif\"\/><a\/>--><\/div><style type=\"text\/css\">\r\n.glfuk69ef767d09394 {\r\ntext-align: center;\r\n}\r\n@media screen and (min-width: 1201px) {\r\n.glfuk69ef767d09394 {\r\ndisplay: none;\r\n}\r\n}\r\n@media screen and (min-width: 993px) and (max-width: 1200px) {\r\n.glfuk69ef767d09394 {\r\ndisplay: none;\r\n}\r\n}\r\n@media screen and (min-width: 769px) and (max-width: 992px) {\r\n.glfuk69ef767d09394 {\r\ndisplay: none;\r\n}\r\n}\r\n@media screen and (min-width: 768px) and (max-width: 768px) {\r\n.glfuk69ef767d09394 {\r\ndisplay: block;\r\n}\r\n}\r\n@media screen and (max-width: 767px) {\r\n.glfuk69ef767d09394 {\r\ndisplay: block;\r\n}\r\n}\r\n<\/style>\r\n<div class=\"swifz69ef767d09378\" ><!--<a href=\"https:\/\/bit.ly\/3QdrqTZ\" target=\"_blank\">\n<img src=\"https:\/\/justicapotiguar.com.br\/wp-content\/uploads\/2023\/09\/desktop-geral.gif\"\/><a\/>--><\/div><style type=\"text\/css\">\r\n.swifz69ef767d09378 {\r\ntext-align: center;\nmargin-bottom: 1em;\r\n}\r\n@media screen and (min-width: 1201px) {\r\n.swifz69ef767d09378 {\r\ndisplay: block;\r\n}\r\n}\r\n@media screen and (min-width: 993px) and (max-width: 1200px) {\r\n.swifz69ef767d09378 {\r\ndisplay: block;\r\n}\r\n}\r\n@media screen and (min-width: 769px) and (max-width: 992px) {\r\n.swifz69ef767d09378 {\r\ndisplay: block;\r\n}\r\n}\r\n@media screen and (min-width: 768px) and (max-width: 768px) {\r\n.swifz69ef767d09378 {\r\ndisplay: none;\r\n}\r\n}\r\n@media screen and (max-width: 767px) {\r\n.swifz69ef767d09378 {\r\ndisplay: none;\r\n}\r\n}\r\n<\/style>\r\n\n\n\n\n<p>Segundo o presidente da OAB\/RN, Aldo Medeiros, este ano, mais que comemorar o dia 11 de agosto, a advocacia refletir\u00e1 os novos caminhos profissionais a serem buscados. \u201cA pandemia for\u00e7ou o distanciamento f\u00edsico e o cancelamento de in\u00fameras atividades presenciais. E neste ano desafiador, n\u00e3o poder\u00edamos deixar de falar do nosso prop\u00f3sito enquanto gest\u00e3o que \u00e9 fazer a OAB\/RN estar cada vez mais perto dos advogados e advogadas potiguares, em todos o momentos e circunst\u00e2ncias. Pensando nisso, preparamos um calend\u00e1rio repleto de eventos para oferecer atividades que v\u00e3o reunir as demandas da advocacia\u201d, explicou o presidente da Seccional.<\/p>\n\n\n\n<p>Os eventos comemorativos do M\u00eas da Advocacia acontecem durante todo m\u00eas de agosto. Participe!<\/p>\n","protected":false},"excerpt":{"rendered":"<p>A Ordem dos Advogados do Brasil no Rio Grande do Norte celebra o M\u00eas da Advocacia com um calend\u00e1rio especial de eventos que acontecer\u00e3o do dia 3 ao dia 31 de agosto. A diretoria da OAB\/RN, em conjunto com as comiss\u00f5es tem\u00e1ticas da OAB\/RN, as Subseccionais, a Escola Superior de Advocacia e a Caixa de<br \/><a class=\"more-link\" href=\"https:\/\/justicapotiguar.com.br\/index.php\/2020\/08\/03\/mes-da-advocacia-da-oab-rn-tem-serie-de-eventos-virtuais\/\">Mais&#8230;<\/a><\/p>\n","protected":false},"author":5,"featured_media":344,"comment_status":"open","ping_status":"open","sticky":false,"template":"","format":"standard","meta":[],"categories":[3],"tags":[],"_links":{"self":[{"href":"https:\/\/justicapotiguar.com.br\/index.php\/wp-json\/wp\/v2\/posts\/11966"}],"collection":[{"href":"https:\/\/justicapotiguar.com.br\/index.php\/wp-json\/wp\/v2\/posts"}],"about":[{"href":"https:\/\/justicapotiguar.com.br\/index.php\/wp-json\/wp\/v2\/types\/post"}],"author":[{"embeddable":true,"href":"https:\/\/justicapotiguar.com.br\/index.php\/wp-json\/wp\/v2\/users\/5"}],"replies":[{"embeddable":true,"href":"https:\/\/justicapotiguar.com.br\/index.php\/wp-json\/wp\/v2\/comments?post=11966"}],"version-history":[{"count":1,"href":"https:\/\/justicapotiguar.com.br\/index.php\/wp-json\/wp\/v2\/posts\/11966\/revisions"}],"predecessor-version":[{"id":11967,"href":"https:\/\/justicapotiguar.com.br\/index.php\/wp-json\/wp\/v2\/posts\/11966\/revisions\/11967"}],"wp:featuredmedia":[{"embeddable":true,"href":"https:\/\/justicapotiguar.com.br\/index.php\/wp-json\/wp\/v2\/media\/344"}],"wp:attachment":[{"href":"https:\/\/justicapotiguar.com.br\/index.php\/wp-json\/wp\/v2\/media?parent=11966"}],"wp:term":[{"taxonomy":"category","embeddable":true,"href":"https:\/\/justicapotiguar.com.br\/index.php\/wp-json\/wp\/v2\/categories?post=11966"},{"taxonomy":"post_tag","embeddable":true,"href":"https:\/\/justicapotiguar.com.br\/index.php\/wp-json\/wp\/v2\/tags?post=11966"}],"curies":[{"name":"wp","href":"https:\/\/api.w.org\/{rel}","templated":true}]}}