{"id":11961,"date":"2020-08-03T11:04:36","date_gmt":"2020-08-03T14:04:36","guid":{"rendered":"https:\/\/justicapotiguar.com.br\/?p=11961"},"modified":"2020-08-03T11:04:36","modified_gmt":"2020-08-03T14:04:36","slug":"conematra-realiza-sua-primeira-assembleia-virtual-nesta-segunda-feira-3","status":"publish","type":"post","link":"https:\/\/justicapotiguar.com.br\/index.php\/2020\/08\/03\/conematra-realiza-sua-primeira-assembleia-virtual-nesta-segunda-feira-3\/","title":{"rendered":"Conematra realiza sua primeira assembleia virtual nesta segunda-feira (3)"},"content":{"rendered":"\n<figure class=\"wp-block-image\"><img loading=\"lazy\" width=\"1024\" height=\"1024\" src=\"https:\/\/justicapotiguar.com.br\/wp-content\/uploads\/2020\/08\/Conematra-realiza-sua-primeira-assembleia-virtual-na-pro\u0301xima-segunda-feira-3-1024x1024.jpeg\" alt=\"\" class=\"wp-image-11962\" srcset=\"https:\/\/justicapotiguar.com.br\/wp-content\/uploads\/2020\/08\/Conematra-realiza-sua-primeira-assembleia-virtual-na-pro\u0301xima-segunda-feira-3-1024x1024.jpeg 1024w, https:\/\/justicapotiguar.com.br\/wp-content\/uploads\/2020\/08\/Conematra-realiza-sua-primeira-assembleia-virtual-na-pro\u0301xima-segunda-feira-3-150x150.jpeg 150w, https:\/\/justicapotiguar.com.br\/wp-content\/uploads\/2020\/08\/Conematra-realiza-sua-primeira-assembleia-virtual-na-pro\u0301xima-segunda-feira-3-300x300.jpeg 300w, https:\/\/justicapotiguar.com.br\/wp-content\/uploads\/2020\/08\/Conematra-realiza-sua-primeira-assembleia-virtual-na-pro\u0301xima-segunda-feira-3-768x768.jpeg 768w, https:\/\/justicapotiguar.com.br\/wp-content\/uploads\/2020\/08\/Conematra-realiza-sua-primeira-assembleia-virtual-na-pro\u0301xima-segunda-feira-3.jpeg 1080w\" sizes=\"(max-width: 1024px) 100vw, 1024px\" \/><\/figure>\n\n\n\n<p>O Conselho Nacional das Escolas de Magistraturas do Trabalho (Conematra) tamb\u00e9m precisou adaptar-se \u00e0 nova realidade imposta pela pandemia da Covid-19. Para proteger a sa\u00fade dos seus integrantes sem abrir m\u00e3o da sua programa\u00e7\u00e3o anual, ser\u00e1 realizada, no dia 3 de agosto, das 15h \u00e0s 18h, a sua primeira assembleia virtual.<\/p>\n\n\n\n<p>Sob a presid\u00eancia do desembargador e presidente do&nbsp;Tribunal Regional do Trabalho da 21\u00aa Regi\u00e3o&nbsp;(TRT-RN), Bento Herculano Duarte Neto, o Conematra re\u00fane os diretores das Escolas Judiciais Trabalhistas de todo o Brasil.<\/p>\n\n\n\n<p>Durante a reuni\u00e3o, os diretores, coordenadores pedag\u00f3gicos e assessores das Escolas de Magistratura do Trabalho ter\u00e3o acesso \u00e0 exposi\u00e7\u00e3o virtual do tema: \u201cCultura Digital, Conhecimento e Novos Cen\u00e1rios de Forma\u00e7\u00e3o\u201d,&nbsp;pela professora Rita Maria Lino Tarcia. Ela \u00e9 doutora e mestre em Lingu\u00edstica pela Universidade de S\u00e3o Paulo (USP).<\/p><div class=\"aqlox69ef5f50d0115\" ><!--<a href=\"https:\/\/bit.ly\/3QdrqTZ\" target=\"_blank\">\n<img src=\"https:\/\/justicapotiguar.com.br\/wp-content\/uploads\/2023\/09\/mobile-geral.gif\"\/><a\/>--><\/div><style type=\"text\/css\">\r\n.aqlox69ef5f50d0115 {\r\ntext-align: center;\r\n}\r\n@media screen and (min-width: 1201px) {\r\n.aqlox69ef5f50d0115 {\r\ndisplay: none;\r\n}\r\n}\r\n@media screen and (min-width: 993px) and (max-width: 1200px) {\r\n.aqlox69ef5f50d0115 {\r\ndisplay: none;\r\n}\r\n}\r\n@media screen and (min-width: 769px) and (max-width: 992px) {\r\n.aqlox69ef5f50d0115 {\r\ndisplay: none;\r\n}\r\n}\r\n@media screen and (min-width: 768px) and (max-width: 768px) {\r\n.aqlox69ef5f50d0115 {\r\ndisplay: block;\r\n}\r\n}\r\n@media screen and (max-width: 767px) {\r\n.aqlox69ef5f50d0115 {\r\ndisplay: block;\r\n}\r\n}\r\n<\/style>\r\n<div class=\"etdrz69ef5f50d00f8\" ><!--<a href=\"https:\/\/bit.ly\/3QdrqTZ\" target=\"_blank\">\n<img src=\"https:\/\/justicapotiguar.com.br\/wp-content\/uploads\/2023\/09\/desktop-geral.gif\"\/><a\/>--><\/div><style type=\"text\/css\">\r\n.etdrz69ef5f50d00f8 {\r\ntext-align: center;\nmargin-bottom: 1em;\r\n}\r\n@media screen and (min-width: 1201px) {\r\n.etdrz69ef5f50d00f8 {\r\ndisplay: block;\r\n}\r\n}\r\n@media screen and (min-width: 993px) and (max-width: 1200px) {\r\n.etdrz69ef5f50d00f8 {\r\ndisplay: block;\r\n}\r\n}\r\n@media screen and (min-width: 769px) and (max-width: 992px) {\r\n.etdrz69ef5f50d00f8 {\r\ndisplay: block;\r\n}\r\n}\r\n@media screen and (min-width: 768px) and (max-width: 768px) {\r\n.etdrz69ef5f50d00f8 {\r\ndisplay: none;\r\n}\r\n}\r\n@media screen and (max-width: 767px) {\r\n.etdrz69ef5f50d00f8 {\r\ndisplay: none;\r\n}\r\n}\r\n<\/style>\r\n\n\n\n\n<p>Logo ap\u00f3s a exposi\u00e7\u00e3o e explana\u00e7\u00e3o da professora Rita Maria, os diretores e os coordenadores pedag\u00f3gicos participar\u00e3o de uma assembleia geral, enquanto os assessores se reunir\u00e3o em outra sala virtual para debate.<\/p>\n\n\n\n<p>A primeira reuni\u00e3o virtual do Conematra ser\u00e1 realizada&nbsp;via Google Meet&nbsp;e contar\u00e1 com o apoio da Escola Judicial da 21\u00aa Regi\u00e3o (EJud21).<\/p>\n","protected":false},"excerpt":{"rendered":"<p>O Conselho Nacional das Escolas de Magistraturas do Trabalho (Conematra) tamb\u00e9m precisou adaptar-se \u00e0 nova realidade imposta pela pandemia da Covid-19. Para proteger a sa\u00fade dos seus integrantes sem abrir m\u00e3o da sua programa\u00e7\u00e3o anual, ser\u00e1 realizada, no dia 3 de agosto, das 15h \u00e0s 18h, a sua primeira assembleia virtual. Sob a presid\u00eancia do<br \/><a class=\"more-link\" href=\"https:\/\/justicapotiguar.com.br\/index.php\/2020\/08\/03\/conematra-realiza-sua-primeira-assembleia-virtual-nesta-segunda-feira-3\/\">Mais&#8230;<\/a><\/p>\n","protected":false},"author":5,"featured_media":11962,"comment_status":"open","ping_status":"open","sticky":false,"template":"","format":"standard","meta":[],"categories":[3],"tags":[],"_links":{"self":[{"href":"https:\/\/justicapotiguar.com.br\/index.php\/wp-json\/wp\/v2\/posts\/11961"}],"collection":[{"href":"https:\/\/justicapotiguar.com.br\/index.php\/wp-json\/wp\/v2\/posts"}],"about":[{"href":"https:\/\/justicapotiguar.com.br\/index.php\/wp-json\/wp\/v2\/types\/post"}],"author":[{"embeddable":true,"href":"https:\/\/justicapotiguar.com.br\/index.php\/wp-json\/wp\/v2\/users\/5"}],"replies":[{"embeddable":true,"href":"https:\/\/justicapotiguar.com.br\/index.php\/wp-json\/wp\/v2\/comments?post=11961"}],"version-history":[{"count":1,"href":"https:\/\/justicapotiguar.com.br\/index.php\/wp-json\/wp\/v2\/posts\/11961\/revisions"}],"predecessor-version":[{"id":11963,"href":"https:\/\/justicapotiguar.com.br\/index.php\/wp-json\/wp\/v2\/posts\/11961\/revisions\/11963"}],"wp:featuredmedia":[{"embeddable":true,"href":"https:\/\/justicapotiguar.com.br\/index.php\/wp-json\/wp\/v2\/media\/11962"}],"wp:attachment":[{"href":"https:\/\/justicapotiguar.com.br\/index.php\/wp-json\/wp\/v2\/media?parent=11961"}],"wp:term":[{"taxonomy":"category","embeddable":true,"href":"https:\/\/justicapotiguar.com.br\/index.php\/wp-json\/wp\/v2\/categories?post=11961"},{"taxonomy":"post_tag","embeddable":true,"href":"https:\/\/justicapotiguar.com.br\/index.php\/wp-json\/wp\/v2\/tags?post=11961"}],"curies":[{"name":"wp","href":"https:\/\/api.w.org\/{rel}","templated":true}]}}