{"id":11954,"date":"2020-08-03T09:05:15","date_gmt":"2020-08-03T12:05:15","guid":{"rendered":"https:\/\/justicapotiguar.com.br\/?p=11954"},"modified":"2020-08-03T09:06:34","modified_gmt":"2020-08-03T12:06:34","slug":"justic-da-inicio-hoje-3-a-retomada-gradual-das-atividades-presenciais-em-cinco-comarcas-no-rn","status":"publish","type":"post","link":"https:\/\/justicapotiguar.com.br\/index.php\/2020\/08\/03\/justic-da-inicio-hoje-3-a-retomada-gradual-das-atividades-presenciais-em-cinco-comarcas-no-rn\/","title":{"rendered":"Justi\u00e7a d\u00e1 in\u00edcio hoje (3) \u00e0 retomada gradual das atividades presenciais em cinco comarcas no RN"},"content":{"rendered":"\n<p>Audi\u00eancias criminais de r\u00e9us presos, realiza\u00e7\u00e3o de sess\u00f5es do j\u00fari popular, audi\u00eancias envolvendo adolescentes internados em conflito com a lei ou relativas a crian\u00e7as e adolescentes em situa\u00e7\u00e3o de acolhimento institucional e familiar. Estes s\u00e3o o foco da primeira etapa da retomada das atividades presenciais pelo Poder Judici\u00e1rio do Rio Grande do Norte a partir desta segunda-feira (3), ainda sem atendimento presencial ao p\u00fablico. Cinco comarcas foram preparadas para a realiza\u00e7\u00e3o destes atos: Natal, Parnamirim, Maca\u00edba, Extremoz e S\u00e3o Gon\u00e7alo do Amarante. Elas integram a primeira fase da primeira etapa do Plano de Reabertura Gradual das Atividades Presenciais.<\/p>\n\n\n\n<figure class=\"wp-block-image\"><img loading=\"lazy\" width=\"750\" height=\"500\" src=\"https:\/\/justicapotiguar.com.br\/wp-content\/uploads\/2019\/08\/TJRN-6.jpg\" alt=\"\" class=\"wp-image-615\" srcset=\"https:\/\/justicapotiguar.com.br\/wp-content\/uploads\/2019\/08\/TJRN-6.jpg 750w, https:\/\/justicapotiguar.com.br\/wp-content\/uploads\/2019\/08\/TJRN-6-300x200.jpg 300w\" sizes=\"(max-width: 750px) 100vw, 750px\" \/><\/figure>\n\n\n\n<p>As a\u00e7\u00f5es da gest\u00e3o da Justi\u00e7a potiguar observam as determina\u00e7\u00f5es presentes na Resolu\u00e7\u00e3o n\u00ba 322\/2020 do Conselho Nacional de Justi\u00e7a. As medidas que envolvem o rein\u00edcio das atividades est\u00e3o sendo tomadas com cautela e seguran\u00e7a como o primeiro passo de um recome\u00e7o respons\u00e1vel para toda a comunidade judici\u00e1ria norte-rio-grandense.<\/p>\n\n\n\n<p>O Tribunal de Justi\u00e7a do RN providenciou a aquisi\u00e7\u00e3o e instala\u00e7\u00e3o de telas de acr\u00edlico, faixas e fitas para o distanciamento social e disponibiliza\u00e7\u00e3o de dispensadores de \u00e1lcool gel, term\u00f4metros infravermelhos, m\u00e1scaras de tecido, protetores faciais e material educativo sobre orienta\u00e7\u00f5es de preven\u00e7\u00e3o \u00e0 Covid-19.<\/p>\n\n\n\n<p>Todo este esfor\u00e7o do TJRN, adaptando esses espa\u00e7os com todo o material de prote\u00e7\u00e3o necess\u00e1rio, \u00e9 direcionado a garantir a biosseguran\u00e7a nas atividades a serem desempenhadas pelos profissionais envolvidos nesta \u00e1rea de atua\u00e7\u00e3o: magistrados, servidores, promotores, advogados, pessoal de apoio, al\u00e9m dos r\u00e9us. Com isso, as unidades est\u00e3o aptas a funcionar a partir de hoje.<\/p>\n\n\n\n<p>A retomada nas cinco comarcas que integram a 7\u00aa Regi\u00e3o de Sa\u00fade \u00e9 gradual e o trabalho remoto ainda ser\u00e1 priorizado. Est\u00e3o autorizados a retomar as atividades presenciais a partir de hoje &#8211; apenas para a realiza\u00e7\u00e3o dos atos citados \u2013 os Gabinetes criminais do 2\u00ba grau; Juizados Especiais e Varas com compet\u00eancia criminal; Varas com compet\u00eancia em Viol\u00eancia Dom\u00e9stica; Varas com compet\u00eancia em Inf\u00e2ncia e Juventude.<\/p><div class=\"hbdhs69ef62b7090a8\" ><!--<a href=\"https:\/\/bit.ly\/3QdrqTZ\" target=\"_blank\">\n<img src=\"https:\/\/justicapotiguar.com.br\/wp-content\/uploads\/2023\/09\/mobile-geral.gif\"\/><a\/>--><\/div><style type=\"text\/css\">\r\n.hbdhs69ef62b7090a8 {\r\ntext-align: center;\r\n}\r\n@media screen and (min-width: 1201px) {\r\n.hbdhs69ef62b7090a8 {\r\ndisplay: none;\r\n}\r\n}\r\n@media screen and (min-width: 993px) and (max-width: 1200px) {\r\n.hbdhs69ef62b7090a8 {\r\ndisplay: none;\r\n}\r\n}\r\n@media screen and (min-width: 769px) and (max-width: 992px) {\r\n.hbdhs69ef62b7090a8 {\r\ndisplay: none;\r\n}\r\n}\r\n@media screen and (min-width: 768px) and (max-width: 768px) {\r\n.hbdhs69ef62b7090a8 {\r\ndisplay: block;\r\n}\r\n}\r\n@media screen and (max-width: 767px) {\r\n.hbdhs69ef62b7090a8 {\r\ndisplay: block;\r\n}\r\n}\r\n<\/style>\r\n<div class=\"oqmmf69ef62b70908c\" ><!--<a href=\"https:\/\/bit.ly\/3QdrqTZ\" target=\"_blank\">\n<img src=\"https:\/\/justicapotiguar.com.br\/wp-content\/uploads\/2023\/09\/desktop-geral.gif\"\/><a\/>--><\/div><style type=\"text\/css\">\r\n.oqmmf69ef62b70908c {\r\ntext-align: center;\nmargin-bottom: 1em;\r\n}\r\n@media screen and (min-width: 1201px) {\r\n.oqmmf69ef62b70908c {\r\ndisplay: block;\r\n}\r\n}\r\n@media screen and (min-width: 993px) and (max-width: 1200px) {\r\n.oqmmf69ef62b70908c {\r\ndisplay: block;\r\n}\r\n}\r\n@media screen and (min-width: 769px) and (max-width: 992px) {\r\n.oqmmf69ef62b70908c {\r\ndisplay: block;\r\n}\r\n}\r\n@media screen and (min-width: 768px) and (max-width: 768px) {\r\n.oqmmf69ef62b70908c {\r\ndisplay: none;\r\n}\r\n}\r\n@media screen and (max-width: 767px) {\r\n.oqmmf69ef62b70908c {\r\ndisplay: none;\r\n}\r\n}\r\n<\/style>\r\n\n\n\n\n<p>Em Natal, as atividades ser\u00e3o retomadas apenas no F\u00f3rum Miguel Seabra Fagundes. As unidades judici\u00e1rias localizadas no Complexo Judici\u00e1rio e abrangidas pela primeira etapa do retorno presencial poder\u00e3o, excepcionalmente, realizar audi\u00eancias presenciais no FMSF ou no F\u00f3rum Varella Barca, na zona Norte da capital.<\/p>\n\n\n\n<p><strong>Acesso restrito e com protocolos<\/strong><\/p>\n\n\n\n<p>Al\u00e9m do n\u00famero reduzido de atividade, o acesso \u00e0s depend\u00eancias do Poder Judici\u00e1rio tamb\u00e9m ser\u00e1 restrito aos envolvidos nas audi\u00eancias ou sess\u00f5es do j\u00fari popular. Poder\u00e3o ingressar nos pr\u00e9dios onde funcionam as unidades autorizadas na primeira fase da primeira etapa apenas os magistrados, servidores, colaboradores, membros do Minist\u00e9rio P\u00fablico e da Defensoria P\u00fablica, advogados, testemunhas, partes, peritos e auxiliares da Justi\u00e7a.<\/p>\n\n\n\n<p>Para adentrar nos pr\u00e9dios do Poder Judici\u00e1rio, todos dever\u00e3o fazer uso de m\u00e1scara facial e se submeterem a teste de temperatura corporal. Ser\u00e1 vedado o acesso de pessoas sem m\u00e1scara, com temperatura igual ou superior a 37,5\u00baC, que recusarem a aferi\u00e7\u00e3o da temperatura corporal ou que apresentarem sintomas vis\u00edveis de doen\u00e7a respirat\u00f3ria.<\/p>\n","protected":false},"excerpt":{"rendered":"<p>Audi\u00eancias criminais de r\u00e9us presos, realiza\u00e7\u00e3o de sess\u00f5es do j\u00fari popular, audi\u00eancias envolvendo adolescentes internados em conflito com a lei ou relativas a crian\u00e7as e adolescentes em situa\u00e7\u00e3o de acolhimento institucional e familiar. Estes s\u00e3o o foco da primeira etapa da retomada das atividades presenciais pelo Poder Judici\u00e1rio do Rio Grande do Norte a partir<br \/><a class=\"more-link\" href=\"https:\/\/justicapotiguar.com.br\/index.php\/2020\/08\/03\/justic-da-inicio-hoje-3-a-retomada-gradual-das-atividades-presenciais-em-cinco-comarcas-no-rn\/\">Mais&#8230;<\/a><\/p>\n","protected":false},"author":5,"featured_media":6120,"comment_status":"open","ping_status":"open","sticky":false,"template":"","format":"standard","meta":[],"categories":[3],"tags":[],"_links":{"self":[{"href":"https:\/\/justicapotiguar.com.br\/index.php\/wp-json\/wp\/v2\/posts\/11954"}],"collection":[{"href":"https:\/\/justicapotiguar.com.br\/index.php\/wp-json\/wp\/v2\/posts"}],"about":[{"href":"https:\/\/justicapotiguar.com.br\/index.php\/wp-json\/wp\/v2\/types\/post"}],"author":[{"embeddable":true,"href":"https:\/\/justicapotiguar.com.br\/index.php\/wp-json\/wp\/v2\/users\/5"}],"replies":[{"embeddable":true,"href":"https:\/\/justicapotiguar.com.br\/index.php\/wp-json\/wp\/v2\/comments?post=11954"}],"version-history":[{"count":2,"href":"https:\/\/justicapotiguar.com.br\/index.php\/wp-json\/wp\/v2\/posts\/11954\/revisions"}],"predecessor-version":[{"id":11956,"href":"https:\/\/justicapotiguar.com.br\/index.php\/wp-json\/wp\/v2\/posts\/11954\/revisions\/11956"}],"wp:featuredmedia":[{"embeddable":true,"href":"https:\/\/justicapotiguar.com.br\/index.php\/wp-json\/wp\/v2\/media\/6120"}],"wp:attachment":[{"href":"https:\/\/justicapotiguar.com.br\/index.php\/wp-json\/wp\/v2\/media?parent=11954"}],"wp:term":[{"taxonomy":"category","embeddable":true,"href":"https:\/\/justicapotiguar.com.br\/index.php\/wp-json\/wp\/v2\/categories?post=11954"},{"taxonomy":"post_tag","embeddable":true,"href":"https:\/\/justicapotiguar.com.br\/index.php\/wp-json\/wp\/v2\/tags?post=11954"}],"curies":[{"name":"wp","href":"https:\/\/api.w.org\/{rel}","templated":true}]}}