{"id":11934,"date":"2020-08-01T12:53:57","date_gmt":"2020-08-01T15:53:57","guid":{"rendered":"https:\/\/justicapotiguar.com.br\/?p=11934"},"modified":"2020-08-01T12:53:57","modified_gmt":"2020-08-01T15:53:57","slug":"informativo-674-do-stj-de-31-de-julho-de-2020","status":"publish","type":"post","link":"https:\/\/justicapotiguar.com.br\/index.php\/2020\/08\/01\/informativo-674-do-stj-de-31-de-julho-de-2020\/","title":{"rendered":"Informativo 674 do STJ (de 31 de julho de 2020)"},"content":{"rendered":"\n<figure class=\"wp-block-image\"><img loading=\"lazy\" width=\"275\" height=\"183\" src=\"https:\/\/justicapotiguar.com.br\/wp-content\/uploads\/2019\/08\/STJ-01-1.jpg\" alt=\"\" class=\"wp-image-634\"\/><figcaption>Ilustrativa<\/figcaption><\/figure>\n\n\n\n<p><strong>Por Rodrigo Leite |<\/strong>\u00a0Telegram:<a rel=\"noreferrer noopener\" href=\"https:\/\/t.me\/pilulasjuridicasSTFSTJ\" target=\"_blank\"><strong>https:\/\/t.me\/pilulasjuridicasSTFSTJ<\/strong><\/a><strong>\u00a0<\/strong><\/p>\n\n\n\n<p><strong>1)<\/strong>&nbsp;Consideram-se prequestionados os fundamentos adotados nas raz\u00f5es de apela\u00e7\u00e3o e desprezados no julgamento do respectivo recurso, desde que, interposto recurso especial, sejam reiterados nas contrarraz\u00f5es da parte vencedora&nbsp;<strong>(EAREsp 227.767\/RS)<\/strong>&nbsp;<\/p>\n\n\n\n<p><strong>2)<\/strong>&nbsp;Na vig\u00eancia do CPC\/2015, o ju\u00edzo deprecante \u00e9 o competente para a degrava\u00e7\u00e3o de depoimento colhido por carta precat\u00f3ria&nbsp;<strong>(CC 150.252\/SP)&nbsp;<\/strong><\/p>\n\n\n\n<p><strong>3)<\/strong>&nbsp;O Tribunal de Contas do Distrito Federal tem compet\u00eancia para fiscalizar a aplica\u00e7\u00e3o de recursos federais repassados ao Distrito Federal&nbsp;<strong>(RMS 61.997\/DF)<\/strong>&nbsp;<\/p>\n\n\n\n<p><strong>4)<\/strong>&nbsp;Apesar da proibi\u00e7\u00e3o do trabalho infantil, o tempo de labor rural prestado por menor de 12 anos deve ser computado para fins previdenci\u00e1rios&nbsp;<strong>(AgInt no AREsp 956.558\/SP)<\/strong><strong>&nbsp;<\/strong><\/p>\n\n\n\n<p><strong>5)<\/strong>&nbsp;\u00c9 cab\u00edvel a coexist\u00eancia de habilita\u00e7\u00e3o de cr\u00e9dito em sede de ju\u00edzo falimentar com a execu\u00e7\u00e3o fiscal desprovida de garantia, desde que a Fazenda P\u00fablica se abstenha de requerer a constri\u00e7\u00e3o de bens em rela\u00e7\u00e3o ao executado que tamb\u00e9m figure no polo passivo da a\u00e7\u00e3o falimentar&nbsp;<strong>(RESp 1.831.186\/SP)<\/strong>&nbsp;<\/p>\n\n\n\n<p><strong>6)<\/strong>&nbsp;Os benef\u00edcios da colabora\u00e7\u00e3o premiada, previstos nas Leis ns. 8.884\/1994 e 9.807\/1999, n\u00e3o s\u00e3o aplic\u00e1veis no \u00e2mbito da a\u00e7\u00e3o de improbidade administrativa&nbsp;<strong>(REsp 1.464.287\/DF)<\/strong>&nbsp;<\/p><div class=\"chgfx69f33f107e583\" ><!--<a href=\"https:\/\/bit.ly\/3QdrqTZ\" target=\"_blank\">\n<img src=\"https:\/\/justicapotiguar.com.br\/wp-content\/uploads\/2023\/09\/mobile-geral.gif\"\/><a\/>--><\/div><style type=\"text\/css\">\r\n.chgfx69f33f107e583 {\r\ntext-align: center;\r\n}\r\n@media screen and (min-width: 1201px) {\r\n.chgfx69f33f107e583 {\r\ndisplay: none;\r\n}\r\n}\r\n@media screen and (min-width: 993px) and (max-width: 1200px) {\r\n.chgfx69f33f107e583 {\r\ndisplay: none;\r\n}\r\n}\r\n@media screen and (min-width: 769px) and (max-width: 992px) {\r\n.chgfx69f33f107e583 {\r\ndisplay: none;\r\n}\r\n}\r\n@media screen and (min-width: 768px) and (max-width: 768px) {\r\n.chgfx69f33f107e583 {\r\ndisplay: block;\r\n}\r\n}\r\n@media screen and (max-width: 767px) {\r\n.chgfx69f33f107e583 {\r\ndisplay: block;\r\n}\r\n}\r\n<\/style>\r\n<div class=\"bqvmt69f33f107e55f\" ><!--<a href=\"https:\/\/bit.ly\/3QdrqTZ\" target=\"_blank\">\n<img src=\"https:\/\/justicapotiguar.com.br\/wp-content\/uploads\/2023\/09\/desktop-geral.gif\"\/><a\/>--><\/div><style type=\"text\/css\">\r\n.bqvmt69f33f107e55f {\r\ntext-align: center;\nmargin-bottom: 1em;\r\n}\r\n@media screen and (min-width: 1201px) {\r\n.bqvmt69f33f107e55f {\r\ndisplay: block;\r\n}\r\n}\r\n@media screen and (min-width: 993px) and (max-width: 1200px) {\r\n.bqvmt69f33f107e55f {\r\ndisplay: block;\r\n}\r\n}\r\n@media screen and (min-width: 769px) and (max-width: 992px) {\r\n.bqvmt69f33f107e55f {\r\ndisplay: block;\r\n}\r\n}\r\n@media screen and (min-width: 768px) and (max-width: 768px) {\r\n.bqvmt69f33f107e55f {\r\ndisplay: none;\r\n}\r\n}\r\n@media screen and (max-width: 767px) {\r\n.bqvmt69f33f107e55f {\r\ndisplay: none;\r\n}\r\n}\r\n<\/style>\r\n\n\n\n\n<p><strong>7)<\/strong>&nbsp;As operadoras de cart\u00e3o de cr\u00e9dito em sentido estrito passam a ser reguladas e fiscalizadas pelo Conselho Monet\u00e1rio Nacional e pelo e Banco Central apenas ap\u00f3s a edi\u00e7\u00e3o da MP 615\/2013&nbsp;<strong>(REsp 1.359.624\/SP)<\/strong>&nbsp;<\/p>\n\n\n\n<p><strong>8)<\/strong>&nbsp;Aplica-se igualmente ao estado o que previsto no art. 927, par\u00e1grafo \u00fanico, do C\u00f3digo Civil, relativo \u00e0 responsabilidade civil objetiva por atividade naturalmente perigosa, irrelevante o fato de a conduta ser comissiva ou omissiva&nbsp;<strong>(REsp 1.869.046\/SP)&nbsp;<\/strong><\/p>\n\n\n\n<p><strong>9)<\/strong>&nbsp;O uso da imagem de torcedor inserido no contexto de uma torcida n\u00e3o induz a repara\u00e7\u00e3o por danos morais quando n\u00e3o configurada a proje\u00e7\u00e3o, a identifica\u00e7\u00e3o e a individualiza\u00e7\u00e3o da pessoa nela representada&nbsp;<strong>(REsp 1.772.598\/RS)<\/strong>&nbsp;<\/p>\n\n\n\n<p><strong>10)<\/strong>&nbsp;A apresenta\u00e7\u00e3o de certid\u00f5es negativas de d\u00e9bitos tribut\u00e1rios n\u00e3o constitui requisito obrigat\u00f3rio para concess\u00e3o do pedido de recupera\u00e7\u00e3o judicial&nbsp;<strong>(REsp 1.864.625\/SP)<\/strong>&nbsp;<\/p>\n\n\n\n<p><strong>11)<\/strong>&nbsp;O arrendamento residencial n\u00e3o tem natureza jur\u00eddica de compra e venda nem de promessa de compra e venda, n\u00e3o se aplicando ao arrendat\u00e1rio, que tem conceito definido na Lei n. 10.188\/2001, as disposi\u00e7\u00f5es do art. 1.333 do C\u00f3digo Civil&nbsp;<strong>(REsp 1.576.651\/SE)<\/strong>&nbsp;<\/p>\n\n\n\n<p><strong>12)<\/strong>&nbsp;A retroatividade da representa\u00e7\u00e3o no crime de estelionato n\u00e3o alcan\u00e7a aqueles processos cuja den\u00fancia j\u00e1 foi oferecida&nbsp;<strong>(HC 573.093\/SC)<\/strong>&nbsp;<br><\/p>\n","protected":false},"excerpt":{"rendered":"<p>Por Rodrigo Leite |\u00a0Telegram:https:\/\/t.me\/pilulasjuridicasSTFSTJ\u00a0 1)&nbsp;Consideram-se prequestionados os fundamentos adotados nas raz\u00f5es de apela\u00e7\u00e3o e desprezados no julgamento do respectivo recurso, desde que, interposto recurso especial, sejam reiterados nas contrarraz\u00f5es da parte vencedora&nbsp;(EAREsp 227.767\/RS)&nbsp; 2)&nbsp;Na vig\u00eancia do CPC\/2015, o ju\u00edzo deprecante \u00e9 o competente para a degrava\u00e7\u00e3o de depoimento colhido por carta precat\u00f3ria&nbsp;(CC 150.252\/SP)&nbsp; 3)&nbsp;O Tribunal<br \/><a class=\"more-link\" href=\"https:\/\/justicapotiguar.com.br\/index.php\/2020\/08\/01\/informativo-674-do-stj-de-31-de-julho-de-2020\/\">Mais&#8230;<\/a><\/p>\n","protected":false},"author":5,"featured_media":634,"comment_status":"open","ping_status":"open","sticky":false,"template":"","format":"standard","meta":[],"categories":[3],"tags":[],"_links":{"self":[{"href":"https:\/\/justicapotiguar.com.br\/index.php\/wp-json\/wp\/v2\/posts\/11934"}],"collection":[{"href":"https:\/\/justicapotiguar.com.br\/index.php\/wp-json\/wp\/v2\/posts"}],"about":[{"href":"https:\/\/justicapotiguar.com.br\/index.php\/wp-json\/wp\/v2\/types\/post"}],"author":[{"embeddable":true,"href":"https:\/\/justicapotiguar.com.br\/index.php\/wp-json\/wp\/v2\/users\/5"}],"replies":[{"embeddable":true,"href":"https:\/\/justicapotiguar.com.br\/index.php\/wp-json\/wp\/v2\/comments?post=11934"}],"version-history":[{"count":1,"href":"https:\/\/justicapotiguar.com.br\/index.php\/wp-json\/wp\/v2\/posts\/11934\/revisions"}],"predecessor-version":[{"id":11935,"href":"https:\/\/justicapotiguar.com.br\/index.php\/wp-json\/wp\/v2\/posts\/11934\/revisions\/11935"}],"wp:featuredmedia":[{"embeddable":true,"href":"https:\/\/justicapotiguar.com.br\/index.php\/wp-json\/wp\/v2\/media\/634"}],"wp:attachment":[{"href":"https:\/\/justicapotiguar.com.br\/index.php\/wp-json\/wp\/v2\/media?parent=11934"}],"wp:term":[{"taxonomy":"category","embeddable":true,"href":"https:\/\/justicapotiguar.com.br\/index.php\/wp-json\/wp\/v2\/categories?post=11934"},{"taxonomy":"post_tag","embeddable":true,"href":"https:\/\/justicapotiguar.com.br\/index.php\/wp-json\/wp\/v2\/tags?post=11934"}],"curies":[{"name":"wp","href":"https:\/\/api.w.org\/{rel}","templated":true}]}}