{"id":11928,"date":"2020-08-01T09:36:33","date_gmt":"2020-08-01T12:36:33","guid":{"rendered":"https:\/\/justicapotiguar.com.br\/?p=11928"},"modified":"2020-08-01T09:36:33","modified_gmt":"2020-08-01T12:36:33","slug":"trt-rn-bancaria-incorpora-gratificacao-recebida-por-mais-de-10-anos-antes-da-reforma-trabalhista","status":"publish","type":"post","link":"https:\/\/justicapotiguar.com.br\/index.php\/2020\/08\/01\/trt-rn-bancaria-incorpora-gratificacao-recebida-por-mais-de-10-anos-antes-da-reforma-trabalhista\/","title":{"rendered":"TRT-RN: Banc\u00e1ria incorpora gratifica\u00e7\u00e3o recebida por mais de 10 anos antes da Reforma Trabalhista"},"content":{"rendered":"\n<p>A Primeira Turma do Tribunal Regional do Trabalho da 21\u00aa Regi\u00e3o (TRT-RN) reconheceu o direito a uma empregada do Banco do Brasil a incorporar a gratifica\u00e7\u00e3o de fun\u00e7\u00e3o recebida por ela por mais de dez anos antes da Reforma Trabalhista.<\/p>\n\n\n\n<figure class=\"wp-block-image\"><img loading=\"lazy\" width=\"1024\" height=\"683\" src=\"https:\/\/justicapotiguar.com.br\/wp-content\/uploads\/2019\/10\/banco-do-brasil-1024x683.jpg\" alt=\"\" class=\"wp-image-3122\" srcset=\"https:\/\/justicapotiguar.com.br\/wp-content\/uploads\/2019\/10\/banco-do-brasil-1024x683.jpg 1024w, https:\/\/justicapotiguar.com.br\/wp-content\/uploads\/2019\/10\/banco-do-brasil-300x200.jpg 300w, https:\/\/justicapotiguar.com.br\/wp-content\/uploads\/2019\/10\/banco-do-brasil-768x512.jpg 768w, https:\/\/justicapotiguar.com.br\/wp-content\/uploads\/2019\/10\/banco-do-brasil.jpg 1140w\" sizes=\"(max-width: 1024px) 100vw, 1024px\" \/><figcaption>Reprodu\u00e7\u00e3o<\/figcaption><\/figure>\n\n\n\n<p>Apesar de a Lei 13.467 de 2017 impedir esse tipo de incorpora\u00e7\u00e3o, a banc\u00e1ria completou os dez anos de cargo de confian\u00e7a no mesmo ano em que a legisla\u00e7\u00e3o foi sancionada, ou seja: antes da vig\u00eancia da lei.<\/p>\n\n\n\n<p>De acordo com o desembargador Jos\u00e9 Barbosa Filho, relator do processo no TRT-RN, n\u00e3o haveria como aplicar a nova legisla\u00e7\u00e3o ao caso, pois \u201c a lei n\u00e3o pode retroagir para atingir fatos passados e prejudicar o direito adquirido pela trabalhadora\u201d.<\/p>\n\n\n\n<p>O desembargador destaca que a autora do processo ocupou v\u00e1rias fun\u00e7\u00f5es gratificadas, entre 2007 e 2019, o que significa que \u201co exerc\u00edcio se deu de forma ininterrupta, mediante pagamento da respectiva gratifica\u00e7\u00e3o, atendendo ao requisito temporal da S\u00famula 372 do Tribunal Superior do Trabalho (TST)\u201d.<\/p><div class=\"cdgsm69f35571a2528\" ><!--<a href=\"https:\/\/bit.ly\/3QdrqTZ\" target=\"_blank\">\n<img src=\"https:\/\/justicapotiguar.com.br\/wp-content\/uploads\/2023\/09\/mobile-geral.gif\"\/><a\/>--><\/div><style type=\"text\/css\">\r\n.cdgsm69f35571a2528 {\r\ntext-align: center;\r\n}\r\n@media screen and (min-width: 1201px) {\r\n.cdgsm69f35571a2528 {\r\ndisplay: none;\r\n}\r\n}\r\n@media screen and (min-width: 993px) and (max-width: 1200px) {\r\n.cdgsm69f35571a2528 {\r\ndisplay: none;\r\n}\r\n}\r\n@media screen and (min-width: 769px) and (max-width: 992px) {\r\n.cdgsm69f35571a2528 {\r\ndisplay: none;\r\n}\r\n}\r\n@media screen and (min-width: 768px) and (max-width: 768px) {\r\n.cdgsm69f35571a2528 {\r\ndisplay: block;\r\n}\r\n}\r\n@media screen and (max-width: 767px) {\r\n.cdgsm69f35571a2528 {\r\ndisplay: block;\r\n}\r\n}\r\n<\/style>\r\n<div class=\"ighya69f35571a2508\" ><!--<a href=\"https:\/\/bit.ly\/3QdrqTZ\" target=\"_blank\">\n<img src=\"https:\/\/justicapotiguar.com.br\/wp-content\/uploads\/2023\/09\/desktop-geral.gif\"\/><a\/>--><\/div><style type=\"text\/css\">\r\n.ighya69f35571a2508 {\r\ntext-align: center;\nmargin-bottom: 1em;\r\n}\r\n@media screen and (min-width: 1201px) {\r\n.ighya69f35571a2508 {\r\ndisplay: block;\r\n}\r\n}\r\n@media screen and (min-width: 993px) and (max-width: 1200px) {\r\n.ighya69f35571a2508 {\r\ndisplay: block;\r\n}\r\n}\r\n@media screen and (min-width: 769px) and (max-width: 992px) {\r\n.ighya69f35571a2508 {\r\ndisplay: block;\r\n}\r\n}\r\n@media screen and (min-width: 768px) and (max-width: 768px) {\r\n.ighya69f35571a2508 {\r\ndisplay: none;\r\n}\r\n}\r\n@media screen and (max-width: 767px) {\r\n.ighya69f35571a2508 {\r\ndisplay: none;\r\n}\r\n}\r\n<\/style>\r\n\n\n\n\n<p>A S\u00famula do TST, anterior \u00e0 Reforma Trabalhista, assegurava a integra\u00e7\u00e3o ao sal\u00e1rio de fun\u00e7\u00e3o exercida por mais de dez anos com base no princ\u00edpio da estabilidade financeira do empregado.<\/p>\n\n\n\n<p>No recurso ao TRT-RN, o Banco do Brasil alegou, essencialmente, que a Medida Provis\u00f3ria n\u00ba 808\/2017 determinou que a Reforma Trabalhista se aplicava tamb\u00e9m aos contratos de trabalhos vigentes na \u00e9poca da sua publica\u00e7\u00e3o.<\/p>\n\n\n\n<p>No entanto, o desembargador Jos\u00e9 Barbosa ponderou que essa Medida Provis\u00f3ria \u201cn\u00e3o foi convertida em lei e, por conseguinte, perdeu a sua efic\u00e1cia em 23 de abril de 2018\u201d.<\/p>\n\n\n\n<p>A decis\u00e3o da Segunda Turma do TRT-RN foi por unanimidade e manteve decis\u00e3o anterior da Vara do Trabalho de Currais Novos. O n\u00famero do processo \u00e9 o 0000274-33.2019.5.21.0019.<\/p>\n","protected":false},"excerpt":{"rendered":"<p>A Primeira Turma do Tribunal Regional do Trabalho da 21\u00aa Regi\u00e3o (TRT-RN) reconheceu o direito a uma empregada do Banco do Brasil a incorporar a gratifica\u00e7\u00e3o de fun\u00e7\u00e3o recebida por ela por mais de dez anos antes da Reforma Trabalhista. Apesar de a Lei 13.467 de 2017 impedir esse tipo de incorpora\u00e7\u00e3o, a banc\u00e1ria completou<br \/><a class=\"more-link\" href=\"https:\/\/justicapotiguar.com.br\/index.php\/2020\/08\/01\/trt-rn-bancaria-incorpora-gratificacao-recebida-por-mais-de-10-anos-antes-da-reforma-trabalhista\/\">Mais&#8230;<\/a><\/p>\n","protected":false},"author":5,"featured_media":3122,"comment_status":"open","ping_status":"open","sticky":false,"template":"","format":"standard","meta":[],"categories":[3],"tags":[],"_links":{"self":[{"href":"https:\/\/justicapotiguar.com.br\/index.php\/wp-json\/wp\/v2\/posts\/11928"}],"collection":[{"href":"https:\/\/justicapotiguar.com.br\/index.php\/wp-json\/wp\/v2\/posts"}],"about":[{"href":"https:\/\/justicapotiguar.com.br\/index.php\/wp-json\/wp\/v2\/types\/post"}],"author":[{"embeddable":true,"href":"https:\/\/justicapotiguar.com.br\/index.php\/wp-json\/wp\/v2\/users\/5"}],"replies":[{"embeddable":true,"href":"https:\/\/justicapotiguar.com.br\/index.php\/wp-json\/wp\/v2\/comments?post=11928"}],"version-history":[{"count":1,"href":"https:\/\/justicapotiguar.com.br\/index.php\/wp-json\/wp\/v2\/posts\/11928\/revisions"}],"predecessor-version":[{"id":11929,"href":"https:\/\/justicapotiguar.com.br\/index.php\/wp-json\/wp\/v2\/posts\/11928\/revisions\/11929"}],"wp:featuredmedia":[{"embeddable":true,"href":"https:\/\/justicapotiguar.com.br\/index.php\/wp-json\/wp\/v2\/media\/3122"}],"wp:attachment":[{"href":"https:\/\/justicapotiguar.com.br\/index.php\/wp-json\/wp\/v2\/media?parent=11928"}],"wp:term":[{"taxonomy":"category","embeddable":true,"href":"https:\/\/justicapotiguar.com.br\/index.php\/wp-json\/wp\/v2\/categories?post=11928"},{"taxonomy":"post_tag","embeddable":true,"href":"https:\/\/justicapotiguar.com.br\/index.php\/wp-json\/wp\/v2\/tags?post=11928"}],"curies":[{"name":"wp","href":"https:\/\/api.w.org\/{rel}","templated":true}]}}