{"id":11896,"date":"2020-07-31T08:32:21","date_gmt":"2020-07-31T11:32:21","guid":{"rendered":"https:\/\/justicapotiguar.com.br\/?p=11896"},"modified":"2020-07-31T08:32:21","modified_gmt":"2020-07-31T11:32:21","slug":"juiza-multa-alvaro-dias-em-r-5-mil-por-propaganda-irregular-de-acoes-da-prefeitura-e-manda-que-pare-postagens-em-perfil-pessoal","status":"publish","type":"post","link":"https:\/\/justicapotiguar.com.br\/index.php\/2020\/07\/31\/juiza-multa-alvaro-dias-em-r-5-mil-por-propaganda-irregular-de-acoes-da-prefeitura-e-manda-que-pare-postagens-em-perfil-pessoal\/","title":{"rendered":"Ju\u00edza multa \u00c1lvaro Dias  em R$ 5 mil por propaganda irregular de a\u00e7\u00f5es da Prefeitura e manda que pare postagens em perfil pessoal"},"content":{"rendered":"\n<p>A ju\u00edza eleitoral Hadja Rayanne confirmou senten\u00e7a contra o prefeito de Natal, \u00c1lvaro Dias por propaganda eleitoral antecipada em redes sociais pessoais sobre atos da Prefeitura. A magistrada acolheu pedido do MPE e determinou que:<\/p>\n\n\n\n<figure class=\"wp-block-image\"><img loading=\"lazy\" width=\"1024\" height=\"645\" src=\"https:\/\/justicapotiguar.com.br\/wp-content\/uploads\/2020\/07\/IMG-20200727-WA0026-1024x645.jpg\" alt=\"\" class=\"wp-image-11771\" srcset=\"https:\/\/justicapotiguar.com.br\/wp-content\/uploads\/2020\/07\/IMG-20200727-WA0026.jpg 1024w, https:\/\/justicapotiguar.com.br\/wp-content\/uploads\/2020\/07\/IMG-20200727-WA0026-300x189.jpg 300w, https:\/\/justicapotiguar.com.br\/wp-content\/uploads\/2020\/07\/IMG-20200727-WA0026-768x484.jpg 768w\" sizes=\"(max-width: 1024px) 100vw, 1024px\" \/><\/figure>\n\n\n\n<p>&#8220;Confirmo a liminar concedida, a fim de<br> determinar que o representado \u00c1LVARO DA COSTA DIAS cesse, imediatamente, as<br> publica\u00e7\u00f5es em Redes Sociais, de divulga\u00e7\u00e3o de a\u00e7\u00f5es de distribui\u00e7\u00e3o gratuita de bens e servi\u00e7os de car\u00e1ter sociais custeados ou subvencionados pelo Poder P\u00fablico, abstendo-se de promover-se pessoalmente com esta divulga\u00e7\u00e3o. Multa di\u00e1ria de R$ 1.000,00 (mil reais), se houver descumprimento. E por fim CONDENO o Representado ao pagamento de multa no<br> valor de R$ 5.000,00 (cinco mil reais), nos termos art. 36, caput, e \u00a7 3\u00ba da Lei n.\u00ba 9.504\/1997 c\/c art. 487, inciso I, do C\u00f3digo de Processo Civil&#8221;.<\/p>\n\n\n\n<figure class=\"wp-block-image\"><img loading=\"lazy\" width=\"875\" height=\"1024\" src=\"https:\/\/justicapotiguar.com.br\/wp-content\/uploads\/2020\/07\/IMG-20200727-WA0025-875x1024.jpg\" alt=\"\" class=\"wp-image-11769\" srcset=\"https:\/\/justicapotiguar.com.br\/wp-content\/uploads\/2020\/07\/IMG-20200727-WA0025.jpg 875w, https:\/\/justicapotiguar.com.br\/wp-content\/uploads\/2020\/07\/IMG-20200727-WA0025-256x300.jpg 256w, https:\/\/justicapotiguar.com.br\/wp-content\/uploads\/2020\/07\/IMG-20200727-WA0025-768x899.jpg 768w\" sizes=\"(max-width: 875px) 100vw, 875px\" \/><\/figure>\n\n\n\n<p>A ju\u00edza eleitoral ainda ressaltou em dia decis\u00e3o que, &#8220;mister ressaltar o componente muito importante: as postagens trazem ao fundo a foto do representado e leva a assinatura<br> \u00c1LVARO DIAS, em caixa alta. Assim, no caso vertente a propaganda se mostra irregular n\u00e3o apenas por ser antecipada, mas sim tamb\u00e9m por ter forma proscrita pela lei, j\u00e1 que resta bastante evidente que o representado busca promover-se atrav\u00e9s de a\u00e7\u00f5es de distribui\u00e7\u00e3o de bens e servi\u00e7os praticados pela Prefeitura de Natal, incidindo, a princ\u00edpio, em conduta vedada pela legisla\u00e7\u00e3o&#8221;.<\/p><div class=\"yxgte69f3806824177\" ><!--<a href=\"https:\/\/bit.ly\/3QdrqTZ\" target=\"_blank\">\n<img src=\"https:\/\/justicapotiguar.com.br\/wp-content\/uploads\/2023\/09\/mobile-geral.gif\"\/><a\/>--><\/div><style type=\"text\/css\">\r\n.yxgte69f3806824177 {\r\ntext-align: center;\r\n}\r\n@media screen and (min-width: 1201px) {\r\n.yxgte69f3806824177 {\r\ndisplay: none;\r\n}\r\n}\r\n@media screen and (min-width: 993px) and (max-width: 1200px) {\r\n.yxgte69f3806824177 {\r\ndisplay: none;\r\n}\r\n}\r\n@media screen and (min-width: 769px) and (max-width: 992px) {\r\n.yxgte69f3806824177 {\r\ndisplay: none;\r\n}\r\n}\r\n@media screen and (min-width: 768px) and (max-width: 768px) {\r\n.yxgte69f3806824177 {\r\ndisplay: block;\r\n}\r\n}\r\n@media screen and (max-width: 767px) {\r\n.yxgte69f3806824177 {\r\ndisplay: block;\r\n}\r\n}\r\n<\/style>\r\n<div class=\"exkbs69f3806824158\" ><!--<a href=\"https:\/\/bit.ly\/3QdrqTZ\" target=\"_blank\">\n<img src=\"https:\/\/justicapotiguar.com.br\/wp-content\/uploads\/2023\/09\/desktop-geral.gif\"\/><a\/>--><\/div><style type=\"text\/css\">\r\n.exkbs69f3806824158 {\r\ntext-align: center;\nmargin-bottom: 1em;\r\n}\r\n@media screen and (min-width: 1201px) {\r\n.exkbs69f3806824158 {\r\ndisplay: block;\r\n}\r\n}\r\n@media screen and (min-width: 993px) and (max-width: 1200px) {\r\n.exkbs69f3806824158 {\r\ndisplay: block;\r\n}\r\n}\r\n@media screen and (min-width: 769px) and (max-width: 992px) {\r\n.exkbs69f3806824158 {\r\ndisplay: block;\r\n}\r\n}\r\n@media screen and (min-width: 768px) and (max-width: 768px) {\r\n.exkbs69f3806824158 {\r\ndisplay: none;\r\n}\r\n}\r\n@media screen and (max-width: 767px) {\r\n.exkbs69f3806824158 {\r\ndisplay: none;\r\n}\r\n}\r\n<\/style>\r\n\n\n\n\n<p>Por fim, a magistrada ressaltou, &#8220;n\u00e3o restou d\u00favida ao ju\u00edzo que a propaganda busca vincular a pessoa do  representado (atrav\u00e9s de foto pessoal, assinatura e a alcunha \u201cVamos\u201d) \u00e0s a\u00e7\u00f5es de distribui\u00e7\u00e3o<br> de medicamentos e insumos m\u00e9dicos empreendidos pela Prefeitura. Em per\u00edodo de Pandemia, onde estes e outros bens est\u00e3o sendo distribu\u00eddos a popula\u00e7\u00e3o, a divulga\u00e7\u00e3o destes atos nas redes pessoais do representado, da forma como est\u00e1 sendo feita, pode trazer danos graves<br> a sa\u00fade e equil\u00edbrio do pleito eleitoral&#8221;.<\/p>\n\n\n\n<p>Confira decis\u00e3o:<\/p>\n\n\n\n<div class=\"wp-block-file\"><a href=\"https:\/\/justicapotiguar.com.br\/wp-content\/uploads\/2020\/07\/Sentenc\u0327a-2.pdf\">Sentenc\u0327a-2<\/a><a href=\"https:\/\/justicapotiguar.com.br\/wp-content\/uploads\/2020\/07\/Sentenc\u0327a-2.pdf\" class=\"wp-block-file__button\" download>Baixar<\/a><\/div>\n","protected":false},"excerpt":{"rendered":"<p>A ju\u00edza eleitoral Hadja Rayanne confirmou senten\u00e7a contra o prefeito de Natal, \u00c1lvaro Dias por propaganda eleitoral antecipada em redes sociais pessoais sobre atos da Prefeitura. A magistrada acolheu pedido do MPE e determinou que: &#8220;Confirmo a liminar concedida, a fim de determinar que o representado \u00c1LVARO DA COSTA DIAS cesse, imediatamente, as publica\u00e7\u00f5es em<br \/><a class=\"more-link\" href=\"https:\/\/justicapotiguar.com.br\/index.php\/2020\/07\/31\/juiza-multa-alvaro-dias-em-r-5-mil-por-propaganda-irregular-de-acoes-da-prefeitura-e-manda-que-pare-postagens-em-perfil-pessoal\/\">Mais&#8230;<\/a><\/p>\n","protected":false},"author":5,"featured_media":11771,"comment_status":"open","ping_status":"open","sticky":false,"template":"","format":"standard","meta":[],"categories":[3],"tags":[],"_links":{"self":[{"href":"https:\/\/justicapotiguar.com.br\/index.php\/wp-json\/wp\/v2\/posts\/11896"}],"collection":[{"href":"https:\/\/justicapotiguar.com.br\/index.php\/wp-json\/wp\/v2\/posts"}],"about":[{"href":"https:\/\/justicapotiguar.com.br\/index.php\/wp-json\/wp\/v2\/types\/post"}],"author":[{"embeddable":true,"href":"https:\/\/justicapotiguar.com.br\/index.php\/wp-json\/wp\/v2\/users\/5"}],"replies":[{"embeddable":true,"href":"https:\/\/justicapotiguar.com.br\/index.php\/wp-json\/wp\/v2\/comments?post=11896"}],"version-history":[{"count":1,"href":"https:\/\/justicapotiguar.com.br\/index.php\/wp-json\/wp\/v2\/posts\/11896\/revisions"}],"predecessor-version":[{"id":11898,"href":"https:\/\/justicapotiguar.com.br\/index.php\/wp-json\/wp\/v2\/posts\/11896\/revisions\/11898"}],"wp:featuredmedia":[{"embeddable":true,"href":"https:\/\/justicapotiguar.com.br\/index.php\/wp-json\/wp\/v2\/media\/11771"}],"wp:attachment":[{"href":"https:\/\/justicapotiguar.com.br\/index.php\/wp-json\/wp\/v2\/media?parent=11896"}],"wp:term":[{"taxonomy":"category","embeddable":true,"href":"https:\/\/justicapotiguar.com.br\/index.php\/wp-json\/wp\/v2\/categories?post=11896"},{"taxonomy":"post_tag","embeddable":true,"href":"https:\/\/justicapotiguar.com.br\/index.php\/wp-json\/wp\/v2\/tags?post=11896"}],"curies":[{"name":"wp","href":"https:\/\/api.w.org\/{rel}","templated":true}]}}