{"id":11889,"date":"2020-07-30T18:15:09","date_gmt":"2020-07-30T21:15:09","guid":{"rendered":"https:\/\/justicapotiguar.com.br\/?p=11889"},"modified":"2020-07-30T17:10:34","modified_gmt":"2020-07-30T20:10:34","slug":"presidencia-do-trt-rn-publica-recomendacao-sobre-atendimento-telepresencial-de-procuradores-partes-e-advogados","status":"publish","type":"post","link":"https:\/\/justicapotiguar.com.br\/index.php\/2020\/07\/30\/presidencia-do-trt-rn-publica-recomendacao-sobre-atendimento-telepresencial-de-procuradores-partes-e-advogados\/","title":{"rendered":"Presid\u00eancia do TRT-RN publica recomenda\u00e7\u00e3o sobre atendimento telepresencial de procuradores, partes e advogados"},"content":{"rendered":"\n<p>O desembargador Bento Herculano Duarte Neto, presidente e corregedor do Tribunal Regional do Trabalho da 21\u00aa Regi\u00e3o (TRT-RN), publicou uma recomenda\u00e7\u00e3o, nesta quinta-feira (30), para que os ju\u00edzes do trabalho viabilizem o atendimento telepresencial de membros do Minist\u00e9rio P\u00fablico, advogados, defensores p\u00fablicos e partes por meio de videoconfer\u00eancia.<\/p>\n\n\n\n<figure class=\"wp-block-image\"><img loading=\"lazy\" width=\"1024\" height=\"576\" src=\"https:\/\/justicapotiguar.com.br\/wp-content\/uploads\/2020\/06\/Foto-A\u00e9rea-TRT-RN-1024x576.jpeg\" alt=\"\" class=\"wp-image-10563\" srcset=\"https:\/\/justicapotiguar.com.br\/wp-content\/uploads\/2020\/06\/Foto-A\u00e9rea-TRT-RN.jpeg 1024w, https:\/\/justicapotiguar.com.br\/wp-content\/uploads\/2020\/06\/Foto-A\u00e9rea-TRT-RN-300x169.jpeg 300w, https:\/\/justicapotiguar.com.br\/wp-content\/uploads\/2020\/06\/Foto-A\u00e9rea-TRT-RN-768x432.jpeg 768w\" sizes=\"(max-width: 1024px) 100vw, 1024px\" \/><figcaption>Reprodu\u00e7\u00e3o<\/figcaption><\/figure>\n\n\n\n<p>Na recomenda\u00e7\u00e3o, o desembargador presidente e corregedor do TRT-RN considerou a necessidade de haver a amplia\u00e7\u00e3o dos canais de atendimento dos jurisdicionados e dos seus procuradores pelos magistrados do primeiro grau do Tribunal, bem como uma decis\u00e3o recente do Conselho Nacional de Justi\u00e7a (CNJ) sobre o tema.<\/p><div class=\"hcvle69f37ff24e9ef\" ><!--<a href=\"https:\/\/bit.ly\/3QdrqTZ\" target=\"_blank\">\n<img src=\"https:\/\/justicapotiguar.com.br\/wp-content\/uploads\/2023\/09\/mobile-geral.gif\"\/><a\/>--><\/div><style type=\"text\/css\">\r\n.hcvle69f37ff24e9ef {\r\ntext-align: center;\r\n}\r\n@media screen and (min-width: 1201px) {\r\n.hcvle69f37ff24e9ef {\r\ndisplay: none;\r\n}\r\n}\r\n@media screen and (min-width: 993px) and (max-width: 1200px) {\r\n.hcvle69f37ff24e9ef {\r\ndisplay: none;\r\n}\r\n}\r\n@media screen and (min-width: 769px) and (max-width: 992px) {\r\n.hcvle69f37ff24e9ef {\r\ndisplay: none;\r\n}\r\n}\r\n@media screen and (min-width: 768px) and (max-width: 768px) {\r\n.hcvle69f37ff24e9ef {\r\ndisplay: block;\r\n}\r\n}\r\n@media screen and (max-width: 767px) {\r\n.hcvle69f37ff24e9ef {\r\ndisplay: block;\r\n}\r\n}\r\n<\/style>\r\n<div class=\"vnove69f37ff24e9d2\" ><!--<a href=\"https:\/\/bit.ly\/3QdrqTZ\" target=\"_blank\">\n<img src=\"https:\/\/justicapotiguar.com.br\/wp-content\/uploads\/2023\/09\/desktop-geral.gif\"\/><a\/>--><\/div><style type=\"text\/css\">\r\n.vnove69f37ff24e9d2 {\r\ntext-align: center;\nmargin-bottom: 1em;\r\n}\r\n@media screen and (min-width: 1201px) {\r\n.vnove69f37ff24e9d2 {\r\ndisplay: block;\r\n}\r\n}\r\n@media screen and (min-width: 993px) and (max-width: 1200px) {\r\n.vnove69f37ff24e9d2 {\r\ndisplay: block;\r\n}\r\n}\r\n@media screen and (min-width: 769px) and (max-width: 992px) {\r\n.vnove69f37ff24e9d2 {\r\ndisplay: block;\r\n}\r\n}\r\n@media screen and (min-width: 768px) and (max-width: 768px) {\r\n.vnove69f37ff24e9d2 {\r\ndisplay: none;\r\n}\r\n}\r\n@media screen and (max-width: 767px) {\r\n.vnove69f37ff24e9d2 {\r\ndisplay: none;\r\n}\r\n}\r\n<\/style>\r\n\n\n\n\n<p>De acordo com a recomenda\u00e7\u00e3o, o procurador, advogado, defensor ou parte interessada no atendimento pelo magistrado deve solicitar o agendamento junto \u00e0 respectiva unidade jurisdicional, indicando a mat\u00e9ria a ser tratada na videoconfer\u00eancia e, se for o caso, o n\u00famero do processo.<\/p>\n\n\n\n<p>A recomenda\u00e7\u00e3o tamb\u00e9m prev\u00ea que o pedido deve ser encaminhado por interm\u00e9dio de endere\u00e7o de correio eletr\u00f4nico ou do WhatsApp da unidade, devendo o mesmo ser registrado nos autos, para ci\u00eancia da parte adversa e para a publicidade do atendimento. A audi\u00eancia deve acontecer, preferencialmente, pela plataforma disponibilizada pelo Tribunal.<\/p>\n","protected":false},"excerpt":{"rendered":"<p>O desembargador Bento Herculano Duarte Neto, presidente e corregedor do Tribunal Regional do Trabalho da 21\u00aa Regi\u00e3o (TRT-RN), publicou uma recomenda\u00e7\u00e3o, nesta quinta-feira (30), para que os ju\u00edzes do trabalho viabilizem o atendimento telepresencial de membros do Minist\u00e9rio P\u00fablico, advogados, defensores p\u00fablicos e partes por meio de videoconfer\u00eancia. Na recomenda\u00e7\u00e3o, o desembargador presidente e corregedor<br \/><a class=\"more-link\" href=\"https:\/\/justicapotiguar.com.br\/index.php\/2020\/07\/30\/presidencia-do-trt-rn-publica-recomendacao-sobre-atendimento-telepresencial-de-procuradores-partes-e-advogados\/\">Mais&#8230;<\/a><\/p>\n","protected":false},"author":5,"featured_media":10563,"comment_status":"open","ping_status":"open","sticky":false,"template":"","format":"standard","meta":[],"categories":[3],"tags":[],"_links":{"self":[{"href":"https:\/\/justicapotiguar.com.br\/index.php\/wp-json\/wp\/v2\/posts\/11889"}],"collection":[{"href":"https:\/\/justicapotiguar.com.br\/index.php\/wp-json\/wp\/v2\/posts"}],"about":[{"href":"https:\/\/justicapotiguar.com.br\/index.php\/wp-json\/wp\/v2\/types\/post"}],"author":[{"embeddable":true,"href":"https:\/\/justicapotiguar.com.br\/index.php\/wp-json\/wp\/v2\/users\/5"}],"replies":[{"embeddable":true,"href":"https:\/\/justicapotiguar.com.br\/index.php\/wp-json\/wp\/v2\/comments?post=11889"}],"version-history":[{"count":1,"href":"https:\/\/justicapotiguar.com.br\/index.php\/wp-json\/wp\/v2\/posts\/11889\/revisions"}],"predecessor-version":[{"id":11890,"href":"https:\/\/justicapotiguar.com.br\/index.php\/wp-json\/wp\/v2\/posts\/11889\/revisions\/11890"}],"wp:featuredmedia":[{"embeddable":true,"href":"https:\/\/justicapotiguar.com.br\/index.php\/wp-json\/wp\/v2\/media\/10563"}],"wp:attachment":[{"href":"https:\/\/justicapotiguar.com.br\/index.php\/wp-json\/wp\/v2\/media?parent=11889"}],"wp:term":[{"taxonomy":"category","embeddable":true,"href":"https:\/\/justicapotiguar.com.br\/index.php\/wp-json\/wp\/v2\/categories?post=11889"},{"taxonomy":"post_tag","embeddable":true,"href":"https:\/\/justicapotiguar.com.br\/index.php\/wp-json\/wp\/v2\/tags?post=11889"}],"curies":[{"name":"wp","href":"https:\/\/api.w.org\/{rel}","templated":true}]}}