{"id":11878,"date":"2020-07-30T12:12:56","date_gmt":"2020-07-30T15:12:56","guid":{"rendered":"https:\/\/justicapotiguar.com.br\/?p=11878"},"modified":"2020-07-31T08:54:57","modified_gmt":"2020-07-31T11:54:57","slug":"oab-rn-envia-nota-de-repudio-sobre-censura-ao-comunicador-bruno-giovanni-e-o-blog-do-bg","status":"publish","type":"post","link":"https:\/\/justicapotiguar.com.br\/index.php\/2020\/07\/30\/oab-rn-envia-nota-de-repudio-sobre-censura-ao-comunicador-bruno-giovanni-e-o-blog-do-bg\/","title":{"rendered":"OAB-RN envia nota de rep\u00fadio sobre censura ao comunicador Bruno Giovanni e o Blog do BG"},"content":{"rendered":"\n<h4><\/h4>\n\n\n\n<figure class=\"wp-block-image\"><img loading=\"lazy\" width=\"1024\" height=\"768\" src=\"https:\/\/justicapotiguar.com.br\/wp-content\/uploads\/2019\/09\/oab-1024x768.jpg\" alt=\"\" class=\"wp-image-2587\" srcset=\"https:\/\/justicapotiguar.com.br\/wp-content\/uploads\/2019\/09\/oab-1024x768.jpg 1024w, https:\/\/justicapotiguar.com.br\/wp-content\/uploads\/2019\/09\/oab-300x225.jpg 300w, https:\/\/justicapotiguar.com.br\/wp-content\/uploads\/2019\/09\/oab-768x576.jpg 768w\" sizes=\"(max-width: 1024px) 100vw, 1024px\" \/><\/figure>\n\n\n\n<p>A seccional potiguar da Ordem dos Advogados do Brasil se manifestou por meio de nota oficial sobre a determina\u00e7\u00e3o judicial para que posts fossem exclu\u00eddos do Blog do BG e do comunicador Bruno Giovanni, confira nota<\/p>\n\n\n\n<p><strong>NOTA OFICIAL<\/strong><\/p>\n\n\n\n<p>A Ordem dos Advogados do Brasil no Rio Grande do Norte vem a p\u00fablico ratificar sua incontest\u00e1vel e irrefut\u00e1vel defesa pelo Direito \u00e0 Liberdade de Imprensa, condi\u00e7\u00e3o fundamental para a manuten\u00e7\u00e3o da democracia. Isso porque, em decis\u00e3o judicial proferida, recentemente, a Justi\u00e7a Federal determinou como medida cautelar a exclus\u00e3o de postagens feitas no Blog do BG, nos perfis do blog em outras redes sociais e no perfil pessoal do comunicador Bruno Giovanni. A decis\u00e3o judicial atende, em parte, o pedido de uma queixa-crime promovida por um procurador do Minist\u00e9rio P\u00fablico Federal.<\/p>\n\n\n\n<p>Em que pese a necessidade de os fatos serem institu\u00eddos apurados com o devido processo legal, a OAB\/RN pondera como positivo o posicionamento da Justi\u00e7a em recusar o pleito formulado para censura pr\u00e9via a futuras postagens. Entretanto, lamenta a parte da decis\u00e3o judicial que determinou a exclus\u00e3o, antecipadamente, de publica\u00e7\u00f5es feitas pelo referido Blogueiro.<\/p>\n\n\n\n<p>A Seccional Potiguar entende como temer\u00e1ria a viola\u00e7\u00e3o \u00e0 liberdade de imprensa dos meios de Comunica\u00e7\u00e3o. Tem-se visto em diversas partes do mundo os ve\u00edculos e \u00f3rg\u00e3os de imprensa sob ataque. O levantamento recente feito pela Institui\u00e7\u00e3o Rep\u00f3rteres Sem Fronteiras aponta o Brasil ocupando a 107\u00aa posi\u00e7\u00e3o no ranking que re\u00fane 180 pa\u00edses e mede a liberdade de imprensa.<\/p>\n\n\n\n<p>A OAB\/RN em toda sua hist\u00f3ria sempre defendeu e continuar\u00e1 a defender o direito \u00e0 liberdade. E refor\u00e7a seu entendimento de que n\u00e3o h\u00e1 democracia plena sem a liberdade de imprensa, cuja linha divis\u00f3ria \u00e9 muito t\u00eanue e deve prevalecer sobre eventuais danos que possam ser enfrentados na via judicial pr\u00f3pria.<\/p><div class=\"qcepr69f2b0a70b2fb\" ><!--<a href=\"https:\/\/bit.ly\/3QdrqTZ\" target=\"_blank\">\n<img src=\"https:\/\/justicapotiguar.com.br\/wp-content\/uploads\/2023\/09\/mobile-geral.gif\"\/><a\/>--><\/div><style type=\"text\/css\">\r\n.qcepr69f2b0a70b2fb {\r\ntext-align: center;\r\n}\r\n@media screen and (min-width: 1201px) {\r\n.qcepr69f2b0a70b2fb {\r\ndisplay: none;\r\n}\r\n}\r\n@media screen and (min-width: 993px) and (max-width: 1200px) {\r\n.qcepr69f2b0a70b2fb {\r\ndisplay: none;\r\n}\r\n}\r\n@media screen and (min-width: 769px) and (max-width: 992px) {\r\n.qcepr69f2b0a70b2fb {\r\ndisplay: none;\r\n}\r\n}\r\n@media screen and (min-width: 768px) and (max-width: 768px) {\r\n.qcepr69f2b0a70b2fb {\r\ndisplay: block;\r\n}\r\n}\r\n@media screen and (max-width: 767px) {\r\n.qcepr69f2b0a70b2fb {\r\ndisplay: block;\r\n}\r\n}\r\n<\/style>\r\n<div class=\"bolbq69f2b0a70b2e5\" ><!--<a href=\"https:\/\/bit.ly\/3QdrqTZ\" target=\"_blank\">\n<img src=\"https:\/\/justicapotiguar.com.br\/wp-content\/uploads\/2023\/09\/desktop-geral.gif\"\/><a\/>--><\/div><style type=\"text\/css\">\r\n.bolbq69f2b0a70b2e5 {\r\ntext-align: center;\nmargin-bottom: 1em;\r\n}\r\n@media screen and (min-width: 1201px) {\r\n.bolbq69f2b0a70b2e5 {\r\ndisplay: block;\r\n}\r\n}\r\n@media screen and (min-width: 993px) and (max-width: 1200px) {\r\n.bolbq69f2b0a70b2e5 {\r\ndisplay: block;\r\n}\r\n}\r\n@media screen and (min-width: 769px) and (max-width: 992px) {\r\n.bolbq69f2b0a70b2e5 {\r\ndisplay: block;\r\n}\r\n}\r\n@media screen and (min-width: 768px) and (max-width: 768px) {\r\n.bolbq69f2b0a70b2e5 {\r\ndisplay: none;\r\n}\r\n}\r\n@media screen and (max-width: 767px) {\r\n.bolbq69f2b0a70b2e5 {\r\ndisplay: none;\r\n}\r\n}\r\n<\/style>\r\n\n\n\n\n<p>A OAB\/RN, em toda sua hist\u00f3ria de atua\u00e7\u00e3o, sempre defendeu e continuar\u00e1 a defender o direito \u00e0 liberdade. H\u00e1 de se refor\u00e7ar, com efeito, o posicionamento institucional de que n\u00e3o h\u00e1 democracia plena sem que seja assegurada a liberdade de imprensa, garantia que deve prevalecer \u2013 dentro dos limites constitucionais \u2013 ainda que o seu conte\u00fado n\u00e3o encontre uniformidade de entendimento.<\/p>\n\n\n\n<p>PRESIDENTE<br>ALDO MEDEIROS<\/p>\n\n\n\n<p>VICE-PRESIDENTE<br>ROSSANA FONSECA<\/p>\n\n\n\n<p>SECRET\u00c1RIO GERAL<br>JO\u00c3O VICTOR HOLLANDA<\/p>\n\n\n\n<p>SECRET\u00c1RIA-GERAL ADJUNTA<br>MILENA GAMA<\/p>\n\n\n\n<p>DIRETOR-TESOUREIRO<br>ALEX GURGEL<\/p>\n","protected":false},"excerpt":{"rendered":"<p>A seccional potiguar da Ordem dos Advogados do Brasil se manifestou por meio de nota oficial sobre a determina\u00e7\u00e3o judicial para que posts fossem exclu\u00eddos do Blog do BG e do comunicador Bruno Giovanni, confira nota NOTA OFICIAL A Ordem dos Advogados do Brasil no Rio Grande do Norte vem a p\u00fablico ratificar sua incontest\u00e1vel<br \/><a class=\"more-link\" href=\"https:\/\/justicapotiguar.com.br\/index.php\/2020\/07\/30\/oab-rn-envia-nota-de-repudio-sobre-censura-ao-comunicador-bruno-giovanni-e-o-blog-do-bg\/\">Mais&#8230;<\/a><\/p>\n","protected":false},"author":5,"featured_media":2587,"comment_status":"open","ping_status":"open","sticky":false,"template":"","format":"standard","meta":[],"categories":[3],"tags":[],"_links":{"self":[{"href":"https:\/\/justicapotiguar.com.br\/index.php\/wp-json\/wp\/v2\/posts\/11878"}],"collection":[{"href":"https:\/\/justicapotiguar.com.br\/index.php\/wp-json\/wp\/v2\/posts"}],"about":[{"href":"https:\/\/justicapotiguar.com.br\/index.php\/wp-json\/wp\/v2\/types\/post"}],"author":[{"embeddable":true,"href":"https:\/\/justicapotiguar.com.br\/index.php\/wp-json\/wp\/v2\/users\/5"}],"replies":[{"embeddable":true,"href":"https:\/\/justicapotiguar.com.br\/index.php\/wp-json\/wp\/v2\/comments?post=11878"}],"version-history":[{"count":1,"href":"https:\/\/justicapotiguar.com.br\/index.php\/wp-json\/wp\/v2\/posts\/11878\/revisions"}],"predecessor-version":[{"id":11879,"href":"https:\/\/justicapotiguar.com.br\/index.php\/wp-json\/wp\/v2\/posts\/11878\/revisions\/11879"}],"wp:featuredmedia":[{"embeddable":true,"href":"https:\/\/justicapotiguar.com.br\/index.php\/wp-json\/wp\/v2\/media\/2587"}],"wp:attachment":[{"href":"https:\/\/justicapotiguar.com.br\/index.php\/wp-json\/wp\/v2\/media?parent=11878"}],"wp:term":[{"taxonomy":"category","embeddable":true,"href":"https:\/\/justicapotiguar.com.br\/index.php\/wp-json\/wp\/v2\/categories?post=11878"},{"taxonomy":"post_tag","embeddable":true,"href":"https:\/\/justicapotiguar.com.br\/index.php\/wp-json\/wp\/v2\/tags?post=11878"}],"curies":[{"name":"wp","href":"https:\/\/api.w.org\/{rel}","templated":true}]}}