{"id":11876,"date":"2020-07-30T14:29:14","date_gmt":"2020-07-30T17:29:14","guid":{"rendered":"https:\/\/justicapotiguar.com.br\/?p=11876"},"modified":"2020-07-30T14:29:36","modified_gmt":"2020-07-30T17:29:36","slug":"servidor-ofende-futura-presidente-do-tcu-em-sessao-virtual-veja-video","status":"publish","type":"post","link":"https:\/\/justicapotiguar.com.br\/index.php\/2020\/07\/30\/servidor-ofende-futura-presidente-do-tcu-em-sessao-virtual-veja-video\/","title":{"rendered":"Servidor ofende futura presidente do TCU em sess\u00e3o virtual; veja v\u00eddeo"},"content":{"rendered":"\n<figure class=\"wp-block-embed-youtube wp-block-embed is-type-video is-provider-youtube wp-embed-aspect-4-3 wp-has-aspect-ratio\"><div class=\"wp-block-embed__wrapper\">\n<iframe loading=\"lazy\" title=\"Ana Arraes\" width=\"640\" height=\"480\" src=\"https:\/\/www.youtube.com\/embed\/vFEc4jQpVQc?feature=oembed\" frameborder=\"0\" allow=\"accelerometer; autoplay; encrypted-media; gyroscope; picture-in-picture\" allowfullscreen><\/iframe>\n<\/div><\/figure>\n\n\n\n<p>Durante uma sess\u00e3o virtual da Segunda C\u00e2mara do Tribunal de Contas da Uni\u00e3o (TCU), realizada nesta ter\u00e7a-feira (29\/7), um servidor atacou a futura presidente da Corte, a ministra Ana Arraes. Durante a reuni\u00e3o, a ministra entendeu que o subprocurador Lucas Rocha Furtado havia pedido vista. Ap\u00f3s a ministra conceder o pedido, o chefe de gabinete do integrante do Minist\u00e9rio P\u00fablico junto ao tribunal a criticou com xingamentos.\u00a0<br><\/p>\n\n\n\n<p>\u201cN\u00e3o pediu vistas, p***!&#8221;, reagiu o servidor, sem perceber que o microfone estava aberto para que todos os ministros participantes da sess\u00e3o. Em seguida, o servidor continuou com os constrangimentos: A mulher \u00e9 louca. Ele n\u00e3o pediu vista. Rapaz do c\u00e9u. A ministra Ana Arraes vai ser o caos na presid\u00eancia do TCU\u201d. Ana Arraes chega a se assustar com o tom usado, repetindo que o subprocurador havia pedido vista.&nbsp;&nbsp;Continua depois da publicidade<\/p>\n\n\n\n<p>O tribunal esclareceu que n\u00e3o houve equ\u00edvoco por parte da ministra Ana Arraes na condu\u00e7\u00e3o da sess\u00e3o, &#8220;pois de fato houve o pedido de vista do subprocurador Lucas Rocha Furtado&#8221;, disse o TCU, por meio de nota. A ministra Ana Arraes j\u00e1 se manifestou na sess\u00e3o e n\u00e3o vai comentar mais o ocorrido.&nbsp;<br><\/p><div class=\"fckqa69f29fcc73098\" ><!--<a href=\"https:\/\/bit.ly\/3QdrqTZ\" target=\"_blank\">\n<img src=\"https:\/\/justicapotiguar.com.br\/wp-content\/uploads\/2023\/09\/mobile-geral.gif\"\/><a\/>--><\/div><style type=\"text\/css\">\r\n.fckqa69f29fcc73098 {\r\ntext-align: center;\r\n}\r\n@media screen and (min-width: 1201px) {\r\n.fckqa69f29fcc73098 {\r\ndisplay: none;\r\n}\r\n}\r\n@media screen and (min-width: 993px) and (max-width: 1200px) {\r\n.fckqa69f29fcc73098 {\r\ndisplay: none;\r\n}\r\n}\r\n@media screen and (min-width: 769px) and (max-width: 992px) {\r\n.fckqa69f29fcc73098 {\r\ndisplay: none;\r\n}\r\n}\r\n@media screen and (min-width: 768px) and (max-width: 768px) {\r\n.fckqa69f29fcc73098 {\r\ndisplay: block;\r\n}\r\n}\r\n@media screen and (max-width: 767px) {\r\n.fckqa69f29fcc73098 {\r\ndisplay: block;\r\n}\r\n}\r\n<\/style>\r\n<div class=\"yiovo69f29fcc7307a\" ><!--<a href=\"https:\/\/bit.ly\/3QdrqTZ\" target=\"_blank\">\n<img src=\"https:\/\/justicapotiguar.com.br\/wp-content\/uploads\/2023\/09\/desktop-geral.gif\"\/><a\/>--><\/div><style type=\"text\/css\">\r\n.yiovo69f29fcc7307a {\r\ntext-align: center;\nmargin-bottom: 1em;\r\n}\r\n@media screen and (min-width: 1201px) {\r\n.yiovo69f29fcc7307a {\r\ndisplay: block;\r\n}\r\n}\r\n@media screen and (min-width: 993px) and (max-width: 1200px) {\r\n.yiovo69f29fcc7307a {\r\ndisplay: block;\r\n}\r\n}\r\n@media screen and (min-width: 769px) and (max-width: 992px) {\r\n.yiovo69f29fcc7307a {\r\ndisplay: block;\r\n}\r\n}\r\n@media screen and (min-width: 768px) and (max-width: 768px) {\r\n.yiovo69f29fcc7307a {\r\ndisplay: none;\r\n}\r\n}\r\n@media screen and (max-width: 767px) {\r\n.yiovo69f29fcc7307a {\r\ndisplay: none;\r\n}\r\n}\r\n<\/style>\r\n\n\n\n\n<h4>SAIBA MAIS<\/h4>\n\n\n\n<p>O tribunal acrescentou que ser\u00e1 instaurado processo para apura\u00e7\u00e3o dos fatos, segundo &#8220;por decis\u00e3o da Segunda C\u00e2mara. &#8220;Pelas normas regimentais, o ministro Walton Alencar, decano da Casa, conduzir\u00e1 a apura\u00e7\u00e3o e ela deve seguir os ritos processuais pr\u00f3prios da Corregedoria&#8221;, comunicou.\u00a0<\/p>\n\n\n\n<p>Correio Braziliense<\/p>\n","protected":false},"excerpt":{"rendered":"<p>Durante uma sess\u00e3o virtual da Segunda C\u00e2mara do Tribunal de Contas da Uni\u00e3o (TCU), realizada nesta ter\u00e7a-feira (29\/7), um servidor atacou a futura presidente da Corte, a ministra Ana Arraes. Durante a reuni\u00e3o, a ministra entendeu que o subprocurador Lucas Rocha Furtado havia pedido vista. Ap\u00f3s a ministra conceder o pedido, o chefe de gabinete<br \/><a class=\"more-link\" href=\"https:\/\/justicapotiguar.com.br\/index.php\/2020\/07\/30\/servidor-ofende-futura-presidente-do-tcu-em-sessao-virtual-veja-video\/\">Mais&#8230;<\/a><\/p>\n","protected":false},"author":5,"featured_media":0,"comment_status":"open","ping_status":"open","sticky":false,"template":"","format":"standard","meta":[],"categories":[3],"tags":[],"_links":{"self":[{"href":"https:\/\/justicapotiguar.com.br\/index.php\/wp-json\/wp\/v2\/posts\/11876"}],"collection":[{"href":"https:\/\/justicapotiguar.com.br\/index.php\/wp-json\/wp\/v2\/posts"}],"about":[{"href":"https:\/\/justicapotiguar.com.br\/index.php\/wp-json\/wp\/v2\/types\/post"}],"author":[{"embeddable":true,"href":"https:\/\/justicapotiguar.com.br\/index.php\/wp-json\/wp\/v2\/users\/5"}],"replies":[{"embeddable":true,"href":"https:\/\/justicapotiguar.com.br\/index.php\/wp-json\/wp\/v2\/comments?post=11876"}],"version-history":[{"count":1,"href":"https:\/\/justicapotiguar.com.br\/index.php\/wp-json\/wp\/v2\/posts\/11876\/revisions"}],"predecessor-version":[{"id":11877,"href":"https:\/\/justicapotiguar.com.br\/index.php\/wp-json\/wp\/v2\/posts\/11876\/revisions\/11877"}],"wp:attachment":[{"href":"https:\/\/justicapotiguar.com.br\/index.php\/wp-json\/wp\/v2\/media?parent=11876"}],"wp:term":[{"taxonomy":"category","embeddable":true,"href":"https:\/\/justicapotiguar.com.br\/index.php\/wp-json\/wp\/v2\/categories?post=11876"},{"taxonomy":"post_tag","embeddable":true,"href":"https:\/\/justicapotiguar.com.br\/index.php\/wp-json\/wp\/v2\/tags?post=11876"}],"curies":[{"name":"wp","href":"https:\/\/api.w.org\/{rel}","templated":true}]}}