{"id":11872,"date":"2020-07-30T12:06:42","date_gmt":"2020-07-30T15:06:42","guid":{"rendered":"https:\/\/justicapotiguar.com.br\/?p=11872"},"modified":"2020-07-30T11:07:53","modified_gmt":"2020-07-30T14:07:53","slug":"video-desembargador-nao-percebe-microfone-ligado-e-faz-comentario-ofensivo-carinha-de-filha-da-puta","status":"publish","type":"post","link":"https:\/\/justicapotiguar.com.br\/index.php\/2020\/07\/30\/video-desembargador-nao-percebe-microfone-ligado-e-faz-comentario-ofensivo-carinha-de-filha-da-puta\/","title":{"rendered":"V\u00cdDEO: Desembargador n\u00e3o percebe microfone ligado e faz coment\u00e1rio ofensivo: &#8220;carinha de filha da puta&#8221;"},"content":{"rendered":"\n<p>Situa\u00e7\u00e3o lament\u00e1vel aconteceu durante sess\u00e3o virtual de julgamento da 3\u00aa c\u00e2mara do TRT da 12\u00aa regi\u00e3o nesta quarta-feira, 29.<\/p>\n\n\n\n<p>O desembargador Jos\u00e9 Manzi parece n\u00e3o ter percebido que o microfone estava ligado e disparou: \u201cisso, faz essa carinha de filha da puta\u201d.<\/p>\n\n\n\n<p>Fato aconteceu durante manifesta\u00e7\u00e3o da relatora do processo em julgamento, a desembargadora Qu\u00e9zia Gonzalez.<\/p>\n\n\n\n<figure class=\"wp-block-embed-youtube wp-block-embed is-type-video is-provider-youtube wp-embed-aspect-16-9 wp-has-aspect-ratio\"><div class=\"wp-block-embed__wrapper\">\n<iframe loading=\"lazy\" title=\"Microfone ligado: desembargador de SC dispara ofensa durante sess\u00e3o virtual\" width=\"640\" height=\"360\" src=\"https:\/\/www.youtube.com\/embed\/O5ggzD8Shdo?feature=oembed\" frameborder=\"0\" allow=\"accelerometer; autoplay; encrypted-media; gyroscope; picture-in-picture\" allowfullscreen><\/iframe>\n<\/div><\/figure>\n\n\n\n<p><strong>Rep\u00fadio<\/strong><\/p>\n\n\n\n<p>Ante o ocorrido, a OAB\/SC publicou nota de rep\u00fadio, desaprovando a \u201cconduta inapropriada\u201d, que &#8220;viola o dever de urbanidade do magistrado&#8221;.<\/p>\n\n\n\n<p>Leia a \u00edntegra.<\/p>\n\n\n\n<p><strong>Nota de rep\u00fadio<\/strong><\/p>\n\n\n\n<p>A Ordem dos Advogados do Brasil, por meio da Seccional de Santa Catarina e de suas Comiss\u00f5es de Direito do Trabalho, de Direito Sindical, e da Subse\u00e7\u00e3o de Joinville, juntamente com o Instituto dos Advogados de Santa Catarina &#8211; IASC e a Associa\u00e7\u00e3o Catarinense dos Advogados Trabalhistas \u2013 ACAT\/SC, emitem a presente NOTA CONJUNTA DE REP\u00daDIO, por conta do ocorrido na sess\u00e3o virtual de julgamento da 3\u00aa C\u00e2mara do TRT da 12\u00aa Regi\u00e3o, do dia 29\/07\/2020, dispon\u00edvel neste link, em que o desembargador presidente da Sess\u00e3o, Jos\u00e9 Ernesto Manzi, em meio ao julgamento de recurso, proferiu palavras de baixo cal\u00e3o durante a sustenta\u00e7\u00e3o oral realizada pela advogada de uma das partes.<\/p>\n\n\n\n<p>Trata-se de conduta inapropriada, que viola o dever de urbanidade do magistrado, previsto no art. 35, IV,da LOMAN (Lei Complementar 35\/79), e o par\u00e1grafo \u00fanico do art. 6\u00ba do Estatuto da Advocacia e a Ordem dos Advogados do Brasil (Lei 8906\/94).<\/p><div class=\"zlnbh69ef86cd06ecf\" ><!--<a href=\"https:\/\/bit.ly\/3QdrqTZ\" target=\"_blank\">\n<img src=\"https:\/\/justicapotiguar.com.br\/wp-content\/uploads\/2023\/09\/mobile-geral.gif\"\/><a\/>--><\/div><style type=\"text\/css\">\r\n.zlnbh69ef86cd06ecf {\r\ntext-align: center;\r\n}\r\n@media screen and (min-width: 1201px) {\r\n.zlnbh69ef86cd06ecf {\r\ndisplay: none;\r\n}\r\n}\r\n@media screen and (min-width: 993px) and (max-width: 1200px) {\r\n.zlnbh69ef86cd06ecf {\r\ndisplay: none;\r\n}\r\n}\r\n@media screen and (min-width: 769px) and (max-width: 992px) {\r\n.zlnbh69ef86cd06ecf {\r\ndisplay: none;\r\n}\r\n}\r\n@media screen and (min-width: 768px) and (max-width: 768px) {\r\n.zlnbh69ef86cd06ecf {\r\ndisplay: block;\r\n}\r\n}\r\n@media screen and (max-width: 767px) {\r\n.zlnbh69ef86cd06ecf {\r\ndisplay: block;\r\n}\r\n}\r\n<\/style>\r\n<div class=\"frfsz69ef86cd06eba\" ><!--<a href=\"https:\/\/bit.ly\/3QdrqTZ\" target=\"_blank\">\n<img src=\"https:\/\/justicapotiguar.com.br\/wp-content\/uploads\/2023\/09\/desktop-geral.gif\"\/><a\/>--><\/div><style type=\"text\/css\">\r\n.frfsz69ef86cd06eba {\r\ntext-align: center;\nmargin-bottom: 1em;\r\n}\r\n@media screen and (min-width: 1201px) {\r\n.frfsz69ef86cd06eba {\r\ndisplay: block;\r\n}\r\n}\r\n@media screen and (min-width: 993px) and (max-width: 1200px) {\r\n.frfsz69ef86cd06eba {\r\ndisplay: block;\r\n}\r\n}\r\n@media screen and (min-width: 769px) and (max-width: 992px) {\r\n.frfsz69ef86cd06eba {\r\ndisplay: block;\r\n}\r\n}\r\n@media screen and (min-width: 768px) and (max-width: 768px) {\r\n.frfsz69ef86cd06eba {\r\ndisplay: none;\r\n}\r\n}\r\n@media screen and (max-width: 767px) {\r\n.frfsz69ef86cd06eba {\r\ndisplay: none;\r\n}\r\n}\r\n<\/style>\r\n\n\n\n\n<p>As institui\u00e7\u00f5es que em conjunto firmam a presente nota repudiam esta conduta, por atentar contra a atua\u00e7\u00e3o da advocacia e violar suas prerrogativas, expondo a classe e a magistratura ao vexame p\u00fablico.<\/p>\n\n\n\n<p>As entidades signat\u00e1rias solidarizam-se com a advogada Roberta Martins Marinho Vianna Neves e tomar\u00e3o as medidas cab\u00edveis em rela\u00e7\u00e3o ao incidente que, veiculado nas redes sociais, repercutiu negativamente perante a comunidade jur\u00eddica e toda a sociedade. A OAB\/SC j\u00e1 oficiou o magistrado para que este se pronuncie sobre o ocorrido.<\/p>\n\n\n\n<p>Rafael de Assis Horn<br>Presidente da OAB\/SC<\/p>\n\n\n\n<p>Maria de Lourdes Bello Zimath<br>Presidente da Subse\u00e7\u00e3o de Joinville<\/p>\n\n\n\n<p>Gustavo Villar Mello Guimar\u00e3es<br>Presidente da Comiss\u00e3o de Direito do Trabalho<\/p>\n\n\n\n<p>Suzan Mara Zilli<br>Presidente da Comiss\u00e3o de Direito Sindical<\/p>\n\n\n\n<p>Gilberto Lopes Teixeira<br>Presidente do IASC<\/p>\n\n\n\n<p>Fabr\u00edcio Mendes dos Santos<br>Presidente da ACAT\/SC<br><\/p>\n","protected":false},"excerpt":{"rendered":"<p>Situa\u00e7\u00e3o lament\u00e1vel aconteceu durante sess\u00e3o virtual de julgamento da 3\u00aa c\u00e2mara do TRT da 12\u00aa regi\u00e3o nesta quarta-feira, 29. O desembargador Jos\u00e9 Manzi parece n\u00e3o ter percebido que o microfone estava ligado e disparou: \u201cisso, faz essa carinha de filha da puta\u201d. Fato aconteceu durante manifesta\u00e7\u00e3o da relatora do processo em julgamento, a desembargadora Qu\u00e9zia<br \/><a class=\"more-link\" href=\"https:\/\/justicapotiguar.com.br\/index.php\/2020\/07\/30\/video-desembargador-nao-percebe-microfone-ligado-e-faz-comentario-ofensivo-carinha-de-filha-da-puta\/\">Mais&#8230;<\/a><\/p>\n","protected":false},"author":5,"featured_media":0,"comment_status":"open","ping_status":"open","sticky":false,"template":"","format":"standard","meta":[],"categories":[3],"tags":[],"_links":{"self":[{"href":"https:\/\/justicapotiguar.com.br\/index.php\/wp-json\/wp\/v2\/posts\/11872"}],"collection":[{"href":"https:\/\/justicapotiguar.com.br\/index.php\/wp-json\/wp\/v2\/posts"}],"about":[{"href":"https:\/\/justicapotiguar.com.br\/index.php\/wp-json\/wp\/v2\/types\/post"}],"author":[{"embeddable":true,"href":"https:\/\/justicapotiguar.com.br\/index.php\/wp-json\/wp\/v2\/users\/5"}],"replies":[{"embeddable":true,"href":"https:\/\/justicapotiguar.com.br\/index.php\/wp-json\/wp\/v2\/comments?post=11872"}],"version-history":[{"count":1,"href":"https:\/\/justicapotiguar.com.br\/index.php\/wp-json\/wp\/v2\/posts\/11872\/revisions"}],"predecessor-version":[{"id":11873,"href":"https:\/\/justicapotiguar.com.br\/index.php\/wp-json\/wp\/v2\/posts\/11872\/revisions\/11873"}],"wp:attachment":[{"href":"https:\/\/justicapotiguar.com.br\/index.php\/wp-json\/wp\/v2\/media?parent=11872"}],"wp:term":[{"taxonomy":"category","embeddable":true,"href":"https:\/\/justicapotiguar.com.br\/index.php\/wp-json\/wp\/v2\/categories?post=11872"},{"taxonomy":"post_tag","embeddable":true,"href":"https:\/\/justicapotiguar.com.br\/index.php\/wp-json\/wp\/v2\/tags?post=11872"}],"curies":[{"name":"wp","href":"https:\/\/api.w.org\/{rel}","templated":true}]}}