{"id":11868,"date":"2020-07-30T10:59:02","date_gmt":"2020-07-30T13:59:02","guid":{"rendered":"https:\/\/justicapotiguar.com.br\/?p=11868"},"modified":"2020-07-30T10:59:02","modified_gmt":"2020-07-30T13:59:02","slug":"advogado-entra-com-mandado-de-seguranca-para-que-governo-do-rn-entregue-documentacao-cientifica-que-fundamentou-decretos-de-isolamento-social","status":"publish","type":"post","link":"https:\/\/justicapotiguar.com.br\/index.php\/2020\/07\/30\/advogado-entra-com-mandado-de-seguranca-para-que-governo-do-rn-entregue-documentacao-cientifica-que-fundamentou-decretos-de-isolamento-social\/","title":{"rendered":"Advogado entra com mandado de seguran\u00e7a para que Governo do RN entregue documenta\u00e7\u00e3o cient\u00edfica que fundamentou decretos de isolamento social"},"content":{"rendered":"\n<figure class=\"wp-block-embed-youtube wp-block-embed is-type-video is-provider-youtube wp-embed-aspect-16-9 wp-has-aspect-ratio\"><div class=\"wp-block-embed__wrapper\">\n<iframe loading=\"lazy\" title=\"Advogado Covid-19 RN\" width=\"640\" height=\"360\" src=\"https:\/\/www.youtube.com\/embed\/INY0oSK5-F0?feature=oembed\" frameborder=\"0\" allow=\"accelerometer; autoplay; encrypted-media; gyroscope; picture-in-picture\" allowfullscreen><\/iframe>\n<\/div><\/figure>\n\n\n\n<p>O advogado Andr\u00e9 Santana ingressou na Justi\u00e7a com mandado de seguran\u00e7a para que o Governo do Estado entregue toda documenta\u00e7\u00e3o dos 24 decretos relativos \u00e0 pandemia do Covid-19, para que se demonstre quais as evid\u00eancias cient\u00edficas que motivaram as restri\u00e7\u00f5es aos direitos e liberdades dos cidad\u00e3os do estado.<\/p>\n\n\n\n<p>O advogado esteve em audi\u00eancia com o desembargador do TJRN, Corn\u00e9lio Alves, a quem caber\u00e1 analisar o caso<\/p>\n\n\n\n<p><\/p><div class=\"bxhkw69ef86c641c7d\" ><!--<a href=\"https:\/\/bit.ly\/3QdrqTZ\" target=\"_blank\">\n<img src=\"https:\/\/justicapotiguar.com.br\/wp-content\/uploads\/2023\/09\/mobile-geral.gif\"\/><a\/>--><\/div><style type=\"text\/css\">\r\n.bxhkw69ef86c641c7d {\r\ntext-align: center;\r\n}\r\n@media screen and (min-width: 1201px) {\r\n.bxhkw69ef86c641c7d {\r\ndisplay: none;\r\n}\r\n}\r\n@media screen and (min-width: 993px) and (max-width: 1200px) {\r\n.bxhkw69ef86c641c7d {\r\ndisplay: none;\r\n}\r\n}\r\n@media screen and (min-width: 769px) and (max-width: 992px) {\r\n.bxhkw69ef86c641c7d {\r\ndisplay: none;\r\n}\r\n}\r\n@media screen and (min-width: 768px) and (max-width: 768px) {\r\n.bxhkw69ef86c641c7d {\r\ndisplay: block;\r\n}\r\n}\r\n@media screen and (max-width: 767px) {\r\n.bxhkw69ef86c641c7d {\r\ndisplay: block;\r\n}\r\n}\r\n<\/style>\r\n<div class=\"wbgqh69ef86c641c6a\" ><!--<a href=\"https:\/\/bit.ly\/3QdrqTZ\" target=\"_blank\">\n<img src=\"https:\/\/justicapotiguar.com.br\/wp-content\/uploads\/2023\/09\/desktop-geral.gif\"\/><a\/>--><\/div><style type=\"text\/css\">\r\n.wbgqh69ef86c641c6a {\r\ntext-align: center;\nmargin-bottom: 1em;\r\n}\r\n@media screen and (min-width: 1201px) {\r\n.wbgqh69ef86c641c6a {\r\ndisplay: block;\r\n}\r\n}\r\n@media screen and (min-width: 993px) and (max-width: 1200px) {\r\n.wbgqh69ef86c641c6a {\r\ndisplay: block;\r\n}\r\n}\r\n@media screen and (min-width: 769px) and (max-width: 992px) {\r\n.wbgqh69ef86c641c6a {\r\ndisplay: block;\r\n}\r\n}\r\n@media screen and (min-width: 768px) and (max-width: 768px) {\r\n.wbgqh69ef86c641c6a {\r\ndisplay: none;\r\n}\r\n}\r\n@media screen and (max-width: 767px) {\r\n.wbgqh69ef86c641c6a {\r\ndisplay: none;\r\n}\r\n}\r\n<\/style>\r\n\n\n\n\n<p>Andr\u00e9 Santana destaca que \u00e9 necess\u00e1rio que a governadora F\u00e1tima Bezerra, &#8220;demonstre as informa\u00e7\u00f5es cient\u00edficas que a Lei exige para que tenha tomado todas as medidas durante a covid-19, como, por exemplo, que restringiu o acesso \u00e0s praias, a obrigatoriedade de m\u00e1scaras, a proibi\u00e7\u00e3o de participa\u00e7\u00e3o de culto religioso, de frequentar a academias e o controle nas vias p\u00fablicas dos motivos pelos quais as pessoas se encontravam fora de suas casas. A resposta foi muito receptiva e a autoridade se comprometeu em analisar cuidadosamente os pedidos, inclusive da antecipa\u00e7\u00e3o do pedido&#8221;, afirmou o advogado.<\/p>\n\n\n\n<p>O n\u00famero do processo \u00e9  0806493-30.2020.8.20.000<\/p>\n","protected":false},"excerpt":{"rendered":"<p>O advogado Andr\u00e9 Santana ingressou na Justi\u00e7a com mandado de seguran\u00e7a para que o Governo do Estado entregue toda documenta\u00e7\u00e3o dos 24 decretos relativos \u00e0 pandemia do Covid-19, para que se demonstre quais as evid\u00eancias cient\u00edficas que motivaram as restri\u00e7\u00f5es aos direitos e liberdades dos cidad\u00e3os do estado. O advogado esteve em audi\u00eancia com o<br \/><a class=\"more-link\" href=\"https:\/\/justicapotiguar.com.br\/index.php\/2020\/07\/30\/advogado-entra-com-mandado-de-seguranca-para-que-governo-do-rn-entregue-documentacao-cientifica-que-fundamentou-decretos-de-isolamento-social\/\">Mais&#8230;<\/a><\/p>\n","protected":false},"author":5,"featured_media":6732,"comment_status":"open","ping_status":"open","sticky":false,"template":"","format":"standard","meta":[],"categories":[3],"tags":[],"_links":{"self":[{"href":"https:\/\/justicapotiguar.com.br\/index.php\/wp-json\/wp\/v2\/posts\/11868"}],"collection":[{"href":"https:\/\/justicapotiguar.com.br\/index.php\/wp-json\/wp\/v2\/posts"}],"about":[{"href":"https:\/\/justicapotiguar.com.br\/index.php\/wp-json\/wp\/v2\/types\/post"}],"author":[{"embeddable":true,"href":"https:\/\/justicapotiguar.com.br\/index.php\/wp-json\/wp\/v2\/users\/5"}],"replies":[{"embeddable":true,"href":"https:\/\/justicapotiguar.com.br\/index.php\/wp-json\/wp\/v2\/comments?post=11868"}],"version-history":[{"count":1,"href":"https:\/\/justicapotiguar.com.br\/index.php\/wp-json\/wp\/v2\/posts\/11868\/revisions"}],"predecessor-version":[{"id":11869,"href":"https:\/\/justicapotiguar.com.br\/index.php\/wp-json\/wp\/v2\/posts\/11868\/revisions\/11869"}],"wp:featuredmedia":[{"embeddable":true,"href":"https:\/\/justicapotiguar.com.br\/index.php\/wp-json\/wp\/v2\/media\/6732"}],"wp:attachment":[{"href":"https:\/\/justicapotiguar.com.br\/index.php\/wp-json\/wp\/v2\/media?parent=11868"}],"wp:term":[{"taxonomy":"category","embeddable":true,"href":"https:\/\/justicapotiguar.com.br\/index.php\/wp-json\/wp\/v2\/categories?post=11868"},{"taxonomy":"post_tag","embeddable":true,"href":"https:\/\/justicapotiguar.com.br\/index.php\/wp-json\/wp\/v2\/tags?post=11868"}],"curies":[{"name":"wp","href":"https:\/\/api.w.org\/{rel}","templated":true}]}}