{"id":11841,"date":"2020-07-29T11:37:03","date_gmt":"2020-07-29T14:37:03","guid":{"rendered":"https:\/\/justicapotiguar.com.br\/?p=11841"},"modified":"2020-07-29T11:37:03","modified_gmt":"2020-07-29T14:37:03","slug":"aras-ataca-o-lavajatismo-e-diz-que-lava-jato-tem-caixas-de-segredos-com-dados-de-38-mil-pessoas","status":"publish","type":"post","link":"https:\/\/justicapotiguar.com.br\/index.php\/2020\/07\/29\/aras-ataca-o-lavajatismo-e-diz-que-lava-jato-tem-caixas-de-segredos-com-dados-de-38-mil-pessoas\/","title":{"rendered":"Aras ataca o lavajatismo e diz que Lava-Jato tem &#8220;caixas de segredos com dados de 38 mil pessoas&#8221;"},"content":{"rendered":"\n<figure class=\"wp-block-image\"><img loading=\"lazy\" width=\"1024\" height=\"492\" src=\"https:\/\/justicapotiguar.com.br\/wp-content\/uploads\/2019\/09\/aras-1024x492.jpeg\" alt=\"\" class=\"wp-image-1861\" srcset=\"https:\/\/justicapotiguar.com.br\/wp-content\/uploads\/2019\/09\/aras-1024x492.jpeg 1024w, https:\/\/justicapotiguar.com.br\/wp-content\/uploads\/2019\/09\/aras-300x144.jpeg 300w, https:\/\/justicapotiguar.com.br\/wp-content\/uploads\/2019\/09\/aras-768x369.jpeg 768w, https:\/\/justicapotiguar.com.br\/wp-content\/uploads\/2019\/09\/aras.jpeg 1250w\" sizes=\"(max-width: 1024px) 100vw, 1024px\" \/><figcaption>Reprodu\u00e7\u00e3o<\/figcaption><\/figure>\n\n\n\n<p>O procurador-geral da Rep\u00fablica, Augusto Aras, afirmou nesta ter\u00e7a-feira que a for\u00e7a-tarefa da\u00a0<a href=\"https:\/\/ultimosegundo.ig.com.br\/politica\/operacao-lava-jato\/\">Opera\u00e7\u00e3o Lava-Jato\u00a0<\/a>em Curitiba funciona como uma &#8220;caixa de segredos&#8221;. Aras disse que a for\u00e7a-tarefa tem 350 terabytes em informa\u00e7\u00f5es, contra 40 terabytes de todo o Minist\u00e9rio P\u00fablico Federal (MPF), e disse que sua gest\u00e3o quer dar &#8221;\u00a0<strong>transpar\u00eancia<\/strong>\u00a0&#8221; a esses dados.<\/p>\n\n\n\n<p>Estamos falando da transpar\u00eancia que estamos a promover. Todo o Minist\u00e9rio P\u00fablico Federal, em seu sistema \u00fanico, tem 40 terabytes. Curitiba tem 350 terabytes e 38 mil pessoas l\u00e1 com seus dados depositados. Ningu\u00e9m sabe como foram escolhidos, quais os crit\u00e9rios, e n\u00e3o se pode imaginar que uma&nbsp;<strong>unidade institucional se fa\u00e7a com segredos<\/strong>&nbsp;, com caixas de segredos. Nenhuma institui\u00e7\u00e3o&#8221;, disse Aras, em uma transmiss\u00e3o promovida pelo grupo de advogados Prerrogativas.<\/p>\n\n\n\n<p>No in\u00edcio do m\u00eas, o presidente do Supremo Tribunal Federal (STF), ministro Dias Toffoli, atendeu a um pedido de Aras e determinou que as for\u00e7as-tarefa da Lava-Jato no Paran\u00e1, no Rio de Janeiro e em S\u00e3o Paulo entreguem \u00e0 PGR todas os dados j\u00e1 obtidos nas investiga\u00e7\u00f5es.<\/p>\n\n\n\n<p>De acordo com o procurador-geral, uma &#8220;unidade&#8221; no Minist\u00e9rio P\u00fablico \u00e9 &#8220;necess\u00e1ria&#8221; para evitar que as informa\u00e7\u00f5es de investiga\u00e7\u00f5es sejam utilizadas para &#8220;chantagem&#8221; ou &#8221;&nbsp;<strong>bisbilhotice<\/strong>&nbsp;&#8220;:<\/p><div class=\"sleff69f31ea4cbb5d\" ><!--<a href=\"https:\/\/bit.ly\/3QdrqTZ\" target=\"_blank\">\n<img src=\"https:\/\/justicapotiguar.com.br\/wp-content\/uploads\/2023\/09\/mobile-geral.gif\"\/><a\/>--><\/div><style type=\"text\/css\">\r\n.sleff69f31ea4cbb5d {\r\ntext-align: center;\r\n}\r\n@media screen and (min-width: 1201px) {\r\n.sleff69f31ea4cbb5d {\r\ndisplay: none;\r\n}\r\n}\r\n@media screen and (min-width: 993px) and (max-width: 1200px) {\r\n.sleff69f31ea4cbb5d {\r\ndisplay: none;\r\n}\r\n}\r\n@media screen and (min-width: 769px) and (max-width: 992px) {\r\n.sleff69f31ea4cbb5d {\r\ndisplay: none;\r\n}\r\n}\r\n@media screen and (min-width: 768px) and (max-width: 768px) {\r\n.sleff69f31ea4cbb5d {\r\ndisplay: block;\r\n}\r\n}\r\n@media screen and (max-width: 767px) {\r\n.sleff69f31ea4cbb5d {\r\ndisplay: block;\r\n}\r\n}\r\n<\/style>\r\n<div class=\"lqicd69f31ea4cbb41\" ><!--<a href=\"https:\/\/bit.ly\/3QdrqTZ\" target=\"_blank\">\n<img src=\"https:\/\/justicapotiguar.com.br\/wp-content\/uploads\/2023\/09\/desktop-geral.gif\"\/><a\/>--><\/div><style type=\"text\/css\">\r\n.lqicd69f31ea4cbb41 {\r\ntext-align: center;\nmargin-bottom: 1em;\r\n}\r\n@media screen and (min-width: 1201px) {\r\n.lqicd69f31ea4cbb41 {\r\ndisplay: block;\r\n}\r\n}\r\n@media screen and (min-width: 993px) and (max-width: 1200px) {\r\n.lqicd69f31ea4cbb41 {\r\ndisplay: block;\r\n}\r\n}\r\n@media screen and (min-width: 769px) and (max-width: 992px) {\r\n.lqicd69f31ea4cbb41 {\r\ndisplay: block;\r\n}\r\n}\r\n@media screen and (min-width: 768px) and (max-width: 768px) {\r\n.lqicd69f31ea4cbb41 {\r\ndisplay: none;\r\n}\r\n}\r\n@media screen and (max-width: 767px) {\r\n.lqicd69f31ea4cbb41 {\r\ndisplay: none;\r\n}\r\n}\r\n<\/style>\r\n\n\n\n\n<p>&#8220;Mas que todo o Minist\u00e9rio P\u00fablico possa, de forma fundamenta, de forma devidamente instru\u00edda, justifique para o que quer saber da vida alheia, para que isso n\u00e3o sirva de bisbilhotice, isso n\u00e3o sirva de chantagem, isso n\u00e3o sirva de distor\u00e7\u00e3o, isso n\u00e3o sirva de nenhum prop\u00f3sito antirepublicano. \u00c9 por isso que n\u00f3s temos que ter um Minist\u00e9rio P\u00fablico dotado de unidade. E mais do que unidade, que essa unidade seja transparente, guardado o sigilo natural que certas investiga\u00e7\u00f5es, certos processos exigem&#8221;.<\/p>\n\n\n\n<h4>&#8216;Espetaculariza\u00e7\u00e3o&#8217; em opera\u00e7\u00f5es<\/h4>\n\n\n\n<p>Na transmiss\u00e3o, Aras afirmou que sua gest\u00e3o investiga pol\u00edticos, mas sem &#8221;&nbsp;<strong>espetaculariza\u00e7\u00e3o<\/strong>&nbsp;&#8220;. Ele citou como exemplo o seu parecer contr\u00e1rio ao cumprimento de um mandado de busca e apreens\u00e3o no gabinete da deputada federal Rejane Dias (PT-PI), realizada na segunda-feira.<\/p>\n\n\n\n<p>&#8220;A novidade \u00e9 que os colegas todos que nos escutam sabem que n\u00e3o houve espetaculariza\u00e7\u00e3o. Ainda ontem, uma deputada federal sofreu uma busca e apreens\u00e3o no seu gabinete na C\u00e2mara em que se visavam alcan\u00e7ar documentos de mais de seis anos. Eu fui contra aquela busca e apreens\u00e3o por falta de atualidade dos fatos. Dessa forma, n\u00f3s temos imprimido uma atua\u00e7\u00e3o de absoluto respeito aos direitos e garantias fundamentais.&#8221;, declarou<\/p>\n","protected":false},"excerpt":{"rendered":"<p>O procurador-geral da Rep\u00fablica, Augusto Aras, afirmou nesta ter\u00e7a-feira que a for\u00e7a-tarefa da\u00a0Opera\u00e7\u00e3o Lava-Jato\u00a0em Curitiba funciona como uma &#8220;caixa de segredos&#8221;. Aras disse que a for\u00e7a-tarefa tem 350 terabytes em informa\u00e7\u00f5es, contra 40 terabytes de todo o Minist\u00e9rio P\u00fablico Federal (MPF), e disse que sua gest\u00e3o quer dar &#8221;\u00a0transpar\u00eancia\u00a0&#8221; a esses dados. Estamos falando da<br \/><a class=\"more-link\" href=\"https:\/\/justicapotiguar.com.br\/index.php\/2020\/07\/29\/aras-ataca-o-lavajatismo-e-diz-que-lava-jato-tem-caixas-de-segredos-com-dados-de-38-mil-pessoas\/\">Mais&#8230;<\/a><\/p>\n","protected":false},"author":5,"featured_media":1861,"comment_status":"open","ping_status":"open","sticky":false,"template":"","format":"standard","meta":[],"categories":[3],"tags":[],"_links":{"self":[{"href":"https:\/\/justicapotiguar.com.br\/index.php\/wp-json\/wp\/v2\/posts\/11841"}],"collection":[{"href":"https:\/\/justicapotiguar.com.br\/index.php\/wp-json\/wp\/v2\/posts"}],"about":[{"href":"https:\/\/justicapotiguar.com.br\/index.php\/wp-json\/wp\/v2\/types\/post"}],"author":[{"embeddable":true,"href":"https:\/\/justicapotiguar.com.br\/index.php\/wp-json\/wp\/v2\/users\/5"}],"replies":[{"embeddable":true,"href":"https:\/\/justicapotiguar.com.br\/index.php\/wp-json\/wp\/v2\/comments?post=11841"}],"version-history":[{"count":1,"href":"https:\/\/justicapotiguar.com.br\/index.php\/wp-json\/wp\/v2\/posts\/11841\/revisions"}],"predecessor-version":[{"id":11842,"href":"https:\/\/justicapotiguar.com.br\/index.php\/wp-json\/wp\/v2\/posts\/11841\/revisions\/11842"}],"wp:featuredmedia":[{"embeddable":true,"href":"https:\/\/justicapotiguar.com.br\/index.php\/wp-json\/wp\/v2\/media\/1861"}],"wp:attachment":[{"href":"https:\/\/justicapotiguar.com.br\/index.php\/wp-json\/wp\/v2\/media?parent=11841"}],"wp:term":[{"taxonomy":"category","embeddable":true,"href":"https:\/\/justicapotiguar.com.br\/index.php\/wp-json\/wp\/v2\/categories?post=11841"},{"taxonomy":"post_tag","embeddable":true,"href":"https:\/\/justicapotiguar.com.br\/index.php\/wp-json\/wp\/v2\/tags?post=11841"}],"curies":[{"name":"wp","href":"https:\/\/api.w.org\/{rel}","templated":true}]}}