{"id":11832,"date":"2020-07-29T12:35:53","date_gmt":"2020-07-29T15:35:53","guid":{"rendered":"https:\/\/justicapotiguar.com.br\/?p=11832"},"modified":"2020-07-29T11:18:06","modified_gmt":"2020-07-29T14:18:06","slug":"decreto-municipal-consolida-horarios-do-comercio-e-servicos-em-natal","status":"publish","type":"post","link":"https:\/\/justicapotiguar.com.br\/index.php\/2020\/07\/29\/decreto-municipal-consolida-horarios-do-comercio-e-servicos-em-natal\/","title":{"rendered":"Decreto Municipal consolida hor\u00e1rios do com\u00e9rcio e servi\u00e7os em Natal"},"content":{"rendered":"\n<p>A Prefeitura de Natal publicou, nesta quarta-feira (29), no Di\u00e1rio Oficial do Munic\u00edpio &#8211; DOM &#8211; mais um Decreto Municipal que normatiza o processo gradual de abertura do com\u00e9rcio na capital potiguar. A publica\u00e7\u00e3o consolida o hor\u00e1rio de funcionamento dos servi\u00e7os e do com\u00e9rcio local, em raz\u00e3o da pandemia de covid-19.<\/p>\n\n\n\n<figure class=\"wp-block-image\"><img loading=\"lazy\" width=\"259\" height=\"194\" src=\"https:\/\/justicapotiguar.com.br\/wp-content\/uploads\/2020\/07\/images-11-2.jpeg\" alt=\"\" class=\"wp-image-11833\"\/><figcaption>Reprodu\u00e7\u00e3o<\/figcaption><\/figure>\n\n\n\n<p>O Decreto 12.012 levou em considera\u00e7\u00e3o a an\u00e1lise do Comit\u00ea Cient\u00edfico de Enfrentamento da Covid-19, que observou o fato de, ap\u00f3s o in\u00edcio da Fase 3 da reabertura, n\u00e3o ter havido a diminui\u00e7\u00e3o da disponibilidade de leitos de estado cr\u00edtico e de UTI na rede Municipal de Sa\u00fade, bem como ter sido verificada a diminui\u00e7\u00e3o do n\u00famero de atendimentos nas unidades de sa\u00fade de Natal.<\/p>\n\n\n\n<p>De acordo com o Decreto, os supermercados, hipermercados e atacarejos poder\u00e3o funcionar das 07h \u00e0s 22h todos os dias da semana. O com\u00e9rcio \u201cde porta para a rua\u201d poder\u00e1 funcionar das 9h \u00e0s 17h de segunda-feira a s\u00e1bado. Al\u00e9m disso, o regramento permite que as academias, clubes, associa\u00e7\u00f5es, box, studios e similares funcionem das 5h \u00e0s 22h de segunda-feira a s\u00e1bado. No entanto, permanece proibida, nestas academias, clubes e associa\u00e7\u00f5es, a pr\u00e1tica de esportes coletivos tais como jiu-jitsu, jud\u00f4, basquete, v\u00f4lei, handebol, futebol (americano, de campo e de sal\u00e3o).<\/p>\n\n\n\n<p>O Decreto tamb\u00e9m consolida que as galerias comerciais e os centros comerciais poder\u00e3o funcionar das 9h \u00e0s 17h. Os servi\u00e7os de alimenta\u00e7\u00e3o (restaurantes, pizzarias, lanchonetes, food parks, buffets, casas de recep\u00e7\u00f5es e similares) poder\u00e3o funcionar das 11h \u00e0s 23h, todos dias da semana, para as vendas de sal\u00e3o, com atendimento presencial ao consumidor e possibilidade de consuma\u00e7\u00e3o no local. Para o servi\u00e7o de entrega domiciliar e takeaway, sem consuma\u00e7\u00e3o no local, os estabelecimentos poder\u00e3o atender aos seus clientes sem qualquer limita\u00e7\u00e3o de hor\u00e1rio, mas lembrando aos consumidores e empres\u00e1rios que permanece a proibi\u00e7\u00e3o de venda e consumo de bebida alco\u00f3lica nos estabelecimentos.<\/p><div class=\"ubwen69f330dba89f7\" ><!--<a href=\"https:\/\/bit.ly\/3QdrqTZ\" target=\"_blank\">\n<img src=\"https:\/\/justicapotiguar.com.br\/wp-content\/uploads\/2023\/09\/mobile-geral.gif\"\/><a\/>--><\/div><style type=\"text\/css\">\r\n.ubwen69f330dba89f7 {\r\ntext-align: center;\r\n}\r\n@media screen and (min-width: 1201px) {\r\n.ubwen69f330dba89f7 {\r\ndisplay: none;\r\n}\r\n}\r\n@media screen and (min-width: 993px) and (max-width: 1200px) {\r\n.ubwen69f330dba89f7 {\r\ndisplay: none;\r\n}\r\n}\r\n@media screen and (min-width: 769px) and (max-width: 992px) {\r\n.ubwen69f330dba89f7 {\r\ndisplay: none;\r\n}\r\n}\r\n@media screen and (min-width: 768px) and (max-width: 768px) {\r\n.ubwen69f330dba89f7 {\r\ndisplay: block;\r\n}\r\n}\r\n@media screen and (max-width: 767px) {\r\n.ubwen69f330dba89f7 {\r\ndisplay: block;\r\n}\r\n}\r\n<\/style>\r\n<div class=\"telgv69f330dba89da\" ><!--<a href=\"https:\/\/bit.ly\/3QdrqTZ\" target=\"_blank\">\n<img src=\"https:\/\/justicapotiguar.com.br\/wp-content\/uploads\/2023\/09\/desktop-geral.gif\"\/><a\/>--><\/div><style type=\"text\/css\">\r\n.telgv69f330dba89da {\r\ntext-align: center;\nmargin-bottom: 1em;\r\n}\r\n@media screen and (min-width: 1201px) {\r\n.telgv69f330dba89da {\r\ndisplay: block;\r\n}\r\n}\r\n@media screen and (min-width: 993px) and (max-width: 1200px) {\r\n.telgv69f330dba89da {\r\ndisplay: block;\r\n}\r\n}\r\n@media screen and (min-width: 769px) and (max-width: 992px) {\r\n.telgv69f330dba89da {\r\ndisplay: block;\r\n}\r\n}\r\n@media screen and (min-width: 768px) and (max-width: 768px) {\r\n.telgv69f330dba89da {\r\ndisplay: none;\r\n}\r\n}\r\n@media screen and (max-width: 767px) {\r\n.telgv69f330dba89da {\r\ndisplay: none;\r\n}\r\n}\r\n<\/style>\r\n\n\n\n\n<p>SHOPPINGS<\/p>\n\n\n\n<p>Os shoppings centers poder\u00e3o funcionar das 12h \u00e0s 20h, todos os dias da semana. Os servi\u00e7os de alimenta\u00e7\u00e3o situados nas \u00e1reas internas dos malls e que possuam \u00e1rea privativa para acomoda\u00e7\u00e3o de seus consumidores poder\u00e3o funcionar das 12h at\u00e9 as 20h, todos os dias da semana. No entanto, permanece a proibi\u00e7\u00e3o de funcionamento dos servi\u00e7os de alimenta\u00e7\u00e3o das pra\u00e7as de alimenta\u00e7\u00e3o, os quais poder\u00e3o atender exclusivamente pelos sistemas de takeaway e delivery, sem possibilidade de consuma\u00e7\u00e3o no local. Tamb\u00e9m segue proibido o funcionamento dos espa\u00e7os infantis, cinemas e teatros.<\/p>\n\n\n\n<p>A fiscaliza\u00e7\u00e3o segue sendo realizada\u00a0\u00a0 Pela Semdes, Procon, Semurb, STTU, Semsur e SMS, que poder\u00e3o inclusive interditar o estabelecimento que descumprir as regras estabelecidas pela Administra\u00e7\u00e3o P\u00fablica Municipal.<\/p>\n","protected":false},"excerpt":{"rendered":"<p>A Prefeitura de Natal publicou, nesta quarta-feira (29), no Di\u00e1rio Oficial do Munic\u00edpio &#8211; DOM &#8211; mais um Decreto Municipal que normatiza o processo gradual de abertura do com\u00e9rcio na capital potiguar. A publica\u00e7\u00e3o consolida o hor\u00e1rio de funcionamento dos servi\u00e7os e do com\u00e9rcio local, em raz\u00e3o da pandemia de covid-19. O Decreto 12.012 levou<br \/><a class=\"more-link\" href=\"https:\/\/justicapotiguar.com.br\/index.php\/2020\/07\/29\/decreto-municipal-consolida-horarios-do-comercio-e-servicos-em-natal\/\">Mais&#8230;<\/a><\/p>\n","protected":false},"author":5,"featured_media":11833,"comment_status":"open","ping_status":"open","sticky":false,"template":"","format":"standard","meta":[],"categories":[3],"tags":[],"_links":{"self":[{"href":"https:\/\/justicapotiguar.com.br\/index.php\/wp-json\/wp\/v2\/posts\/11832"}],"collection":[{"href":"https:\/\/justicapotiguar.com.br\/index.php\/wp-json\/wp\/v2\/posts"}],"about":[{"href":"https:\/\/justicapotiguar.com.br\/index.php\/wp-json\/wp\/v2\/types\/post"}],"author":[{"embeddable":true,"href":"https:\/\/justicapotiguar.com.br\/index.php\/wp-json\/wp\/v2\/users\/5"}],"replies":[{"embeddable":true,"href":"https:\/\/justicapotiguar.com.br\/index.php\/wp-json\/wp\/v2\/comments?post=11832"}],"version-history":[{"count":1,"href":"https:\/\/justicapotiguar.com.br\/index.php\/wp-json\/wp\/v2\/posts\/11832\/revisions"}],"predecessor-version":[{"id":11834,"href":"https:\/\/justicapotiguar.com.br\/index.php\/wp-json\/wp\/v2\/posts\/11832\/revisions\/11834"}],"wp:featuredmedia":[{"embeddable":true,"href":"https:\/\/justicapotiguar.com.br\/index.php\/wp-json\/wp\/v2\/media\/11833"}],"wp:attachment":[{"href":"https:\/\/justicapotiguar.com.br\/index.php\/wp-json\/wp\/v2\/media?parent=11832"}],"wp:term":[{"taxonomy":"category","embeddable":true,"href":"https:\/\/justicapotiguar.com.br\/index.php\/wp-json\/wp\/v2\/categories?post=11832"},{"taxonomy":"post_tag","embeddable":true,"href":"https:\/\/justicapotiguar.com.br\/index.php\/wp-json\/wp\/v2\/tags?post=11832"}],"curies":[{"name":"wp","href":"https:\/\/api.w.org\/{rel}","templated":true}]}}