{"id":11817,"date":"2020-07-28T18:46:03","date_gmt":"2020-07-28T21:46:03","guid":{"rendered":"https:\/\/justicapotiguar.com.br\/?p=11817"},"modified":"2020-07-28T18:46:03","modified_gmt":"2020-07-28T21:46:03","slug":"oab-rn-lanca-pesquisa-de-satisfacao-a-advocacia","status":"publish","type":"post","link":"https:\/\/justicapotiguar.com.br\/index.php\/2020\/07\/28\/oab-rn-lanca-pesquisa-de-satisfacao-a-advocacia\/","title":{"rendered":"OAB\/RN lan\u00e7a pesquisa de satisfa\u00e7\u00e3o \u00e0 advocacia"},"content":{"rendered":"\n<figure class=\"wp-block-image\"><img loading=\"lazy\" width=\"1024\" height=\"1024\" src=\"https:\/\/justicapotiguar.com.br\/wp-content\/uploads\/2020\/07\/IMG-20200728-WA0035-1024x1024.jpg\" alt=\"\" class=\"wp-image-11818\" srcset=\"https:\/\/justicapotiguar.com.br\/wp-content\/uploads\/2020\/07\/IMG-20200728-WA0035-1024x1024.jpg 1024w, https:\/\/justicapotiguar.com.br\/wp-content\/uploads\/2020\/07\/IMG-20200728-WA0035-150x150.jpg 150w, https:\/\/justicapotiguar.com.br\/wp-content\/uploads\/2020\/07\/IMG-20200728-WA0035-300x300.jpg 300w, https:\/\/justicapotiguar.com.br\/wp-content\/uploads\/2020\/07\/IMG-20200728-WA0035-768x768.jpg 768w, https:\/\/justicapotiguar.com.br\/wp-content\/uploads\/2020\/07\/IMG-20200728-WA0035.jpg 1080w\" sizes=\"(max-width: 1024px) 100vw, 1024px\" \/><\/figure>\n\n\n\n<p>A Ordem dos Advogados do Brasil no Rio Grande do Norte lan\u00e7ou, na \u00faltima segunda-feira (20), a Pesquisa de Satisfa\u00e7\u00e3o da OAB\/RN. O objetivo da iniciativa \u00e9 aproximar, cada vez mais, a OAB\/RN dos advogados e advogadas potiguares, conhecendo suas prefer\u00eancias e necessidades no \u00e2mbito da advocacia. <\/p>\n\n\n\n<p>A pesquisa, composta por 15 perguntas, pode ser respondida via formul\u00e1rio online disponibilizado no site e nas redes sociais da Seccional Potiguar. <\/p><div class=\"drwxy69f2e0988eda7\" ><!--<a href=\"https:\/\/bit.ly\/3QdrqTZ\" target=\"_blank\">\n<img src=\"https:\/\/justicapotiguar.com.br\/wp-content\/uploads\/2023\/09\/mobile-geral.gif\"\/><a\/>--><\/div><style type=\"text\/css\">\r\n.drwxy69f2e0988eda7 {\r\ntext-align: center;\r\n}\r\n@media screen and (min-width: 1201px) {\r\n.drwxy69f2e0988eda7 {\r\ndisplay: none;\r\n}\r\n}\r\n@media screen and (min-width: 993px) and (max-width: 1200px) {\r\n.drwxy69f2e0988eda7 {\r\ndisplay: none;\r\n}\r\n}\r\n@media screen and (min-width: 769px) and (max-width: 992px) {\r\n.drwxy69f2e0988eda7 {\r\ndisplay: none;\r\n}\r\n}\r\n@media screen and (min-width: 768px) and (max-width: 768px) {\r\n.drwxy69f2e0988eda7 {\r\ndisplay: block;\r\n}\r\n}\r\n@media screen and (max-width: 767px) {\r\n.drwxy69f2e0988eda7 {\r\ndisplay: block;\r\n}\r\n}\r\n<\/style>\r\n<div class=\"tkqwo69f2e0988ed8a\" ><!--<a href=\"https:\/\/bit.ly\/3QdrqTZ\" target=\"_blank\">\n<img src=\"https:\/\/justicapotiguar.com.br\/wp-content\/uploads\/2023\/09\/desktop-geral.gif\"\/><a\/>--><\/div><style type=\"text\/css\">\r\n.tkqwo69f2e0988ed8a {\r\ntext-align: center;\nmargin-bottom: 1em;\r\n}\r\n@media screen and (min-width: 1201px) {\r\n.tkqwo69f2e0988ed8a {\r\ndisplay: block;\r\n}\r\n}\r\n@media screen and (min-width: 993px) and (max-width: 1200px) {\r\n.tkqwo69f2e0988ed8a {\r\ndisplay: block;\r\n}\r\n}\r\n@media screen and (min-width: 769px) and (max-width: 992px) {\r\n.tkqwo69f2e0988ed8a {\r\ndisplay: block;\r\n}\r\n}\r\n@media screen and (min-width: 768px) and (max-width: 768px) {\r\n.tkqwo69f2e0988ed8a {\r\ndisplay: none;\r\n}\r\n}\r\n@media screen and (max-width: 767px) {\r\n.tkqwo69f2e0988ed8a {\r\ndisplay: none;\r\n}\r\n}\r\n<\/style>\r\n\n\n\n\n<p>Com base nos dados da pesquisa, destaca o presidente da OAB\/RN, Aldo Medeiros, a diretoria poder\u00e1 avaliar e orientar poss\u00edveis tomadas de decis\u00e3o. &#8220;Considero de fundamental import\u00e2ncia ouvir a opini\u00e3o da advocacia sobre a qualidade dos servi\u00e7os que prestamos, acompanhar e analisar os pontos  cr\u00edticos, as principais demandas, bem como onde podemos aprimorar o nosso trabalho\u201d,  afirmou.<\/p>\n\n\n\n<p>Para participar, acesse o formul\u00e1rio e responda o question\u00e1rio: https:\/\/forms.gle\/ZZS3xG9xvKRpWp8M7<\/p>\n","protected":false},"excerpt":{"rendered":"<p>A Ordem dos Advogados do Brasil no Rio Grande do Norte lan\u00e7ou, na \u00faltima segunda-feira (20), a Pesquisa de Satisfa\u00e7\u00e3o da OAB\/RN. O objetivo da iniciativa \u00e9 aproximar, cada vez mais, a OAB\/RN dos advogados e advogadas potiguares, conhecendo suas prefer\u00eancias e necessidades no \u00e2mbito da advocacia. A pesquisa, composta por 15 perguntas, pode ser<br \/><a class=\"more-link\" href=\"https:\/\/justicapotiguar.com.br\/index.php\/2020\/07\/28\/oab-rn-lanca-pesquisa-de-satisfacao-a-advocacia\/\">Mais&#8230;<\/a><\/p>\n","protected":false},"author":5,"featured_media":11818,"comment_status":"open","ping_status":"open","sticky":false,"template":"","format":"standard","meta":[],"categories":[3],"tags":[],"_links":{"self":[{"href":"https:\/\/justicapotiguar.com.br\/index.php\/wp-json\/wp\/v2\/posts\/11817"}],"collection":[{"href":"https:\/\/justicapotiguar.com.br\/index.php\/wp-json\/wp\/v2\/posts"}],"about":[{"href":"https:\/\/justicapotiguar.com.br\/index.php\/wp-json\/wp\/v2\/types\/post"}],"author":[{"embeddable":true,"href":"https:\/\/justicapotiguar.com.br\/index.php\/wp-json\/wp\/v2\/users\/5"}],"replies":[{"embeddable":true,"href":"https:\/\/justicapotiguar.com.br\/index.php\/wp-json\/wp\/v2\/comments?post=11817"}],"version-history":[{"count":1,"href":"https:\/\/justicapotiguar.com.br\/index.php\/wp-json\/wp\/v2\/posts\/11817\/revisions"}],"predecessor-version":[{"id":11819,"href":"https:\/\/justicapotiguar.com.br\/index.php\/wp-json\/wp\/v2\/posts\/11817\/revisions\/11819"}],"wp:featuredmedia":[{"embeddable":true,"href":"https:\/\/justicapotiguar.com.br\/index.php\/wp-json\/wp\/v2\/media\/11818"}],"wp:attachment":[{"href":"https:\/\/justicapotiguar.com.br\/index.php\/wp-json\/wp\/v2\/media?parent=11817"}],"wp:term":[{"taxonomy":"category","embeddable":true,"href":"https:\/\/justicapotiguar.com.br\/index.php\/wp-json\/wp\/v2\/categories?post=11817"},{"taxonomy":"post_tag","embeddable":true,"href":"https:\/\/justicapotiguar.com.br\/index.php\/wp-json\/wp\/v2\/tags?post=11817"}],"curies":[{"name":"wp","href":"https:\/\/api.w.org\/{rel}","templated":true}]}}