{"id":11808,"date":"2020-07-28T17:48:14","date_gmt":"2020-07-28T20:48:14","guid":{"rendered":"https:\/\/justicapotiguar.com.br\/?p=11808"},"modified":"2020-07-28T16:42:49","modified_gmt":"2020-07-28T19:42:49","slug":"empregada-que-esperava-20-minutos-por-transporte-da-empresa-tem-direito-a-hora-extra","status":"publish","type":"post","link":"https:\/\/justicapotiguar.com.br\/index.php\/2020\/07\/28\/empregada-que-esperava-20-minutos-por-transporte-da-empresa-tem-direito-a-hora-extra\/","title":{"rendered":"Empregada que esperava 20 minutos por transporte da empresa tem direito a hora extra"},"content":{"rendered":"\n<figure class=\"wp-block-image\"><img loading=\"lazy\" width=\"680\" height=\"383\" src=\"https:\/\/justicapotiguar.com.br\/wp-content\/uploads\/2020\/03\/4D650D75ACF4EEFF6ADE6106A7B6F562ED0B_dinheiro.jpg\" alt=\"\" class=\"wp-image-8107\" srcset=\"https:\/\/justicapotiguar.com.br\/wp-content\/uploads\/2020\/03\/4D650D75ACF4EEFF6ADE6106A7B6F562ED0B_dinheiro.jpg 680w, https:\/\/justicapotiguar.com.br\/wp-content\/uploads\/2020\/03\/4D650D75ACF4EEFF6ADE6106A7B6F562ED0B_dinheiro-300x169.jpg 300w\" sizes=\"(max-width: 680px) 100vw, 680px\" \/><\/figure>\n\n\n\n<p>A Oitava Turma do Tribunal Superior do Trabalho determinou o pagamento de 20 minutos residuais da jornada de trabalho de uma ex-empregada da Seara Alimentos em Forquilhinha (SC). Segundo o \u00f3rg\u00e3o, o tempo despendido pelo empregado na espera de transporte fornecido pelo empregador \u00e9 considerado \u00e0 disposi\u00e7\u00e3o deste, desde que seja o \u00fanico meio de transporte dispon\u00edvel ao empregado.<\/p>\n\n\n\n<h4>Dif\u00edcil acesso<\/h4>\n\n\n\n<p>Na reclama\u00e7\u00e3o trabalhista, a empregada afirmou que a unidade fabril fica em local de dif\u00edcil acesso, n\u00e3o servido por transporte p\u00fablico regular, e que a locomo\u00e7\u00e3o era feita por transporte da empresa.&nbsp;<\/p>\n\n\n\n<p>Na contesta\u00e7\u00e3o, a Seara defendeu que havia transporte p\u00fablico regular com hor\u00e1rio compat\u00edvel com o in\u00edcio e t\u00e9rmino da jornada.<\/p>\n\n\n\n<p>O ju\u00edzo da 2\u00aa Vara do Trabalho de Crici\u00fama (SC) indeferiu o pedido de pagamento do tempo de espera, por entender que a empregada n\u00e3o estava trabalhando ou aguardando ordens. &nbsp;O Tribunal Regional do Trabalho da 12\u00aa Regi\u00e3o (SC), ao manter a senten\u00e7a, considerou que todos os empregados que utilizam transporte p\u00fablico est\u00e3o sujeitos \u00e0 espera para tomar a condu\u00e7\u00e3o.<\/p><div class=\"rbfkx69f370f977362\" ><!--<a href=\"https:\/\/bit.ly\/3QdrqTZ\" target=\"_blank\">\n<img src=\"https:\/\/justicapotiguar.com.br\/wp-content\/uploads\/2023\/09\/mobile-geral.gif\"\/><a\/>--><\/div><style type=\"text\/css\">\r\n.rbfkx69f370f977362 {\r\ntext-align: center;\r\n}\r\n@media screen and (min-width: 1201px) {\r\n.rbfkx69f370f977362 {\r\ndisplay: none;\r\n}\r\n}\r\n@media screen and (min-width: 993px) and (max-width: 1200px) {\r\n.rbfkx69f370f977362 {\r\ndisplay: none;\r\n}\r\n}\r\n@media screen and (min-width: 769px) and (max-width: 992px) {\r\n.rbfkx69f370f977362 {\r\ndisplay: none;\r\n}\r\n}\r\n@media screen and (min-width: 768px) and (max-width: 768px) {\r\n.rbfkx69f370f977362 {\r\ndisplay: block;\r\n}\r\n}\r\n@media screen and (max-width: 767px) {\r\n.rbfkx69f370f977362 {\r\ndisplay: block;\r\n}\r\n}\r\n<\/style>\r\n<div class=\"ezsgp69f370f977342\" ><!--<a href=\"https:\/\/bit.ly\/3QdrqTZ\" target=\"_blank\">\n<img src=\"https:\/\/justicapotiguar.com.br\/wp-content\/uploads\/2023\/09\/desktop-geral.gif\"\/><a\/>--><\/div><style type=\"text\/css\">\r\n.ezsgp69f370f977342 {\r\ntext-align: center;\nmargin-bottom: 1em;\r\n}\r\n@media screen and (min-width: 1201px) {\r\n.ezsgp69f370f977342 {\r\ndisplay: block;\r\n}\r\n}\r\n@media screen and (min-width: 993px) and (max-width: 1200px) {\r\n.ezsgp69f370f977342 {\r\ndisplay: block;\r\n}\r\n}\r\n@media screen and (min-width: 769px) and (max-width: 992px) {\r\n.ezsgp69f370f977342 {\r\ndisplay: block;\r\n}\r\n}\r\n@media screen and (min-width: 768px) and (max-width: 768px) {\r\n.ezsgp69f370f977342 {\r\ndisplay: none;\r\n}\r\n}\r\n@media screen and (max-width: 767px) {\r\n.ezsgp69f370f977342 {\r\ndisplay: none;\r\n}\r\n}\r\n<\/style>\r\n\n\n\n\n<h4>Tempo \u00e0 disposi\u00e7\u00e3o<\/h4>\n\n\n\n<p>A relatora do recurso de revista da ex-empregada, ministra Dora Maria da Costa, explicou que, de acordo com a&nbsp;<a href=\"http:\/\/www3.tst.jus.br\/jurisprudencia\/Sumulas_com_indice\/Sumulas_Ind_351_400.html#SUM-366\" target=\"_blank\" rel=\"noreferrer noopener\">S\u00famula 366<\/a>&nbsp;do TST, se ultrapassado o limite de 10 minutos di\u00e1rios, ser\u00e1 considerada como extra a totalidade do tempo que exceder a jornada normal, pois configurado tempo \u00e0 disposi\u00e7\u00e3o do empregador, n\u00e3o importando as atividades desenvolvidas pelo empregado no per\u00edodo (troca de uniforme, lanche, higiene pessoal, etc). Segundo a ministra, o tempo de espera pelo transporte fornecido pelo empregador \u00e9 considerado \u00e0 disposi\u00e7\u00e3o deste, desde que este seja o \u00fanico meio de transporte dispon\u00edvel ao empregado, como no caso.<\/p>\n\n\n\n<p>A decis\u00e3o foi un\u00e2nime.<\/p>\n\n\n\n<p>Processo:&nbsp;<a href=\"http:\/\/aplicacao4.tst.jus.br\/consultaProcessual\/consultaTstNumUnica.do?conscsjt=&amp;numeroTst=394&amp;digitoTst=72&amp;anoTst=2017&amp;orgaoTst=5&amp;tribunalTst=12&amp;varaTst=0027&amp;consulta=Consultar\" target=\"_blank\" rel=\"noreferrer noopener\">ARR-394-72.2017.5.12.0027<\/a><\/p>\n\n\n\n<p>O TST possui oito Turmas julgadoras, cada uma composta por tr\u00eas ministros, com a atribui\u00e7\u00e3o de analisar recursos de revista, agravos, agravos de instrumento, agravos regimentais e recursos ordin\u00e1rios em a\u00e7\u00e3o cautelar. Das decis\u00f5es das Turmas, a parte ainda pode, em alguns casos, recorrer \u00e0 Subse\u00e7\u00e3o I Especializada em Diss\u00eddios Individuais (SBDI-1).<\/p>\n","protected":false},"excerpt":{"rendered":"<p>A Oitava Turma do Tribunal Superior do Trabalho determinou o pagamento de 20 minutos residuais da jornada de trabalho de uma ex-empregada da Seara Alimentos em Forquilhinha (SC). Segundo o \u00f3rg\u00e3o, o tempo despendido pelo empregado na espera de transporte fornecido pelo empregador \u00e9 considerado \u00e0 disposi\u00e7\u00e3o deste, desde que seja o \u00fanico meio de<br \/><a class=\"more-link\" href=\"https:\/\/justicapotiguar.com.br\/index.php\/2020\/07\/28\/empregada-que-esperava-20-minutos-por-transporte-da-empresa-tem-direito-a-hora-extra\/\">Mais&#8230;<\/a><\/p>\n","protected":false},"author":5,"featured_media":8107,"comment_status":"open","ping_status":"open","sticky":false,"template":"","format":"standard","meta":[],"categories":[3],"tags":[],"_links":{"self":[{"href":"https:\/\/justicapotiguar.com.br\/index.php\/wp-json\/wp\/v2\/posts\/11808"}],"collection":[{"href":"https:\/\/justicapotiguar.com.br\/index.php\/wp-json\/wp\/v2\/posts"}],"about":[{"href":"https:\/\/justicapotiguar.com.br\/index.php\/wp-json\/wp\/v2\/types\/post"}],"author":[{"embeddable":true,"href":"https:\/\/justicapotiguar.com.br\/index.php\/wp-json\/wp\/v2\/users\/5"}],"replies":[{"embeddable":true,"href":"https:\/\/justicapotiguar.com.br\/index.php\/wp-json\/wp\/v2\/comments?post=11808"}],"version-history":[{"count":1,"href":"https:\/\/justicapotiguar.com.br\/index.php\/wp-json\/wp\/v2\/posts\/11808\/revisions"}],"predecessor-version":[{"id":11809,"href":"https:\/\/justicapotiguar.com.br\/index.php\/wp-json\/wp\/v2\/posts\/11808\/revisions\/11809"}],"wp:featuredmedia":[{"embeddable":true,"href":"https:\/\/justicapotiguar.com.br\/index.php\/wp-json\/wp\/v2\/media\/8107"}],"wp:attachment":[{"href":"https:\/\/justicapotiguar.com.br\/index.php\/wp-json\/wp\/v2\/media?parent=11808"}],"wp:term":[{"taxonomy":"category","embeddable":true,"href":"https:\/\/justicapotiguar.com.br\/index.php\/wp-json\/wp\/v2\/categories?post=11808"},{"taxonomy":"post_tag","embeddable":true,"href":"https:\/\/justicapotiguar.com.br\/index.php\/wp-json\/wp\/v2\/tags?post=11808"}],"curies":[{"name":"wp","href":"https:\/\/api.w.org\/{rel}","templated":true}]}}