{"id":11796,"date":"2020-07-28T10:58:52","date_gmt":"2020-07-28T13:58:52","guid":{"rendered":"https:\/\/justicapotiguar.com.br\/?p=11796"},"modified":"2020-07-28T09:00:02","modified_gmt":"2020-07-28T12:00:02","slug":"desembargador-da-carteirada-diz-ao-cnj-que-foi-vitima-de-armacao","status":"publish","type":"post","link":"https:\/\/justicapotiguar.com.br\/index.php\/2020\/07\/28\/desembargador-da-carteirada-diz-ao-cnj-que-foi-vitima-de-armacao\/","title":{"rendered":"Desembargador da &#8220;carteirada&#8221; diz ao CNJ que foi v\u00edtima de &#8220;arma\u00e7\u00e3o&#8221;"},"content":{"rendered":"\n<p>O desembargador do TJ\/SP, Eduardo Almeida Prado Rocha de Siqueira, afirmou nesta segunda-feira, 27, em manifesta\u00e7\u00e3o enviada ao CNJ, que foi v\u00edtima de \u201carma\u00e7\u00e3o\u201d no epis\u00f3dio em que&nbsp;<a href=\"https:\/\/www.migalhas.com.br\/quentes\/330891\/desembargador-paulista-chama-guarda-municipal-de-analfabeto-apos-ser-advertido-por-estar-sem-mascara-cnj-vai-apurar\" target=\"_blank\" rel=\"noreferrer noopener\">humilhou<\/a>&nbsp;um guarda municipal enquanto caminhava sem m\u00e1scara no litoral paulista.<\/p>\n\n\n\n<figure class=\"wp-block-image\"><img src=\"https:\/\/m.migalhas.com.br\/imagem\/2062B01987CF17BC37340110313107C46E67_desembargador.jpg\" alt=\"t\"\/><\/figure>\n\n\n\n<p>O v\u00eddeo do deplor\u00e1vel epis\u00f3dio repercutiu no \u00faltimo dia 19, quando o desembargador chamou o guarda de \u201canalfabeto\u201d, rasgou a multa e, segundo ele, ligou para o secret\u00e1rio de Seguran\u00e7a P\u00fablica do munic\u00edpio, S\u00e9rgio Del Bel, para que &#8216;intimidasse&#8217; o guarda municipal. Veja.<\/p>\n\n\n\n<p>Alguns dias depois, o magistrado se&nbsp;<a href=\"https:\/\/www.migalhas.com.br\/quentes\/331144\/desembargador-de-sp-que-humilhou-guarda-apos-ser-flagrado-sem-mascara-pede-desculpas\" target=\"_blank\" rel=\"noreferrer noopener\">desculpou<\/a>&nbsp;atrav\u00e9s de nota. Eduardo confessou ter se exaltado e afirmou que<em>&nbsp;&#8220;nada disso, por\u00e9m, justifica os excessos ocorridos, dos quais me arrependo&#8221;.<\/em><\/p>\n\n\n\n<p><strong>Apura\u00e7\u00e3o<\/strong><\/p>\n\n\n\n<p>No dia 26, o corregedor Nacional de Justi\u00e7a, ministro Humberto Martins,&nbsp;<a href=\"https:\/\/www.migalhas.com.br\/quentes\/331198\/ministro-humberto-martins-abre-reclamacao-disciplinar-contra-desembargador-da-carteirada\" target=\"_blank\" rel=\"noreferrer noopener\">determinou<\/a>&nbsp;que a secretaria processual do CNJ proceda a altera\u00e7\u00e3o da classe procedimental de pedido de provid\u00eancias instaurado contra o desembargador para reclama\u00e7\u00e3o disciplinar.<\/p>\n\n\n\n<p>Na manifesta\u00e7\u00e3o enviada ao CNJ, a defesa do magistrado justificou que a identifica\u00e7\u00e3o como desembargador era \u201cextremamente relevante\u201d e n\u00e3o configurou \u201ccarteirada\u201d, pois \u00e9<em>&nbsp;\u201cprerrogativa do magistrado n\u00e3o ser preso sen\u00e3o por ordem escrita do Tribunal ou do \u00d3rg\u00e3o Especial competente para o julgamento\u201d.<\/em><\/p><div class=\"rfxjk69ef35a63a9bc\" ><!--<a href=\"https:\/\/bit.ly\/3QdrqTZ\" target=\"_blank\">\n<img src=\"https:\/\/justicapotiguar.com.br\/wp-content\/uploads\/2023\/09\/mobile-geral.gif\"\/><a\/>--><\/div><style type=\"text\/css\">\r\n.rfxjk69ef35a63a9bc {\r\ntext-align: center;\r\n}\r\n@media screen and (min-width: 1201px) {\r\n.rfxjk69ef35a63a9bc {\r\ndisplay: none;\r\n}\r\n}\r\n@media screen and (min-width: 993px) and (max-width: 1200px) {\r\n.rfxjk69ef35a63a9bc {\r\ndisplay: none;\r\n}\r\n}\r\n@media screen and (min-width: 769px) and (max-width: 992px) {\r\n.rfxjk69ef35a63a9bc {\r\ndisplay: none;\r\n}\r\n}\r\n@media screen and (min-width: 768px) and (max-width: 768px) {\r\n.rfxjk69ef35a63a9bc {\r\ndisplay: block;\r\n}\r\n}\r\n@media screen and (max-width: 767px) {\r\n.rfxjk69ef35a63a9bc {\r\ndisplay: block;\r\n}\r\n}\r\n<\/style>\r\n<div class=\"ttrsd69ef35a63a99b\" ><!--<a href=\"https:\/\/bit.ly\/3QdrqTZ\" target=\"_blank\">\n<img src=\"https:\/\/justicapotiguar.com.br\/wp-content\/uploads\/2023\/09\/desktop-geral.gif\"\/><a\/>--><\/div><style type=\"text\/css\">\r\n.ttrsd69ef35a63a99b {\r\ntext-align: center;\nmargin-bottom: 1em;\r\n}\r\n@media screen and (min-width: 1201px) {\r\n.ttrsd69ef35a63a99b {\r\ndisplay: block;\r\n}\r\n}\r\n@media screen and (min-width: 993px) and (max-width: 1200px) {\r\n.ttrsd69ef35a63a99b {\r\ndisplay: block;\r\n}\r\n}\r\n@media screen and (min-width: 769px) and (max-width: 992px) {\r\n.ttrsd69ef35a63a99b {\r\ndisplay: block;\r\n}\r\n}\r\n@media screen and (min-width: 768px) and (max-width: 768px) {\r\n.ttrsd69ef35a63a99b {\r\ndisplay: none;\r\n}\r\n}\r\n@media screen and (max-width: 767px) {\r\n.ttrsd69ef35a63a99b {\r\ndisplay: none;\r\n}\r\n}\r\n<\/style>\r\n\n\n\n\n<p>Ainda segundo a defesa:&nbsp;<em>\u201cO cidad\u00e3o Eduardo passou a ser perseguido e ilegalmente filmado pela Guarda Civil Municipal de Santos e, no dia 18 de julho de 2020, acabou sendo v\u00edtima de uma verdadeira arma\u00e7\u00e3o, pois o guarda municipal que permaneceu na viatura sabia das abordagens anteriores, especialmente a \u00faltima, quando, pela primeira vez, houve uma alterca\u00e7\u00e3o\u201d.<\/em><\/p>\n\n\n\n<p>De acordo com a manifesta\u00e7\u00e3o, n\u00e3o se pode \u201ccogitar\u201d abuso de autoridade, pois o desembargador&nbsp;<em>\u201cn\u00e3o estava no exerc\u00edcio de suas fun\u00e7\u00f5es de magistrado ou a pretexto de exerc\u00ea-las e, como se pode ver do v\u00eddeo, n\u00e3o pediu qualquer vantagem ou privil\u00e9gio indevido, ou isen\u00e7\u00e3o de obriga\u00e7\u00e3o legal\u201d.<\/em><\/p>\n\n\n\n<p><strong>Mais de 40 processos<\/strong><\/p>\n\n\n\n<p>Segundo&nbsp;<a href=\"https:\/\/www.migalhas.com.br\/quentes\/331195\/desembargador-da-carteirada-tem-mais-de-40-processos-contra-si-na-corregedoria-do-tj-sp\" target=\"_blank\" rel=\"noreferrer noopener\">of\u00edcio<\/a>&nbsp;apresentado pelo desembargador Geraldo Francisco Pinheiro Franco, presidente da Corte bandeirante, h\u00e1 mais de 40 procedimentos apurat\u00f3rios\/disciplinares contra Eduardo Siqueira.<\/p>\n\n\n\n<p>No documento, h\u00e1 sint\u00e9tica descri\u00e7\u00e3o do objeto e o resultado final. Entre as reclama\u00e7\u00f5es e representa\u00e7\u00f5es, v\u00e1rias foram formuladas por ju\u00edzes e por advogados. O of\u00edcio demonstra a aplica\u00e7\u00e3o de advert\u00eancias, penalidade de censura, al\u00e9m da instaura\u00e7\u00e3o de processos disciplinares.<\/p>\n\n\n\n<p>Migalhas<\/p>\n","protected":false},"excerpt":{"rendered":"<p>O desembargador do TJ\/SP, Eduardo Almeida Prado Rocha de Siqueira, afirmou nesta segunda-feira, 27, em manifesta\u00e7\u00e3o enviada ao CNJ, que foi v\u00edtima de \u201carma\u00e7\u00e3o\u201d no epis\u00f3dio em que&nbsp;humilhou&nbsp;um guarda municipal enquanto caminhava sem m\u00e1scara no litoral paulista. O v\u00eddeo do deplor\u00e1vel epis\u00f3dio repercutiu no \u00faltimo dia 19, quando o desembargador chamou o guarda de \u201canalfabeto\u201d,<br \/><a class=\"more-link\" href=\"https:\/\/justicapotiguar.com.br\/index.php\/2020\/07\/28\/desembargador-da-carteirada-diz-ao-cnj-que-foi-vitima-de-armacao\/\">Mais&#8230;<\/a><\/p>\n","protected":false},"author":5,"featured_media":11573,"comment_status":"open","ping_status":"open","sticky":false,"template":"","format":"standard","meta":[],"categories":[3],"tags":[],"_links":{"self":[{"href":"https:\/\/justicapotiguar.com.br\/index.php\/wp-json\/wp\/v2\/posts\/11796"}],"collection":[{"href":"https:\/\/justicapotiguar.com.br\/index.php\/wp-json\/wp\/v2\/posts"}],"about":[{"href":"https:\/\/justicapotiguar.com.br\/index.php\/wp-json\/wp\/v2\/types\/post"}],"author":[{"embeddable":true,"href":"https:\/\/justicapotiguar.com.br\/index.php\/wp-json\/wp\/v2\/users\/5"}],"replies":[{"embeddable":true,"href":"https:\/\/justicapotiguar.com.br\/index.php\/wp-json\/wp\/v2\/comments?post=11796"}],"version-history":[{"count":1,"href":"https:\/\/justicapotiguar.com.br\/index.php\/wp-json\/wp\/v2\/posts\/11796\/revisions"}],"predecessor-version":[{"id":11797,"href":"https:\/\/justicapotiguar.com.br\/index.php\/wp-json\/wp\/v2\/posts\/11796\/revisions\/11797"}],"wp:featuredmedia":[{"embeddable":true,"href":"https:\/\/justicapotiguar.com.br\/index.php\/wp-json\/wp\/v2\/media\/11573"}],"wp:attachment":[{"href":"https:\/\/justicapotiguar.com.br\/index.php\/wp-json\/wp\/v2\/media?parent=11796"}],"wp:term":[{"taxonomy":"category","embeddable":true,"href":"https:\/\/justicapotiguar.com.br\/index.php\/wp-json\/wp\/v2\/categories?post=11796"},{"taxonomy":"post_tag","embeddable":true,"href":"https:\/\/justicapotiguar.com.br\/index.php\/wp-json\/wp\/v2\/tags?post=11796"}],"curies":[{"name":"wp","href":"https:\/\/api.w.org\/{rel}","templated":true}]}}