{"id":11774,"date":"2020-07-27T17:00:57","date_gmt":"2020-07-27T20:00:57","guid":{"rendered":"https:\/\/justicapotiguar.com.br\/?p=11774"},"modified":"2020-07-27T13:42:53","modified_gmt":"2020-07-27T16:42:53","slug":"jfrn-contabiliza-mais-de-3-mil-atendimentos-no-servico-de-atermacao-por-whatsapp","status":"publish","type":"post","link":"https:\/\/justicapotiguar.com.br\/index.php\/2020\/07\/27\/jfrn-contabiliza-mais-de-3-mil-atendimentos-no-servico-de-atermacao-por-whatsapp\/","title":{"rendered":"JFRN contabiliza mais de 3 mil atendimentos no servi\u00e7o de aterma\u00e7\u00e3o por Whatsapp"},"content":{"rendered":"\n<p>No servi\u00e7o in\u00e9dito de aterma\u00e7\u00e3o por WhatsApp, a Justi\u00e7a Federal do Rio Grande do Norte chegou a mais de 3 mil atendimentos em pouco mais de dois meses. O trabalho est\u00e1 sendo desenvolvido para aquelas pessoas que buscam a JFRN, para requerer o aux\u00edlio emergencial, quando o processo \u00e9 negado administrativamente. A aterma\u00e7\u00e3o por WhatsApp foi desenvolvida para atender aquelas pessoas que procuravam requerer o seu direito sem advogado, j\u00e1 que o processo tramita no Juizado Especial Federal.\u00a0<\/p>\n\n\n\n<figure class=\"wp-block-image\"><img loading=\"lazy\" width=\"768\" height=\"512\" src=\"https:\/\/justicapotiguar.com.br\/wp-content\/uploads\/2020\/03\/ACFD63E9F7A8FD8838233AA5DE3B4DE626CD_whatsapp.jpg\" alt=\"\" class=\"wp-image-8008\" srcset=\"https:\/\/justicapotiguar.com.br\/wp-content\/uploads\/2020\/03\/ACFD63E9F7A8FD8838233AA5DE3B4DE626CD_whatsapp.jpg 768w, https:\/\/justicapotiguar.com.br\/wp-content\/uploads\/2020\/03\/ACFD63E9F7A8FD8838233AA5DE3B4DE626CD_whatsapp-300x200.jpg 300w\" sizes=\"(max-width: 768px) 100vw, 768px\" \/><figcaption>Ilustrativa<\/figcaption><\/figure>\n\n\n\n<p>&#8220;Sempre estamos buscando aproximar o Judici\u00e1rio da popula\u00e7\u00e3o. Em um momento de extrema excepcionalidade, com o distanciamento social, os servidores em teletrabalho, mas estamos com excelente produ\u00e7\u00e3o e uma grande mostra disso foi o projeto de Aterma\u00e7\u00e3o pelo WhatsApp&#8221;, analisou o Diretor do Foro da JFRN, Juiz Federal Carlos Wagner Dias Ferreira.<\/p>\n\n\n\n<p>&nbsp;&nbsp;&nbsp;&nbsp;&nbsp;&nbsp;&nbsp;&nbsp;&nbsp;&nbsp;&nbsp;Ele lembrou que a ideia do projeto foi do Diretor do N\u00facleo Judici\u00e1rio, Ricardo Dantas, e contou com toda dedica\u00e7\u00e3o dos servidores que atuam tanto na Central de Atendimento como nas Subse\u00e7\u00f5es Judici\u00e1rias.<\/p><div class=\"esuet69f35cbbb56f8\" ><!--<a href=\"https:\/\/bit.ly\/3QdrqTZ\" target=\"_blank\">\n<img src=\"https:\/\/justicapotiguar.com.br\/wp-content\/uploads\/2023\/09\/mobile-geral.gif\"\/><a\/>--><\/div><style type=\"text\/css\">\r\n.esuet69f35cbbb56f8 {\r\ntext-align: center;\r\n}\r\n@media screen and (min-width: 1201px) {\r\n.esuet69f35cbbb56f8 {\r\ndisplay: none;\r\n}\r\n}\r\n@media screen and (min-width: 993px) and (max-width: 1200px) {\r\n.esuet69f35cbbb56f8 {\r\ndisplay: none;\r\n}\r\n}\r\n@media screen and (min-width: 769px) and (max-width: 992px) {\r\n.esuet69f35cbbb56f8 {\r\ndisplay: none;\r\n}\r\n}\r\n@media screen and (min-width: 768px) and (max-width: 768px) {\r\n.esuet69f35cbbb56f8 {\r\ndisplay: block;\r\n}\r\n}\r\n@media screen and (max-width: 767px) {\r\n.esuet69f35cbbb56f8 {\r\ndisplay: block;\r\n}\r\n}\r\n<\/style>\r\n<div class=\"aqijn69f35cbbb56dd\" ><!--<a href=\"https:\/\/bit.ly\/3QdrqTZ\" target=\"_blank\">\n<img src=\"https:\/\/justicapotiguar.com.br\/wp-content\/uploads\/2023\/09\/desktop-geral.gif\"\/><a\/>--><\/div><style type=\"text\/css\">\r\n.aqijn69f35cbbb56dd {\r\ntext-align: center;\nmargin-bottom: 1em;\r\n}\r\n@media screen and (min-width: 1201px) {\r\n.aqijn69f35cbbb56dd {\r\ndisplay: block;\r\n}\r\n}\r\n@media screen and (min-width: 993px) and (max-width: 1200px) {\r\n.aqijn69f35cbbb56dd {\r\ndisplay: block;\r\n}\r\n}\r\n@media screen and (min-width: 769px) and (max-width: 992px) {\r\n.aqijn69f35cbbb56dd {\r\ndisplay: block;\r\n}\r\n}\r\n@media screen and (min-width: 768px) and (max-width: 768px) {\r\n.aqijn69f35cbbb56dd {\r\ndisplay: none;\r\n}\r\n}\r\n@media screen and (max-width: 767px) {\r\n.aqijn69f35cbbb56dd {\r\ndisplay: none;\r\n}\r\n}\r\n<\/style>\r\n\n\n\n\n<p>&nbsp;&nbsp;&nbsp;&nbsp;&nbsp;&nbsp;&nbsp;&nbsp;&nbsp;&nbsp;&nbsp;Inicialmente, as demandas foram concentradas na Central de Atendimento da sede,em Natal, como um projeto piloto. Em seguida, o projeto foi instalado em cada uma das Subse\u00e7\u00f5es (Mossor\u00f3, Caic\u00f3, Assu, Pau dos Ferros e Cear\u00e1-Mirim).<\/p>\n\n\n\n<p>Foram exatos 3.242 atendimentos no per\u00edodo de 9 de maio a 21 de julho. Desse total, 555 foram convertidos em aterma\u00e7\u00f5es.<\/p>\n\n\n\n<p>O Diretor do N\u00facleo Judici\u00e1rio, Ricardo Dantas, explicou que, dos 3.242 atendimentos realizados, muitos est\u00e3o aguardando o retorno do interessado com alguma informa\u00e7\u00e3o adicional ou juntada de documentos, outros est\u00e3o agendados para serem atermados em breve, alguns n\u00e3o se configuravam como medidas origin\u00e1rias de aterma\u00e7\u00e3o, al\u00e9m daqueles que se aguarda o indeferimento administrativo do aux\u00edlio emergencial.<\/p>\n","protected":false},"excerpt":{"rendered":"<p>No servi\u00e7o in\u00e9dito de aterma\u00e7\u00e3o por WhatsApp, a Justi\u00e7a Federal do Rio Grande do Norte chegou a mais de 3 mil atendimentos em pouco mais de dois meses. O trabalho est\u00e1 sendo desenvolvido para aquelas pessoas que buscam a JFRN, para requerer o aux\u00edlio emergencial, quando o processo \u00e9 negado administrativamente. A aterma\u00e7\u00e3o por WhatsApp<br \/><a class=\"more-link\" href=\"https:\/\/justicapotiguar.com.br\/index.php\/2020\/07\/27\/jfrn-contabiliza-mais-de-3-mil-atendimentos-no-servico-de-atermacao-por-whatsapp\/\">Mais&#8230;<\/a><\/p>\n","protected":false},"author":5,"featured_media":10461,"comment_status":"open","ping_status":"open","sticky":false,"template":"","format":"standard","meta":[],"categories":[3],"tags":[],"_links":{"self":[{"href":"https:\/\/justicapotiguar.com.br\/index.php\/wp-json\/wp\/v2\/posts\/11774"}],"collection":[{"href":"https:\/\/justicapotiguar.com.br\/index.php\/wp-json\/wp\/v2\/posts"}],"about":[{"href":"https:\/\/justicapotiguar.com.br\/index.php\/wp-json\/wp\/v2\/types\/post"}],"author":[{"embeddable":true,"href":"https:\/\/justicapotiguar.com.br\/index.php\/wp-json\/wp\/v2\/users\/5"}],"replies":[{"embeddable":true,"href":"https:\/\/justicapotiguar.com.br\/index.php\/wp-json\/wp\/v2\/comments?post=11774"}],"version-history":[{"count":1,"href":"https:\/\/justicapotiguar.com.br\/index.php\/wp-json\/wp\/v2\/posts\/11774\/revisions"}],"predecessor-version":[{"id":11775,"href":"https:\/\/justicapotiguar.com.br\/index.php\/wp-json\/wp\/v2\/posts\/11774\/revisions\/11775"}],"wp:featuredmedia":[{"embeddable":true,"href":"https:\/\/justicapotiguar.com.br\/index.php\/wp-json\/wp\/v2\/media\/10461"}],"wp:attachment":[{"href":"https:\/\/justicapotiguar.com.br\/index.php\/wp-json\/wp\/v2\/media?parent=11774"}],"wp:term":[{"taxonomy":"category","embeddable":true,"href":"https:\/\/justicapotiguar.com.br\/index.php\/wp-json\/wp\/v2\/categories?post=11774"},{"taxonomy":"post_tag","embeddable":true,"href":"https:\/\/justicapotiguar.com.br\/index.php\/wp-json\/wp\/v2\/tags?post=11774"}],"curies":[{"name":"wp","href":"https:\/\/api.w.org\/{rel}","templated":true}]}}