{"id":11761,"date":"2020-07-27T17:35:33","date_gmt":"2020-07-27T20:35:33","guid":{"rendered":"https:\/\/justicapotiguar.com.br\/?p=11761"},"modified":"2020-07-27T15:37:54","modified_gmt":"2020-07-27T18:37:54","slug":"mesarios-das-eleicoes-2020-terao-descontos-em-cursos-do-senac-rn","status":"publish","type":"post","link":"https:\/\/justicapotiguar.com.br\/index.php\/2020\/07\/27\/mesarios-das-eleicoes-2020-terao-descontos-em-cursos-do-senac-rn\/","title":{"rendered":"Mes\u00e1rios das Elei\u00e7\u00f5es 2020 ter\u00e3o descontos em cursos do Senac RN"},"content":{"rendered":"\n<p>O Tribunal Regional Eleitoral do Rio Grande do Norte (TRE-RN) firmou uma parceria com o Sistema Fecom\u00e9rcio RN, que vai oferecer descontos em cursos do&nbsp; Servi\u00e7o Nacional de Aprendizagem Comercial (Senac) para os mes\u00e1rios que trabalharem nas elei\u00e7\u00f5es deste ano, magistrados e servidores do Tribunal e seus dependentes legais.<\/p>\n\n\n\n<figure class=\"wp-block-image\"><img loading=\"lazy\" width=\"430\" height=\"220\" src=\"https:\/\/justicapotiguar.com.br\/wp-content\/uploads\/2020\/07\/images-6-2.jpeg\" alt=\"\" class=\"wp-image-11762\" srcset=\"https:\/\/justicapotiguar.com.br\/wp-content\/uploads\/2020\/07\/images-6-2.jpeg 430w, https:\/\/justicapotiguar.com.br\/wp-content\/uploads\/2020\/07\/images-6-2-300x153.jpeg 300w\" sizes=\"(max-width: 430px) 100vw, 430px\" \/><figcaption>Reprodu\u00e7\u00e3o<\/figcaption><\/figure>\n\n\n\n<p>Ser\u00e3o ofertados descontos em todos os cursos ministrados no estado, exceto na categoria de ensino \u00e0 dist\u00e2ncia (EAD), nos seguintes percentuais:<\/p>\n\n\n\n<p><em><strong>&#8211; 15% de desconto para titulares (magistrados, servidores e mes\u00e1rios)<\/strong><\/em><br><em><strong>&#8211; 10% de desconto para os dependentes legais dos titulares<\/strong><\/em><br><em><strong>&#8211; 20% de desconto para turmas fechadas<\/strong><\/em><\/p>\n\n\n\n<p>Al\u00e9m disso, mes\u00e1rios, servidores e magistrados da Justi\u00e7a Eleitoral potiguar tamb\u00e9m receber\u00e3o 25% de desconto nos certificados digitais para CPF Eletr\u00f4nico (e-CPF).<\/p>\n\n\n\n<p><em><strong>Benef\u00edcios de ser mes\u00e1rio volunt\u00e1rio<\/strong><\/em><\/p>\n\n\n\n<p>O conv\u00eanio firmado entre TRE-RN e Fecom\u00e9rcio RN refor\u00e7a a variedade de benef\u00edcios j\u00e1 oferecidos para mes\u00e1rios volunt\u00e1rios das elei\u00e7\u00f5es, sendo esses:<\/p><div class=\"bvqxq69ef35eecf6e4\" ><!--<a href=\"https:\/\/bit.ly\/3QdrqTZ\" target=\"_blank\">\n<img src=\"https:\/\/justicapotiguar.com.br\/wp-content\/uploads\/2023\/09\/mobile-geral.gif\"\/><a\/>--><\/div><style type=\"text\/css\">\r\n.bvqxq69ef35eecf6e4 {\r\ntext-align: center;\r\n}\r\n@media screen and (min-width: 1201px) {\r\n.bvqxq69ef35eecf6e4 {\r\ndisplay: none;\r\n}\r\n}\r\n@media screen and (min-width: 993px) and (max-width: 1200px) {\r\n.bvqxq69ef35eecf6e4 {\r\ndisplay: none;\r\n}\r\n}\r\n@media screen and (min-width: 769px) and (max-width: 992px) {\r\n.bvqxq69ef35eecf6e4 {\r\ndisplay: none;\r\n}\r\n}\r\n@media screen and (min-width: 768px) and (max-width: 768px) {\r\n.bvqxq69ef35eecf6e4 {\r\ndisplay: block;\r\n}\r\n}\r\n@media screen and (max-width: 767px) {\r\n.bvqxq69ef35eecf6e4 {\r\ndisplay: block;\r\n}\r\n}\r\n<\/style>\r\n<div class=\"rxdac69ef35eecf6ca\" ><!--<a href=\"https:\/\/bit.ly\/3QdrqTZ\" target=\"_blank\">\n<img src=\"https:\/\/justicapotiguar.com.br\/wp-content\/uploads\/2023\/09\/desktop-geral.gif\"\/><a\/>--><\/div><style type=\"text\/css\">\r\n.rxdac69ef35eecf6ca {\r\ntext-align: center;\nmargin-bottom: 1em;\r\n}\r\n@media screen and (min-width: 1201px) {\r\n.rxdac69ef35eecf6ca {\r\ndisplay: block;\r\n}\r\n}\r\n@media screen and (min-width: 993px) and (max-width: 1200px) {\r\n.rxdac69ef35eecf6ca {\r\ndisplay: block;\r\n}\r\n}\r\n@media screen and (min-width: 769px) and (max-width: 992px) {\r\n.rxdac69ef35eecf6ca {\r\ndisplay: block;\r\n}\r\n}\r\n@media screen and (min-width: 768px) and (max-width: 768px) {\r\n.rxdac69ef35eecf6ca {\r\ndisplay: none;\r\n}\r\n}\r\n@media screen and (max-width: 767px) {\r\n.rxdac69ef35eecf6ca {\r\ndisplay: none;\r\n}\r\n}\r\n<\/style>\r\n\n\n\n\n<p>&#8211; Dois dias de folga, seja no servi\u00e7o p\u00fablico ou privado, para cada dia trabalhado nas elei\u00e7\u00f5es;<\/p>\n\n\n\n<p>&#8211; Isen\u00e7\u00e3o da taxa de inscri\u00e7\u00e3o nos concursos p\u00fablicos promovidos pelo Governo do RN (Lei n\u00ba 9643\/2012), pelo Munic\u00edpio de Natal (Lei n\u00ba 6336\/2012) e pelo Munic\u00edpio de Parnamirim (Lei n\u00ba 1.687\/2014),<\/p>\n\n\n\n<p>&#8211; Certificado dos servi\u00e7os prestados \u00e0 Justi\u00e7a Eleitoral, para inclus\u00e3o em curr\u00edculo profissional e prioridade em crit\u00e9rio de desempate em concurso p\u00fablico.<\/p>\n\n\n\n<p>&#8211; Para alunos de Institui\u00e7\u00f5es de Ensino Superior conveniadas, as horas trabalhadas contam como atividade extracurricular;<\/p>\n\n\n\n<p>&#8211; Ter acesso a conv\u00eanios feitos pelo TRE-RN junto \u00e0 universidades potiguares.<\/p>\n\n\n\n<p>As inscri\u00e7\u00f5es podem ser feitas no site tre-rn.jus.br ou pelo e-mail do seu cart\u00f3rio eleitoral. Os telefones est\u00e3o no site do TRE-RN (<strong><a rel=\"noreferrer noopener\" href=\"http:\/\/www.tre-rn.jus.br\/o-tre\/zonas-eleitorais\/enderecos-eletronicos\" target=\"_blank\">clique aqui<\/a>).<\/strong><\/p>\n","protected":false},"excerpt":{"rendered":"<p>O Tribunal Regional Eleitoral do Rio Grande do Norte (TRE-RN) firmou uma parceria com o Sistema Fecom\u00e9rcio RN, que vai oferecer descontos em cursos do&nbsp; Servi\u00e7o Nacional de Aprendizagem Comercial (Senac) para os mes\u00e1rios que trabalharem nas elei\u00e7\u00f5es deste ano, magistrados e servidores do Tribunal e seus dependentes legais. Ser\u00e3o ofertados descontos em todos os<br \/><a class=\"more-link\" href=\"https:\/\/justicapotiguar.com.br\/index.php\/2020\/07\/27\/mesarios-das-eleicoes-2020-terao-descontos-em-cursos-do-senac-rn\/\">Mais&#8230;<\/a><\/p>\n","protected":false},"author":5,"featured_media":11762,"comment_status":"open","ping_status":"open","sticky":false,"template":"","format":"standard","meta":[],"categories":[3],"tags":[],"_links":{"self":[{"href":"https:\/\/justicapotiguar.com.br\/index.php\/wp-json\/wp\/v2\/posts\/11761"}],"collection":[{"href":"https:\/\/justicapotiguar.com.br\/index.php\/wp-json\/wp\/v2\/posts"}],"about":[{"href":"https:\/\/justicapotiguar.com.br\/index.php\/wp-json\/wp\/v2\/types\/post"}],"author":[{"embeddable":true,"href":"https:\/\/justicapotiguar.com.br\/index.php\/wp-json\/wp\/v2\/users\/5"}],"replies":[{"embeddable":true,"href":"https:\/\/justicapotiguar.com.br\/index.php\/wp-json\/wp\/v2\/comments?post=11761"}],"version-history":[{"count":2,"href":"https:\/\/justicapotiguar.com.br\/index.php\/wp-json\/wp\/v2\/posts\/11761\/revisions"}],"predecessor-version":[{"id":11780,"href":"https:\/\/justicapotiguar.com.br\/index.php\/wp-json\/wp\/v2\/posts\/11761\/revisions\/11780"}],"wp:featuredmedia":[{"embeddable":true,"href":"https:\/\/justicapotiguar.com.br\/index.php\/wp-json\/wp\/v2\/media\/11762"}],"wp:attachment":[{"href":"https:\/\/justicapotiguar.com.br\/index.php\/wp-json\/wp\/v2\/media?parent=11761"}],"wp:term":[{"taxonomy":"category","embeddable":true,"href":"https:\/\/justicapotiguar.com.br\/index.php\/wp-json\/wp\/v2\/categories?post=11761"},{"taxonomy":"post_tag","embeddable":true,"href":"https:\/\/justicapotiguar.com.br\/index.php\/wp-json\/wp\/v2\/tags?post=11761"}],"curies":[{"name":"wp","href":"https:\/\/api.w.org\/{rel}","templated":true}]}}