{"id":11726,"date":"2020-07-24T20:19:46","date_gmt":"2020-07-24T23:19:46","guid":{"rendered":"https:\/\/justicapotiguar.com.br\/?p=11726"},"modified":"2020-07-24T20:21:28","modified_gmt":"2020-07-24T23:21:28","slug":"oab-rn-aguarda-posicao-do-tjrn-sobre-retorno-das-atividades-judiciais","status":"publish","type":"post","link":"https:\/\/justicapotiguar.com.br\/index.php\/2020\/07\/24\/oab-rn-aguarda-posicao-do-tjrn-sobre-retorno-das-atividades-judiciais\/","title":{"rendered":"OAB\/RN aguarda posi\u00e7\u00e3o do TJRN sobre retorno das atividades judiciais"},"content":{"rendered":"\n<p>A Ordem dos Advogados do Brasil no Rio Grande do Norte (OAB\/RN), por meio da sua diretoria, aguarda a publica\u00e7\u00e3o de um ato normativo do Tribunal de Justi\u00e7a do RN que regulamente o retorno gradual das atividades do judici\u00e1rio, em 3 de agosto. A OAB\/RN solicitou, em of\u00edcio enviado ao Tribunal em 30 de junho, pleitos que atendem necessidades fundamentais para o pleno exerc\u00edcio da advocacia. A Seccional potiguar aguarda posicionamento do TJRN a respeito das solicita\u00e7\u00f5es.<\/p>\n\n\n\n<figure class=\"wp-block-image\"><img loading=\"lazy\" width=\"1024\" height=\"768\" src=\"https:\/\/justicapotiguar.com.br\/wp-content\/uploads\/2019\/09\/oab-1024x768.jpg\" alt=\"\" class=\"wp-image-2587\" srcset=\"https:\/\/justicapotiguar.com.br\/wp-content\/uploads\/2019\/09\/oab-1024x768.jpg 1024w, https:\/\/justicapotiguar.com.br\/wp-content\/uploads\/2019\/09\/oab-300x225.jpg 300w, https:\/\/justicapotiguar.com.br\/wp-content\/uploads\/2019\/09\/oab-768x576.jpg 768w\" sizes=\"(max-width: 1024px) 100vw, 1024px\" \/><\/figure>\n\n\n\n<p>O acesso presencial ou virtual aos ju\u00edzes e desembargadores pelos advogados e advogadas \u00e9 um dos principais pontos cobrados pela OAB\/RN ao TJRN, que segundo constata\u00e7\u00e3o da advocacia, n\u00e3o vem acontecendo. Outro ponto requerido \u00e9 sobre a dificuldade de acesso aos autos f\u00edsicos.<\/p>\n\n\n\n<p>&#8220;A OAB espera que todas as Varas, sem exce\u00e7\u00e3o, tenham algum servidor que possa fazer o tr\u00e2mite dos processos f\u00edsicos, para que advogados e advogadas tenham acesso a processos , bem como requerer o que for necess\u00e1rio para a defesa dos seus clientes&#8221;, frisou o presidente da OAB\/RN, Aldo Medeiros.<\/p><div class=\"monjq69f35d4b58628\" ><!--<a href=\"https:\/\/bit.ly\/3QdrqTZ\" target=\"_blank\">\n<img src=\"https:\/\/justicapotiguar.com.br\/wp-content\/uploads\/2023\/09\/mobile-geral.gif\"\/><a\/>--><\/div><style type=\"text\/css\">\r\n.monjq69f35d4b58628 {\r\ntext-align: center;\r\n}\r\n@media screen and (min-width: 1201px) {\r\n.monjq69f35d4b58628 {\r\ndisplay: none;\r\n}\r\n}\r\n@media screen and (min-width: 993px) and (max-width: 1200px) {\r\n.monjq69f35d4b58628 {\r\ndisplay: none;\r\n}\r\n}\r\n@media screen and (min-width: 769px) and (max-width: 992px) {\r\n.monjq69f35d4b58628 {\r\ndisplay: none;\r\n}\r\n}\r\n@media screen and (min-width: 768px) and (max-width: 768px) {\r\n.monjq69f35d4b58628 {\r\ndisplay: block;\r\n}\r\n}\r\n@media screen and (max-width: 767px) {\r\n.monjq69f35d4b58628 {\r\ndisplay: block;\r\n}\r\n}\r\n<\/style>\r\n<div class=\"zyzqg69f35d4b5860a\" ><!--<a href=\"https:\/\/bit.ly\/3QdrqTZ\" target=\"_blank\">\n<img src=\"https:\/\/justicapotiguar.com.br\/wp-content\/uploads\/2023\/09\/desktop-geral.gif\"\/><a\/>--><\/div><style type=\"text\/css\">\r\n.zyzqg69f35d4b5860a {\r\ntext-align: center;\nmargin-bottom: 1em;\r\n}\r\n@media screen and (min-width: 1201px) {\r\n.zyzqg69f35d4b5860a {\r\ndisplay: block;\r\n}\r\n}\r\n@media screen and (min-width: 993px) and (max-width: 1200px) {\r\n.zyzqg69f35d4b5860a {\r\ndisplay: block;\r\n}\r\n}\r\n@media screen and (min-width: 769px) and (max-width: 992px) {\r\n.zyzqg69f35d4b5860a {\r\ndisplay: block;\r\n}\r\n}\r\n@media screen and (min-width: 768px) and (max-width: 768px) {\r\n.zyzqg69f35d4b5860a {\r\ndisplay: none;\r\n}\r\n}\r\n@media screen and (max-width: 767px) {\r\n.zyzqg69f35d4b5860a {\r\ndisplay: none;\r\n}\r\n}\r\n<\/style>\r\n\n\n\n\n<p>A necessidade que um atendimento remoto &#8211; seja por telefone, e-mail ou aplicativo &#8211; funcione durante todo o hor\u00e1rio do expediente \u00e9 uma das medidas urgentes solicitadas pela OAB\/RN. &#8220;A Ordem est\u00e1 atenta sobre todos esses aspectos e entende que eles s\u00e3o t\u00e3o ou mais importantes do que o retorno presencial imediato&#8221;, disse o presidente.<\/p>\n\n\n\n<p>Outro ponto pleiteado \u00e9 o funcionamento das Turmas Recursais dos Juizados Especiais e funcionamento da Central de Distribui\u00e7\u00e3o de Mandados. &#8220;Uma vez que os oficiais de justi\u00e7a e servidores precisam de equipamento de prote\u00e7\u00e3o para cumprir suas miss\u00f5es. Al\u00e9m disso, existem muitos mandados acumulados que precisam de um tratamento diferenciado por parte do Tribunal&#8221;, explicou Aldo Medeiros.<\/p>\n","protected":false},"excerpt":{"rendered":"<p>A Ordem dos Advogados do Brasil no Rio Grande do Norte (OAB\/RN), por meio da sua diretoria, aguarda a publica\u00e7\u00e3o de um ato normativo do Tribunal de Justi\u00e7a do RN que regulamente o retorno gradual das atividades do judici\u00e1rio, em 3 de agosto. A OAB\/RN solicitou, em of\u00edcio enviado ao Tribunal em 30 de junho,<br \/><a class=\"more-link\" href=\"https:\/\/justicapotiguar.com.br\/index.php\/2020\/07\/24\/oab-rn-aguarda-posicao-do-tjrn-sobre-retorno-das-atividades-judiciais\/\">Mais&#8230;<\/a><\/p>\n","protected":false},"author":5,"featured_media":2587,"comment_status":"open","ping_status":"open","sticky":false,"template":"","format":"standard","meta":[],"categories":[3],"tags":[],"_links":{"self":[{"href":"https:\/\/justicapotiguar.com.br\/index.php\/wp-json\/wp\/v2\/posts\/11726"}],"collection":[{"href":"https:\/\/justicapotiguar.com.br\/index.php\/wp-json\/wp\/v2\/posts"}],"about":[{"href":"https:\/\/justicapotiguar.com.br\/index.php\/wp-json\/wp\/v2\/types\/post"}],"author":[{"embeddable":true,"href":"https:\/\/justicapotiguar.com.br\/index.php\/wp-json\/wp\/v2\/users\/5"}],"replies":[{"embeddable":true,"href":"https:\/\/justicapotiguar.com.br\/index.php\/wp-json\/wp\/v2\/comments?post=11726"}],"version-history":[{"count":1,"href":"https:\/\/justicapotiguar.com.br\/index.php\/wp-json\/wp\/v2\/posts\/11726\/revisions"}],"predecessor-version":[{"id":11727,"href":"https:\/\/justicapotiguar.com.br\/index.php\/wp-json\/wp\/v2\/posts\/11726\/revisions\/11727"}],"wp:featuredmedia":[{"embeddable":true,"href":"https:\/\/justicapotiguar.com.br\/index.php\/wp-json\/wp\/v2\/media\/2587"}],"wp:attachment":[{"href":"https:\/\/justicapotiguar.com.br\/index.php\/wp-json\/wp\/v2\/media?parent=11726"}],"wp:term":[{"taxonomy":"category","embeddable":true,"href":"https:\/\/justicapotiguar.com.br\/index.php\/wp-json\/wp\/v2\/categories?post=11726"},{"taxonomy":"post_tag","embeddable":true,"href":"https:\/\/justicapotiguar.com.br\/index.php\/wp-json\/wp\/v2\/tags?post=11726"}],"curies":[{"name":"wp","href":"https:\/\/api.w.org\/{rel}","templated":true}]}}