{"id":11724,"date":"2020-07-24T17:28:19","date_gmt":"2020-07-24T20:28:19","guid":{"rendered":"https:\/\/justicapotiguar.com.br\/?p=11724"},"modified":"2020-07-24T16:30:37","modified_gmt":"2020-07-24T19:30:37","slug":"dpe-rn-retomara-trabalho-presencial-a-partir-de-03-de-agosto","status":"publish","type":"post","link":"https:\/\/justicapotiguar.com.br\/index.php\/2020\/07\/24\/dpe-rn-retomara-trabalho-presencial-a-partir-de-03-de-agosto\/","title":{"rendered":"DPE\/RN retomar\u00e1 trabalho presencial a partir de 03 de agosto"},"content":{"rendered":"\n<p>A Defensoria P\u00fablica do Estado do Rio Grande do Norte (DPE\/RN) definiu a data para sua retomada gradual do funcionamento presencial. A institui\u00e7\u00e3o est\u00e1 formatando um plano que consistir\u00e1 em tr\u00eas fases, sendo que a primeira delas j\u00e1 entrar\u00e1 em vigor no pr\u00f3ximo dia 03 de agosto. A data segue o previsto no \u00faltimo ato normativo conjunto expedido pelos \u00f3rg\u00e3os que integram o sistema de Justi\u00e7a deste Estado, que condicionou o retorno das atividades presenciais \u00e0 redu\u00e7\u00e3o dos \u00edndices epidemiol\u00f3gicos de contamina\u00e7\u00e3o.<\/p>\n\n\n\n<figure class=\"wp-block-image\"><img loading=\"lazy\" width=\"1024\" height=\"681\" src=\"https:\/\/justicapotiguar.com.br\/wp-content\/uploads\/2019\/08\/def-1024x681.jpg\" alt=\"\" class=\"wp-image-988\" srcset=\"https:\/\/justicapotiguar.com.br\/wp-content\/uploads\/2019\/08\/def-1024x681.jpg 1024w, https:\/\/justicapotiguar.com.br\/wp-content\/uploads\/2019\/08\/def-300x199.jpg 300w, https:\/\/justicapotiguar.com.br\/wp-content\/uploads\/2019\/08\/def-768x511.jpg 768w, https:\/\/justicapotiguar.com.br\/wp-content\/uploads\/2019\/08\/def.jpg 1280w\" sizes=\"(max-width: 1024px) 100vw, 1024px\" \/><figcaption>Reprodu\u00e7\u00e3o<\/figcaption><\/figure>\n\n\n\n<p>O retorno das atividades presenciais ter\u00e1 in\u00edcio atrav\u00e9s das fun\u00e7\u00f5es administrativas e com a pr\u00e1tica de atos judiciais que n\u00e3o possam ser realizados virtualmente, seguindo o cronograma de audi\u00eancias previsto pelo Poder Judici\u00e1rio. De acordo com o plano, a segunda etapa consistir\u00e1 no retorno do atendimento presencial ao p\u00fablico mediante pr\u00e9vio agendamento para os casos em que o assistido n\u00e3o consiga realizar o atendimento de forma virtual ou para os atos de concilia\u00e7\u00e3o pr\u00e9-processual, tendo data prevista para 17 de agosto. A terceira e \u00faltima etapa do plano est\u00e1 condicionada ao fim da situa\u00e7\u00e3o de calamidade p\u00fablica causada pela pandemia da Covid-19.<\/p>\n\n\n\n<p>\u201cAtendendo \u00e0s orienta\u00e7\u00f5es de biosseguran\u00e7a, o nosso plano prev\u00ea um protocolo de funcionamento que inclui obrigatoriedade do uso de m\u00e1scara dentro dos pr\u00e9dios da institui\u00e7\u00e3o, aferi\u00e7\u00e3o de temperatura antes de entrar para o atendimento, escala de trabalho que atenda a dist\u00e2ncia m\u00ednima social de 1,5m entre defensores, servidores, estagi\u00e1rios, residentes, terceirizados e a popula\u00e7\u00e3o assistida\u201d, explica o Defensor P\u00fablico-Geral do Rio Grande do Norte, Marcus Vinicius Soares Alves.<\/p><div class=\"oycuw69f34b17bd17d\" ><!--<a href=\"https:\/\/bit.ly\/3QdrqTZ\" target=\"_blank\">\n<img src=\"https:\/\/justicapotiguar.com.br\/wp-content\/uploads\/2023\/09\/mobile-geral.gif\"\/><a\/>--><\/div><style type=\"text\/css\">\r\n.oycuw69f34b17bd17d {\r\ntext-align: center;\r\n}\r\n@media screen and (min-width: 1201px) {\r\n.oycuw69f34b17bd17d {\r\ndisplay: none;\r\n}\r\n}\r\n@media screen and (min-width: 993px) and (max-width: 1200px) {\r\n.oycuw69f34b17bd17d {\r\ndisplay: none;\r\n}\r\n}\r\n@media screen and (min-width: 769px) and (max-width: 992px) {\r\n.oycuw69f34b17bd17d {\r\ndisplay: none;\r\n}\r\n}\r\n@media screen and (min-width: 768px) and (max-width: 768px) {\r\n.oycuw69f34b17bd17d {\r\ndisplay: block;\r\n}\r\n}\r\n@media screen and (max-width: 767px) {\r\n.oycuw69f34b17bd17d {\r\ndisplay: block;\r\n}\r\n}\r\n<\/style>\r\n<div class=\"yhxgp69f34b17bd163\" ><!--<a href=\"https:\/\/bit.ly\/3QdrqTZ\" target=\"_blank\">\n<img src=\"https:\/\/justicapotiguar.com.br\/wp-content\/uploads\/2023\/09\/desktop-geral.gif\"\/><a\/>--><\/div><style type=\"text\/css\">\r\n.yhxgp69f34b17bd163 {\r\ntext-align: center;\nmargin-bottom: 1em;\r\n}\r\n@media screen and (min-width: 1201px) {\r\n.yhxgp69f34b17bd163 {\r\ndisplay: block;\r\n}\r\n}\r\n@media screen and (min-width: 993px) and (max-width: 1200px) {\r\n.yhxgp69f34b17bd163 {\r\ndisplay: block;\r\n}\r\n}\r\n@media screen and (min-width: 769px) and (max-width: 992px) {\r\n.yhxgp69f34b17bd163 {\r\ndisplay: block;\r\n}\r\n}\r\n@media screen and (min-width: 768px) and (max-width: 768px) {\r\n.yhxgp69f34b17bd163 {\r\ndisplay: none;\r\n}\r\n}\r\n@media screen and (max-width: 767px) {\r\n.yhxgp69f34b17bd163 {\r\ndisplay: none;\r\n}\r\n}\r\n<\/style>\r\n\n\n\n\n<p>Para a retomada do atendimento presencial, a institui\u00e7\u00e3o equipou os guich\u00eas de atendimento com barreiras f\u00edsicas e est\u00e1 fazendo a aquisi\u00e7\u00e3o de m\u00e1scaras descart\u00e1veis e acr\u00edlicas, \u00e1lcool em gel e dispensadores de \u00e1lcool em gel. A presen\u00e7a da popula\u00e7\u00e3o dentro da institui\u00e7\u00e3o tamb\u00e9m atender\u00e1 a um limite de pessoas por hor\u00e1rio de agendamento e com observ\u00e2ncia a todos os protocolos de biosseguran\u00e7a.<\/p>\n\n\n\n<p>Os canais de atendimento digitais implementados durante a pandemia \u2013 Central de Whatsapp, Formul\u00e1rios de Atendimento, Chat Online no site&nbsp;<a href=\"http:\/\/www.defensoria.rn.def.br\/\" target=\"_blank\" rel=\"noreferrer noopener\">www.defensoria.rn.def.br<\/a>&nbsp;&#8211; ser\u00e3o mantidos&nbsp; e utilizados de forma preferencial, sendo o atendimento presencial restrito aos casos em que o assistido n\u00e3o tenha acesso a esses canais eletr\u00f4nicos ou n\u00e3o disponha de condi\u00e7\u00f5es de operacionaliz\u00e1-los para envio de documentos e presta\u00e7\u00e3o de informa\u00e7\u00f5es. \u201cTudo que vivenciamos nesses quatro meses foram aprendizados e n\u00e3o podemos retroceder com os canais de comunica\u00e7\u00e3o abertos. O ambiente digital \u00e9 uma realidade na vida das pessoas e n\u00e3o iremos encerr\u00e1-los\u201d, explica o gestor.<\/p>\n\n\n\n<p>O planejamento de retorno presencial tamb\u00e9m inclui protocolos de higieniza\u00e7\u00e3o nos pr\u00e9dios e esta\u00e7\u00f5es de trabalho de forma a garantir a seguran\u00e7a sanit\u00e1ria do trabalhador e do cidad\u00e3o que procura atendimento. O plano prev\u00ea ainda que membros e servidores que est\u00e3o no grupo de risco e atendam a crit\u00e9rios definidos poder\u00e3o solicitar a perman\u00eancia no trabalho remoto.<\/p>\n","protected":false},"excerpt":{"rendered":"<p>A Defensoria P\u00fablica do Estado do Rio Grande do Norte (DPE\/RN) definiu a data para sua retomada gradual do funcionamento presencial. A institui\u00e7\u00e3o est\u00e1 formatando um plano que consistir\u00e1 em tr\u00eas fases, sendo que a primeira delas j\u00e1 entrar\u00e1 em vigor no pr\u00f3ximo dia 03 de agosto. A data segue o previsto no \u00faltimo ato<br \/><a class=\"more-link\" href=\"https:\/\/justicapotiguar.com.br\/index.php\/2020\/07\/24\/dpe-rn-retomara-trabalho-presencial-a-partir-de-03-de-agosto\/\">Mais&#8230;<\/a><\/p>\n","protected":false},"author":5,"featured_media":988,"comment_status":"open","ping_status":"open","sticky":false,"template":"","format":"standard","meta":[],"categories":[3],"tags":[],"_links":{"self":[{"href":"https:\/\/justicapotiguar.com.br\/index.php\/wp-json\/wp\/v2\/posts\/11724"}],"collection":[{"href":"https:\/\/justicapotiguar.com.br\/index.php\/wp-json\/wp\/v2\/posts"}],"about":[{"href":"https:\/\/justicapotiguar.com.br\/index.php\/wp-json\/wp\/v2\/types\/post"}],"author":[{"embeddable":true,"href":"https:\/\/justicapotiguar.com.br\/index.php\/wp-json\/wp\/v2\/users\/5"}],"replies":[{"embeddable":true,"href":"https:\/\/justicapotiguar.com.br\/index.php\/wp-json\/wp\/v2\/comments?post=11724"}],"version-history":[{"count":1,"href":"https:\/\/justicapotiguar.com.br\/index.php\/wp-json\/wp\/v2\/posts\/11724\/revisions"}],"predecessor-version":[{"id":11725,"href":"https:\/\/justicapotiguar.com.br\/index.php\/wp-json\/wp\/v2\/posts\/11724\/revisions\/11725"}],"wp:featuredmedia":[{"embeddable":true,"href":"https:\/\/justicapotiguar.com.br\/index.php\/wp-json\/wp\/v2\/media\/988"}],"wp:attachment":[{"href":"https:\/\/justicapotiguar.com.br\/index.php\/wp-json\/wp\/v2\/media?parent=11724"}],"wp:term":[{"taxonomy":"category","embeddable":true,"href":"https:\/\/justicapotiguar.com.br\/index.php\/wp-json\/wp\/v2\/categories?post=11724"},{"taxonomy":"post_tag","embeddable":true,"href":"https:\/\/justicapotiguar.com.br\/index.php\/wp-json\/wp\/v2\/tags?post=11724"}],"curies":[{"name":"wp","href":"https:\/\/api.w.org\/{rel}","templated":true}]}}