{"id":11719,"date":"2020-07-24T16:30:30","date_gmt":"2020-07-24T19:30:30","guid":{"rendered":"https:\/\/justicapotiguar.com.br\/?p=11719"},"modified":"2020-07-24T14:45:39","modified_gmt":"2020-07-24T17:45:39","slug":"quem-manda-mais-juiz-prorroga-quarentena-em-cuiaba-por-14-dias-e-multa-prefeito-em-r-200-mil","status":"publish","type":"post","link":"https:\/\/justicapotiguar.com.br\/index.php\/2020\/07\/24\/quem-manda-mais-juiz-prorroga-quarentena-em-cuiaba-por-14-dias-e-multa-prefeito-em-r-200-mil\/","title":{"rendered":"QUEM MANDA MAIS? Juiz prorroga quarentena em Cuiab\u00e1 por 14 dias e multa prefeito em R$ 200 mil"},"content":{"rendered":"\n<p>O juiz de Direito Jos\u00e9 Luiz Leite Lindote, da vara Estadual da Sa\u00fade P\u00fablica de MT, prorrogou por mais 14 dias a quarentena obrigat\u00f3ria nos munic\u00edpios de Cuiab\u00e1 e V\u00e1rzea Grande. A decis\u00e3o passa a contar a partir da meia noite desta sexta-feira, 24. Os dois munic\u00edpios foram classificados como de risco alto de contamina\u00e7\u00e3o pela covid-19, conforme boletim epidemiol\u00f3gico da Secretaria Estadual de Sa\u00fade divulgado nesta quinta-feira, 23.<\/p>\n\n\n\n<p>Na decis\u00e3o, o prefeito de Cuiab\u00e1, Emanuel Pinheiro, foi multado em R$ 200 mil, e o secret\u00e1rio de Ordem P\u00fablica da Capital, Leovaldo Emanoel Sales da Silva, em R$ 100 mil, ambos por descumprimento de decis\u00e3o judicial.<\/p>\n\n\n\n<figure class=\"wp-block-image\"><img src=\"https:\/\/www.globalframe.com.br\/gf_base\/empresas\/MIGA\/imagens\/6AFDEACEDAE71459BEB31918BE9627EBFB0A_quarentena.jpg\" alt=\"t\"\/><\/figure>\n\n\n\n<p>Cuiab\u00e1 e V\u00e1rzea Grande est\u00e3o em quarentena desde 22 de junho, quando o juiz Lindote&nbsp;<a href=\"https:\/\/www.migalhas.com.br\/quentes\/329484\/municipios-de-mt-devem-adotar-isolamento-previsto-em-decreto-estadual\" target=\"_blank\" rel=\"noreferrer noopener\">determinou<\/a>&nbsp;que os prefeitos cumprissem o estabelecido no artigo 5\u00ba do decreto estadual 522\/20, que prev\u00ea uma s\u00e9rie de medidas restritivas para munic\u00edpios de risco alto ou muito alto de contamina\u00e7\u00e3o pelo coronav\u00edrus.<\/p>\n\n\n\n<p>No entendimento do magistrado, o prefeito descumpriu a decis\u00e3o judicial em dois momentos. No primeiro por demorar a publicar decreto municipal nos moldes do decreto estadual, visando o bem comum,&nbsp;<em>\u201cvisto que ficou mais preocupado em recorrer da decis\u00e3o do que efetivamente cumpri-la\u201d<\/em>. Segundo o magistrado, a demora criou uma inseguran\u00e7a jur\u00eddica e motivou os mun\u00edcipes cuiabanos a descumpri-la.<\/p>\n\n\n\n<p>J\u00e1 a segunda multa de Emanuel Pinheiro, tamb\u00e9m de R$ 100 mil, e de igual valor para o secret\u00e1rio de Ordem P\u00fablica, ocorreu em raz\u00e3o de omiss\u00e3o dos respons\u00e1veis, que em 8 de julho permitiram que cerca de 5 mil pessoas comparecessem ao sepultamento do pastor Sebasti\u00e3o Rodrigues de Souza.<\/p><div class=\"hokoe69f34d0143ca0\" ><!--<a href=\"https:\/\/bit.ly\/3QdrqTZ\" target=\"_blank\">\n<img src=\"https:\/\/justicapotiguar.com.br\/wp-content\/uploads\/2023\/09\/mobile-geral.gif\"\/><a\/>--><\/div><style type=\"text\/css\">\r\n.hokoe69f34d0143ca0 {\r\ntext-align: center;\r\n}\r\n@media screen and (min-width: 1201px) {\r\n.hokoe69f34d0143ca0 {\r\ndisplay: none;\r\n}\r\n}\r\n@media screen and (min-width: 993px) and (max-width: 1200px) {\r\n.hokoe69f34d0143ca0 {\r\ndisplay: none;\r\n}\r\n}\r\n@media screen and (min-width: 769px) and (max-width: 992px) {\r\n.hokoe69f34d0143ca0 {\r\ndisplay: none;\r\n}\r\n}\r\n@media screen and (min-width: 768px) and (max-width: 768px) {\r\n.hokoe69f34d0143ca0 {\r\ndisplay: block;\r\n}\r\n}\r\n@media screen and (max-width: 767px) {\r\n.hokoe69f34d0143ca0 {\r\ndisplay: block;\r\n}\r\n}\r\n<\/style>\r\n<div class=\"cjbba69f34d0143c7f\" ><!--<a href=\"https:\/\/bit.ly\/3QdrqTZ\" target=\"_blank\">\n<img src=\"https:\/\/justicapotiguar.com.br\/wp-content\/uploads\/2023\/09\/desktop-geral.gif\"\/><a\/>--><\/div><style type=\"text\/css\">\r\n.cjbba69f34d0143c7f {\r\ntext-align: center;\nmargin-bottom: 1em;\r\n}\r\n@media screen and (min-width: 1201px) {\r\n.cjbba69f34d0143c7f {\r\ndisplay: block;\r\n}\r\n}\r\n@media screen and (min-width: 993px) and (max-width: 1200px) {\r\n.cjbba69f34d0143c7f {\r\ndisplay: block;\r\n}\r\n}\r\n@media screen and (min-width: 769px) and (max-width: 992px) {\r\n.cjbba69f34d0143c7f {\r\ndisplay: block;\r\n}\r\n}\r\n@media screen and (min-width: 768px) and (max-width: 768px) {\r\n.cjbba69f34d0143c7f {\r\ndisplay: none;\r\n}\r\n}\r\n@media screen and (max-width: 767px) {\r\n.cjbba69f34d0143c7f {\r\ndisplay: none;\r\n}\r\n}\r\n<\/style>\r\n\n\n\n\n<p><em>\u201cA Pol\u00edcia Militar e a Secretaria de Mobilidade Urbana (Semob) deveriam impedir qualquer tipo de aglomera\u00e7\u00e3o, mas trataram o evento como um ato excepcional, o que certamente \u00e9 contr\u00e1rio ou n\u00e3o contribui ao combate \u00e0 Covid-19.\u201d<\/em><\/p>\n\n\n\n<p><em>\u201cEste ju\u00edzo vem ouvindo veladas cr\u00edticas do Poder P\u00fablico Municipal de Cuiab\u00e1 &#8211; MT, em face da decis\u00e3o proferida nestes autos, que determinou a observ\u00e2ncia dos requeridos ao Decreto Estadual, sendo que este gestor com toda sua expertise n\u00e3o consegue enxergar que o poder da \u201ccaneta\u201d, como exaustivamente alega, n\u00e3o est\u00e1 no Poder Judici\u00e1rio Local e sim no Decreto Estadual editado pelo Poder Executivo Estadual, o qual efetivamente dita as normas a serem seguidas\u201d<\/em>, diz trecho da decis\u00e3o.<\/p>\n\n\n\n<ul><li>Processo:&nbsp;<a href=\"https:\/\/pje.tjmt.jus.br\/pje\/ConsultaPublica\/DetalheProcessoConsultaPublica\/listView.seam?ca=05c050cfecf57eac02533392f0d9ee0821983bbb885681ec\" target=\"_blank\" rel=\"noreferrer noopener\">1015037-66.2020.8.11.0002<\/a><\/li><\/ul>\n\n\n\n<p>Confira&nbsp;<a href=\"https:\/\/www.migalhas.com.br\/arquivos\/2020\/7\/608647026C7EDD_decisaoMT.pdf\" target=\"_blank\" rel=\"noreferrer noopener\">aqui<\/a>&nbsp;a decis\u00e3o.<\/p>\n\n\n\n<p><em>Informa\u00e7\u00f5es: TJ\/MT.<\/em><br><\/p>\n","protected":false},"excerpt":{"rendered":"<p>O juiz de Direito Jos\u00e9 Luiz Leite Lindote, da vara Estadual da Sa\u00fade P\u00fablica de MT, prorrogou por mais 14 dias a quarentena obrigat\u00f3ria nos munic\u00edpios de Cuiab\u00e1 e V\u00e1rzea Grande. A decis\u00e3o passa a contar a partir da meia noite desta sexta-feira, 24. Os dois munic\u00edpios foram classificados como de risco alto de contamina\u00e7\u00e3o<br \/><a class=\"more-link\" href=\"https:\/\/justicapotiguar.com.br\/index.php\/2020\/07\/24\/quem-manda-mais-juiz-prorroga-quarentena-em-cuiaba-por-14-dias-e-multa-prefeito-em-r-200-mil\/\">Mais&#8230;<\/a><\/p>\n","protected":false},"author":5,"featured_media":2488,"comment_status":"open","ping_status":"open","sticky":false,"template":"","format":"standard","meta":[],"categories":[3],"tags":[],"_links":{"self":[{"href":"https:\/\/justicapotiguar.com.br\/index.php\/wp-json\/wp\/v2\/posts\/11719"}],"collection":[{"href":"https:\/\/justicapotiguar.com.br\/index.php\/wp-json\/wp\/v2\/posts"}],"about":[{"href":"https:\/\/justicapotiguar.com.br\/index.php\/wp-json\/wp\/v2\/types\/post"}],"author":[{"embeddable":true,"href":"https:\/\/justicapotiguar.com.br\/index.php\/wp-json\/wp\/v2\/users\/5"}],"replies":[{"embeddable":true,"href":"https:\/\/justicapotiguar.com.br\/index.php\/wp-json\/wp\/v2\/comments?post=11719"}],"version-history":[{"count":1,"href":"https:\/\/justicapotiguar.com.br\/index.php\/wp-json\/wp\/v2\/posts\/11719\/revisions"}],"predecessor-version":[{"id":11720,"href":"https:\/\/justicapotiguar.com.br\/index.php\/wp-json\/wp\/v2\/posts\/11719\/revisions\/11720"}],"wp:featuredmedia":[{"embeddable":true,"href":"https:\/\/justicapotiguar.com.br\/index.php\/wp-json\/wp\/v2\/media\/2488"}],"wp:attachment":[{"href":"https:\/\/justicapotiguar.com.br\/index.php\/wp-json\/wp\/v2\/media?parent=11719"}],"wp:term":[{"taxonomy":"category","embeddable":true,"href":"https:\/\/justicapotiguar.com.br\/index.php\/wp-json\/wp\/v2\/categories?post=11719"},{"taxonomy":"post_tag","embeddable":true,"href":"https:\/\/justicapotiguar.com.br\/index.php\/wp-json\/wp\/v2\/tags?post=11719"}],"curies":[{"name":"wp","href":"https:\/\/api.w.org\/{rel}","templated":true}]}}