{"id":11717,"date":"2020-07-24T15:36:38","date_gmt":"2020-07-24T18:36:38","guid":{"rendered":"https:\/\/justicapotiguar.com.br\/?p=11717"},"modified":"2020-07-24T14:38:06","modified_gmt":"2020-07-24T17:38:06","slug":"40-decisoes-do-stj-sobre-alimentos-parte-03","status":"publish","type":"post","link":"https:\/\/justicapotiguar.com.br\/index.php\/2020\/07\/24\/40-decisoes-do-stj-sobre-alimentos-parte-03\/","title":{"rendered":"40 decis\u00f5es do STJ sobre alimentos \u2013 parte 03"},"content":{"rendered":"\n<figure class=\"wp-block-image\"><img loading=\"lazy\" width=\"1024\" height=\"678\" src=\"https:\/\/justicapotiguar.com.br\/wp-content\/uploads\/2020\/03\/iStock-638601140_justica-1024x678-7-1024x678.jpg\" alt=\"\" class=\"wp-image-7626\" srcset=\"https:\/\/justicapotiguar.com.br\/wp-content\/uploads\/2020\/03\/iStock-638601140_justica-1024x678-7.jpg 1024w, https:\/\/justicapotiguar.com.br\/wp-content\/uploads\/2020\/03\/iStock-638601140_justica-1024x678-7-300x199.jpg 300w, https:\/\/justicapotiguar.com.br\/wp-content\/uploads\/2020\/03\/iStock-638601140_justica-1024x678-7-768x509.jpg 768w\" sizes=\"(max-width: 1024px) 100vw, 1024px\" \/><figcaption>Ilustrativa<\/figcaption><\/figure>\n\n\n\n<p><strong>Por Rodrigo Leite |\u00a0<strong>Telegram<\/strong><\/strong>:<strong>\u00a0<\/strong><a>https:\/\/t.me\/pilulasjuridicasSTFSTJ<\/a><br><\/p>\n\n\n\n<p><strong>Parte 01:&nbsp;<a>https:\/\/bit.ly\/30J1Uub<\/a><\/strong><\/p>\n\n\n\n<p><strong>Parte 02:&nbsp;<a>https:\/\/bit.ly\/2WU3ubz<\/a><\/strong><\/p>\n\n\n\n<p><strong>Segue a parte 03:<\/strong><\/p>\n\n\n\n<p><strong>21)<\/strong>&nbsp;\u00c9 cab\u00edvel a\u00e7\u00e3o de exigir de contas ajuizada pelo alimentante, em nome pr\u00f3prio, contra a genitora guardi\u00e3 do alimentado para obten\u00e7\u00e3o de informa\u00e7\u00f5es sobre a destina\u00e7\u00e3o da pens\u00e3o paga mensalmente, desde que proposta sem a finalidade de apurar a exist\u00eancia de eventual cr\u00e9dito (<strong>REsp 1.814.639\/RS<\/strong>,&nbsp;DJe 09\/06\/2020). Comentamos esse ac\u00f3rd\u00e3o aqui:&nbsp;<a>https:\/\/bit.ly\/2ORbt4E<\/a><\/p>\n\n\n\n<p><strong>22)<\/strong>&nbsp;Os&nbsp;alimentos&nbsp;incidem sobre verbas pagas em car\u00e1ter habitual, n\u00e3o se aplicando a quaisquer daquelas que n\u00e3o ostentem car\u00e1ter usual ou que sejam equiparadas \u00e0 indeniza\u00e7\u00e3o (<strong>REsp 1.74.540\/SC<\/strong>,&nbsp;DJe 13\/03\/2020).<\/p>\n\n\n\n<p><strong>23)<\/strong>&nbsp;A genitora do alimentando n\u00e3o pode prosseguir na execu\u00e7\u00e3o de&nbsp;alimentos,&nbsp;em nome pr\u00f3prio, a fim de perceber os valores referentes aos d\u00e9bitos alimentares vencidos, ap\u00f3s a transfer\u00eancia da titularidade da guarda do menor ao executado (<strong>REsp 1.771.258\/SP<\/strong>,&nbsp;DJe 14\/08\/2019).<\/p><div class=\"uthpp69f349f38feff\" ><!--<a href=\"https:\/\/bit.ly\/3QdrqTZ\" target=\"_blank\">\n<img src=\"https:\/\/justicapotiguar.com.br\/wp-content\/uploads\/2023\/09\/mobile-geral.gif\"\/><a\/>--><\/div><style type=\"text\/css\">\r\n.uthpp69f349f38feff {\r\ntext-align: center;\r\n}\r\n@media screen and (min-width: 1201px) {\r\n.uthpp69f349f38feff {\r\ndisplay: none;\r\n}\r\n}\r\n@media screen and (min-width: 993px) and (max-width: 1200px) {\r\n.uthpp69f349f38feff {\r\ndisplay: none;\r\n}\r\n}\r\n@media screen and (min-width: 769px) and (max-width: 992px) {\r\n.uthpp69f349f38feff {\r\ndisplay: none;\r\n}\r\n}\r\n@media screen and (min-width: 768px) and (max-width: 768px) {\r\n.uthpp69f349f38feff {\r\ndisplay: block;\r\n}\r\n}\r\n@media screen and (max-width: 767px) {\r\n.uthpp69f349f38feff {\r\ndisplay: block;\r\n}\r\n}\r\n<\/style>\r\n<div class=\"nhngn69f349f38fee9\" ><!--<a href=\"https:\/\/bit.ly\/3QdrqTZ\" target=\"_blank\">\n<img src=\"https:\/\/justicapotiguar.com.br\/wp-content\/uploads\/2023\/09\/desktop-geral.gif\"\/><a\/>--><\/div><style type=\"text\/css\">\r\n.nhngn69f349f38fee9 {\r\ntext-align: center;\nmargin-bottom: 1em;\r\n}\r\n@media screen and (min-width: 1201px) {\r\n.nhngn69f349f38fee9 {\r\ndisplay: block;\r\n}\r\n}\r\n@media screen and (min-width: 993px) and (max-width: 1200px) {\r\n.nhngn69f349f38fee9 {\r\ndisplay: block;\r\n}\r\n}\r\n@media screen and (min-width: 769px) and (max-width: 992px) {\r\n.nhngn69f349f38fee9 {\r\ndisplay: block;\r\n}\r\n}\r\n@media screen and (min-width: 768px) and (max-width: 768px) {\r\n.nhngn69f349f38fee9 {\r\ndisplay: none;\r\n}\r\n}\r\n@media screen and (max-width: 767px) {\r\n.nhngn69f349f38fee9 {\r\ndisplay: none;\r\n}\r\n}\r\n<\/style>\r\n\n\n\n\n<p><strong>24)<\/strong>&nbsp;O Minist\u00e9rio P\u00fablico tem legitimidade ativa para ajuizar a\u00e7\u00e3o de alimentos em proveito de crian\u00e7a ou adolescente independentemente do exerc\u00edcio do poder familiar dos pais, ou do fato de o menor se encontrar nas situa\u00e7\u00f5es de risco descritas no art. 98 do Estatuto da Crian\u00e7a e do Adolescente, ou de quaisquer outros questionamentos acerca da exist\u00eancia ou efici\u00eancia da Defensoria P\u00fablica na comarca (<strong>S\u00famula 594<\/strong>)<\/p>\n\n\n\n<p><strong>25)<\/strong>&nbsp;Em caso de&nbsp;alimentos&nbsp;acordados voluntariamente entre ex-c\u00f4njuges, a incid\u00eancia de corre\u00e7\u00e3o monet\u00e1ria para atualiza\u00e7\u00e3o da obriga\u00e7\u00e3o ao longo do tempo deve estar expressamente prevista no contrato (<strong>REsp 1.705.669\/SP<\/strong>,&nbsp;DJe 15\/02\/2019).<\/p>\n\n\n\n<p><strong>26)<\/strong><strong>&nbsp;O falecimento do pai do alimentando n\u00e3o implica a autom\u00e1tica transmiss\u00e3o do dever alimentar aos&nbsp;<\/strong>av\u00f3s (<strong>REsp 1.249.133\/SC<\/strong>, DJe 02\/08\/2016).<\/p>\n\n\n\n<p><strong>27)<\/strong>&nbsp;\u00c9 admiss\u00edvel o uso da t\u00e9cnica executiva de desconto em folha de d\u00edvida de natureza alimentar ainda que haja anterior penhora de bens do devedor (<strong>REsp 1.733.697\/RS<\/strong>, DJe 13\/12\/2018).<\/p>\n\n\n\n<p><strong>28)<\/strong>&nbsp;A teoria do adimplemento substancial n\u00e3o tem incid\u00eancia nos v\u00ednculos familiares, revelando-se inadequada para solver controv\u00e9rsias relacionadas a obriga\u00e7\u00f5es de natureza alimentar (<strong>HC 439.973\/MG<\/strong>,&nbsp;DJe 04\/09\/2018. Sobre o tema:&nbsp;<a>https:\/\/bit.ly\/3jxZAiv<\/a><\/p>\n\n\n\n<p><strong>29)<\/strong>&nbsp;Excepcionalmente, \u00e9 admiss\u00edvel a fixa\u00e7\u00e3o de&nbsp;alimentos&nbsp;em valores ou em percentuais diferentes entre os filhos (<strong>REsp 1.624.050\/MG<\/strong>, DJe 22\/06\/2018)<\/p>\n\n\n\n<p><strong>30)<\/strong>&nbsp;\u00c9 poss\u00edvel, em sede de execu\u00e7\u00e3o de&nbsp;alimentos,&nbsp;a dedu\u00e7\u00e3o na pens\u00e3o aliment\u00edcia fixada exclusivamente em pec\u00fania das despesas pagas &#8220;<em>in natura<\/em>&#8220;, com o consentimento do credor, referentes a aluguel, condom\u00ednio e IPTU do im\u00f3vel onde residia o exequente (<strong>REsp 1.501.992\/RJ<\/strong>, DJe 20\/04\/2018).<\/p>\n","protected":false},"excerpt":{"rendered":"<p>Por Rodrigo Leite |\u00a0Telegram:\u00a0https:\/\/t.me\/pilulasjuridicasSTFSTJ Parte 01:&nbsp;https:\/\/bit.ly\/30J1Uub Parte 02:&nbsp;https:\/\/bit.ly\/2WU3ubz Segue a parte 03: 21)&nbsp;\u00c9 cab\u00edvel a\u00e7\u00e3o de exigir de contas ajuizada pelo alimentante, em nome pr\u00f3prio, contra a genitora guardi\u00e3 do alimentado para obten\u00e7\u00e3o de informa\u00e7\u00f5es sobre a destina\u00e7\u00e3o da pens\u00e3o paga mensalmente, desde que proposta sem a finalidade de apurar a exist\u00eancia de eventual cr\u00e9dito<br \/><a class=\"more-link\" href=\"https:\/\/justicapotiguar.com.br\/index.php\/2020\/07\/24\/40-decisoes-do-stj-sobre-alimentos-parte-03\/\">Mais&#8230;<\/a><\/p>\n","protected":false},"author":5,"featured_media":7521,"comment_status":"open","ping_status":"open","sticky":false,"template":"","format":"standard","meta":[],"categories":[3],"tags":[],"_links":{"self":[{"href":"https:\/\/justicapotiguar.com.br\/index.php\/wp-json\/wp\/v2\/posts\/11717"}],"collection":[{"href":"https:\/\/justicapotiguar.com.br\/index.php\/wp-json\/wp\/v2\/posts"}],"about":[{"href":"https:\/\/justicapotiguar.com.br\/index.php\/wp-json\/wp\/v2\/types\/post"}],"author":[{"embeddable":true,"href":"https:\/\/justicapotiguar.com.br\/index.php\/wp-json\/wp\/v2\/users\/5"}],"replies":[{"embeddable":true,"href":"https:\/\/justicapotiguar.com.br\/index.php\/wp-json\/wp\/v2\/comments?post=11717"}],"version-history":[{"count":1,"href":"https:\/\/justicapotiguar.com.br\/index.php\/wp-json\/wp\/v2\/posts\/11717\/revisions"}],"predecessor-version":[{"id":11718,"href":"https:\/\/justicapotiguar.com.br\/index.php\/wp-json\/wp\/v2\/posts\/11717\/revisions\/11718"}],"wp:featuredmedia":[{"embeddable":true,"href":"https:\/\/justicapotiguar.com.br\/index.php\/wp-json\/wp\/v2\/media\/7521"}],"wp:attachment":[{"href":"https:\/\/justicapotiguar.com.br\/index.php\/wp-json\/wp\/v2\/media?parent=11717"}],"wp:term":[{"taxonomy":"category","embeddable":true,"href":"https:\/\/justicapotiguar.com.br\/index.php\/wp-json\/wp\/v2\/categories?post=11717"},{"taxonomy":"post_tag","embeddable":true,"href":"https:\/\/justicapotiguar.com.br\/index.php\/wp-json\/wp\/v2\/tags?post=11717"}],"curies":[{"name":"wp","href":"https:\/\/api.w.org\/{rel}","templated":true}]}}