{"id":11693,"date":"2020-07-23T15:39:47","date_gmt":"2020-07-23T18:39:47","guid":{"rendered":"https:\/\/justicapotiguar.com.br\/?p=11693"},"modified":"2020-07-23T15:03:39","modified_gmt":"2020-07-23T18:03:39","slug":"alexandre-de-moraes-envia-noticia-crime-sobre-bolsonaro-e-filhos-a-pgr","status":"publish","type":"post","link":"https:\/\/justicapotiguar.com.br\/index.php\/2020\/07\/23\/alexandre-de-moraes-envia-noticia-crime-sobre-bolsonaro-e-filhos-a-pgr\/","title":{"rendered":"Alexandre de Moraes envia not\u00edcia-crime sobre Bolsonaro e filhos \u00e0 PGR"},"content":{"rendered":"\n<figure class=\"wp-block-image\"><img loading=\"lazy\" width=\"680\" height=\"409\" src=\"https:\/\/justicapotiguar.com.br\/wp-content\/uploads\/2020\/03\/F6DC56F04F3F014F72DC918861D45378CD16_Moraes.jpg\" alt=\"\" class=\"wp-image-8097\" srcset=\"https:\/\/justicapotiguar.com.br\/wp-content\/uploads\/2020\/03\/F6DC56F04F3F014F72DC918861D45378CD16_Moraes.jpg 680w, https:\/\/justicapotiguar.com.br\/wp-content\/uploads\/2020\/03\/F6DC56F04F3F014F72DC918861D45378CD16_Moraes-300x180.jpg 300w\" sizes=\"(max-width: 680px) 100vw, 680px\" \/><figcaption>Reprodu\u00e7\u00e3o<\/figcaption><\/figure>\n\n\n\n<p>Em decis\u00e3o tomada na ter\u00e7a-feira (21\/7), o ministro Alexandre de Moraes, do Supremo Tribunal Federal, abriu vista \u00e0 Procuradoria-Geral da Rep\u00fablica da not\u00edcia-crime enviada \u00e0 corte contra o presidente Jair Bolsonaro e dois de seus filhos, o deputado federal Eduardo Bolsonaro e o senador Fl\u00e1vio Bolsonaro.<\/p>\n\n\n\n<p>A not\u00edcia-crime foi enviada ao Supremo pela deputada federal Perp\u00e9tua Almeida (PCdoB-AC), segundo a qual h\u00e1 fortes ind\u00edcios de que os tr\u00eas seriam os respons\u00e1veis por rede de not\u00edcias fraudulentas por meio da qual cometeram os crimes de cal\u00fania, difama\u00e7\u00e3o, inj\u00faria, amea\u00e7a, incita\u00e7\u00e3o ao crime, apologia de crime ou criminoso, peculato, desobedi\u00eancia e denuncia\u00e7\u00e3o caluniosa contra o pr\u00f3prio STF, seus ministros, o Poder Legislativo e os presidentes da C\u00e2mara e do Senado.<\/p>\n\n\n\n<p>A den\u00fancia \u00e9 baseada em a\u00e7\u00e3o do Facebook, que em 8 de julho retirou do ar 35 contas, 14 p\u00e1ginas e um grupo da rede social. Esses perfis seriam ligados ao Partido Social Liberal, pelo qual o presidente e os parlamentares foram eleitos, e a gabinetes da fam\u00edlia Bolsonaro.<\/p>\n\n\n\n<p>Em 15 de julho, o ministro Alexandre de Moraes&nbsp;<a href=\"https:\/\/www.conjur.com.br\/2020-jul-15\/alexandre-libera-acesso-pf-contas-removidas-facebook\" target=\"_blank\" rel=\"noreferrer noopener\">deu permiss\u00e3o<\/a>&nbsp;\u00e0 Pol\u00edcia Federal para acessar dados dessas contas, no \u00e2mbito de dois inqu\u00e9ritos que tramitam no STF, sobre fake news e manifesta\u00e7\u00f5es antidemocr\u00e1ticas.<\/p><div class=\"jykbz69ec8e16f088a\" ><!--<a href=\"https:\/\/bit.ly\/3QdrqTZ\" target=\"_blank\">\n<img src=\"https:\/\/justicapotiguar.com.br\/wp-content\/uploads\/2023\/09\/mobile-geral.gif\"\/><a\/>--><\/div><style type=\"text\/css\">\r\n.jykbz69ec8e16f088a {\r\ntext-align: center;\r\n}\r\n@media screen and (min-width: 1201px) {\r\n.jykbz69ec8e16f088a {\r\ndisplay: none;\r\n}\r\n}\r\n@media screen and (min-width: 993px) and (max-width: 1200px) {\r\n.jykbz69ec8e16f088a {\r\ndisplay: none;\r\n}\r\n}\r\n@media screen and (min-width: 769px) and (max-width: 992px) {\r\n.jykbz69ec8e16f088a {\r\ndisplay: none;\r\n}\r\n}\r\n@media screen and (min-width: 768px) and (max-width: 768px) {\r\n.jykbz69ec8e16f088a {\r\ndisplay: block;\r\n}\r\n}\r\n@media screen and (max-width: 767px) {\r\n.jykbz69ec8e16f088a {\r\ndisplay: block;\r\n}\r\n}\r\n<\/style>\r\n<div class=\"zimfd69ec8e16f0877\" ><!--<a href=\"https:\/\/bit.ly\/3QdrqTZ\" target=\"_blank\">\n<img src=\"https:\/\/justicapotiguar.com.br\/wp-content\/uploads\/2023\/09\/desktop-geral.gif\"\/><a\/>--><\/div><style type=\"text\/css\">\r\n.zimfd69ec8e16f0877 {\r\ntext-align: center;\nmargin-bottom: 1em;\r\n}\r\n@media screen and (min-width: 1201px) {\r\n.zimfd69ec8e16f0877 {\r\ndisplay: block;\r\n}\r\n}\r\n@media screen and (min-width: 993px) and (max-width: 1200px) {\r\n.zimfd69ec8e16f0877 {\r\ndisplay: block;\r\n}\r\n}\r\n@media screen and (min-width: 769px) and (max-width: 992px) {\r\n.zimfd69ec8e16f0877 {\r\ndisplay: block;\r\n}\r\n}\r\n@media screen and (min-width: 768px) and (max-width: 768px) {\r\n.zimfd69ec8e16f0877 {\r\ndisplay: none;\r\n}\r\n}\r\n@media screen and (max-width: 767px) {\r\n.zimfd69ec8e16f0877 {\r\ndisplay: none;\r\n}\r\n}\r\n<\/style>\r\n\n\n\n\n<p>A not\u00edcia-crime enviada pela deputada alega que, al\u00e9m de difamar e amea\u00e7ar advers\u00e1rios pol\u00edticos, a rede estabelecida na internet se dedicava a divulgar e impulsionar fake news sobre a Covid-19, tumultuando e sabotando o combate \u00e0 epidemia no Brasil.<\/p>\n\n\n\n<p><strong>Clique\u00a0<a rel=\"noreferrer noopener\" href=\"https:\/\/www.conjur.com.br\/dl\/alexandre-moraes-envia-noticia-crime.pdf\" target=\"_blank\">aqui<\/a>\u00a0para ler a decis\u00e3o<br>Pet 9.000<\/strong><\/p>\n\n\n\n<p>Conjur<\/p>\n","protected":false},"excerpt":{"rendered":"<p>Em decis\u00e3o tomada na ter\u00e7a-feira (21\/7), o ministro Alexandre de Moraes, do Supremo Tribunal Federal, abriu vista \u00e0 Procuradoria-Geral da Rep\u00fablica da not\u00edcia-crime enviada \u00e0 corte contra o presidente Jair Bolsonaro e dois de seus filhos, o deputado federal Eduardo Bolsonaro e o senador Fl\u00e1vio Bolsonaro. A not\u00edcia-crime foi enviada ao Supremo pela deputada federal<br \/><a class=\"more-link\" href=\"https:\/\/justicapotiguar.com.br\/index.php\/2020\/07\/23\/alexandre-de-moraes-envia-noticia-crime-sobre-bolsonaro-e-filhos-a-pgr\/\">Mais&#8230;<\/a><\/p>\n","protected":false},"author":5,"featured_media":8097,"comment_status":"open","ping_status":"open","sticky":false,"template":"","format":"standard","meta":[],"categories":[3],"tags":[],"_links":{"self":[{"href":"https:\/\/justicapotiguar.com.br\/index.php\/wp-json\/wp\/v2\/posts\/11693"}],"collection":[{"href":"https:\/\/justicapotiguar.com.br\/index.php\/wp-json\/wp\/v2\/posts"}],"about":[{"href":"https:\/\/justicapotiguar.com.br\/index.php\/wp-json\/wp\/v2\/types\/post"}],"author":[{"embeddable":true,"href":"https:\/\/justicapotiguar.com.br\/index.php\/wp-json\/wp\/v2\/users\/5"}],"replies":[{"embeddable":true,"href":"https:\/\/justicapotiguar.com.br\/index.php\/wp-json\/wp\/v2\/comments?post=11693"}],"version-history":[{"count":1,"href":"https:\/\/justicapotiguar.com.br\/index.php\/wp-json\/wp\/v2\/posts\/11693\/revisions"}],"predecessor-version":[{"id":11694,"href":"https:\/\/justicapotiguar.com.br\/index.php\/wp-json\/wp\/v2\/posts\/11693\/revisions\/11694"}],"wp:featuredmedia":[{"embeddable":true,"href":"https:\/\/justicapotiguar.com.br\/index.php\/wp-json\/wp\/v2\/media\/8097"}],"wp:attachment":[{"href":"https:\/\/justicapotiguar.com.br\/index.php\/wp-json\/wp\/v2\/media?parent=11693"}],"wp:term":[{"taxonomy":"category","embeddable":true,"href":"https:\/\/justicapotiguar.com.br\/index.php\/wp-json\/wp\/v2\/categories?post=11693"},{"taxonomy":"post_tag","embeddable":true,"href":"https:\/\/justicapotiguar.com.br\/index.php\/wp-json\/wp\/v2\/tags?post=11693"}],"curies":[{"name":"wp","href":"https:\/\/api.w.org\/{rel}","templated":true}]}}