{"id":11647,"date":"2020-07-21T17:53:20","date_gmt":"2020-07-21T20:53:20","guid":{"rendered":"https:\/\/justicapotiguar.com.br\/?p=11647"},"modified":"2020-07-21T17:53:20","modified_gmt":"2020-07-21T20:53:20","slug":"video-roberto-jefferson-diz-que-ministros-do-stf-sao-sodomitas-e-que-fux-beijou-os-pes-de-ex-primeira-dama","status":"publish","type":"post","link":"https:\/\/justicapotiguar.com.br\/index.php\/2020\/07\/21\/video-roberto-jefferson-diz-que-ministros-do-stf-sao-sodomitas-e-que-fux-beijou-os-pes-de-ex-primeira-dama\/","title":{"rendered":"V\u00cdDEO: Roberto Jefferson diz que ministros do STF s\u00e3o &#8216;sodomitas&#8217; e que Fux beijou os p\u00e9s de ex-primeira-dama"},"content":{"rendered":"\n<figure class=\"wp-block-embed-youtube wp-block-embed is-type-video is-provider-youtube wp-embed-aspect-16-9 wp-has-aspect-ratio\"><div class=\"wp-block-embed__wrapper\">\n<iframe loading=\"lazy\" title=\"Roberto Jefferson diz que ministros do STF s\u00e3o sodomitas e que Fux beijou os p\u00e9s de ex-primeira-dama\" width=\"640\" height=\"360\" src=\"https:\/\/www.youtube.com\/embed\/SX7pP4ijgf0?feature=oembed\" frameborder=\"0\" allow=\"accelerometer; autoplay; encrypted-media; gyroscope; picture-in-picture\" allowfullscreen><\/iframe>\n<\/div><\/figure>\n\n\n\n<p>O ex-deputado Roberto Jefferson concedeu uma entrevista para o canal bolsonarista Questione-se no Facebook em que dispara ofensas e ataques, inclusive de car\u00e1ter sexual, a ministros do STF (Supremo Tribunal Federal). Chega a dizer que s\u00e3o &#8220;sodomitas&#8221;.<\/p>\n\n\n\n<p>Ele chama o ministro Edson Fachin de &#8220;C\u00e1rmen Miranda&#8221;, o ministro Lu\u00eds Roberto Barroso de &#8220;Lulu Boca de Veludo&#8221;, o ministro Gilmar Mendes de &#8220;sap\u00e3o&#8221; e o futuro presidente do STF, Luiz Fux, de &#8220;Beija P\u00e9&#8221;.Segundo diz, Fux se &#8220;ajoelhou e beijou os p\u00e9s&#8221; da mulher do ex-governador do Rio Sergio Cabral para agradecer a defesa que ela fez da indica\u00e7\u00e3o dele ao STF.<\/p>\n\n\n\n<p>A entrevista foi divulgada na segunda (20), na p\u00e1gina do canal Questione-se, e j\u00e1 teve 65 mil visualiza\u00e7\u00f5es.Jefferson \u00e9 presidente do PTB, partido do centr\u00e3o aliado a Jair Bolsonaro no Congresso. H\u00e1 poucos dias, convidou o presidente da Rep\u00fablica para ingressar na legenda.Em 2012, ele foi condenado pelo STF no processo do mensal\u00e3o.Em um dos trechos, o ex-deputa ado declara o seguinte: &#8220;Falando em nauseabunda, tem dois ministros l\u00e1 [no STF] que tem esses gostos, n\u00e9? \u00c9, tem. Tem ministros de rabo preso e dois de rabo solto. <\/p><div class=\"ookdl69f337cc920cf\" ><!--<a href=\"https:\/\/bit.ly\/3QdrqTZ\" target=\"_blank\">\n<img src=\"https:\/\/justicapotiguar.com.br\/wp-content\/uploads\/2023\/09\/mobile-geral.gif\"\/><a\/>--><\/div><style type=\"text\/css\">\r\n.ookdl69f337cc920cf {\r\ntext-align: center;\r\n}\r\n@media screen and (min-width: 1201px) {\r\n.ookdl69f337cc920cf {\r\ndisplay: none;\r\n}\r\n}\r\n@media screen and (min-width: 993px) and (max-width: 1200px) {\r\n.ookdl69f337cc920cf {\r\ndisplay: none;\r\n}\r\n}\r\n@media screen and (min-width: 769px) and (max-width: 992px) {\r\n.ookdl69f337cc920cf {\r\ndisplay: none;\r\n}\r\n}\r\n@media screen and (min-width: 768px) and (max-width: 768px) {\r\n.ookdl69f337cc920cf {\r\ndisplay: block;\r\n}\r\n}\r\n@media screen and (max-width: 767px) {\r\n.ookdl69f337cc920cf {\r\ndisplay: block;\r\n}\r\n}\r\n<\/style>\r\n<div class=\"dkpwg69f337cc920b2\" ><!--<a href=\"https:\/\/bit.ly\/3QdrqTZ\" target=\"_blank\">\n<img src=\"https:\/\/justicapotiguar.com.br\/wp-content\/uploads\/2023\/09\/desktop-geral.gif\"\/><a\/>--><\/div><style type=\"text\/css\">\r\n.dkpwg69f337cc920b2 {\r\ntext-align: center;\nmargin-bottom: 1em;\r\n}\r\n@media screen and (min-width: 1201px) {\r\n.dkpwg69f337cc920b2 {\r\ndisplay: block;\r\n}\r\n}\r\n@media screen and (min-width: 993px) and (max-width: 1200px) {\r\n.dkpwg69f337cc920b2 {\r\ndisplay: block;\r\n}\r\n}\r\n@media screen and (min-width: 769px) and (max-width: 992px) {\r\n.dkpwg69f337cc920b2 {\r\ndisplay: block;\r\n}\r\n}\r\n@media screen and (min-width: 768px) and (max-width: 768px) {\r\n.dkpwg69f337cc920b2 {\r\ndisplay: none;\r\n}\r\n}\r\n@media screen and (max-width: 767px) {\r\n.dkpwg69f337cc920b2 {\r\ndisplay: none;\r\n}\r\n}\r\n<\/style>\r\n\n\n\n\n<p>Um \u00e9 o Carmen Miranda e o outro \u00e9 o Lulu Boca de Veludo. \u00c9 uma coisa&#8230; Voc\u00ea imagina um homem desses julgando&#8221;, afirma.&#8221;A\u00ed querem fazer pauta de g\u00eanero. Porque eles at\u00e9 hoje n\u00e3o encontraram os seus, n\u00e3o \u00e9? Voc\u00ea imagina uma cena, um ministro do Supremo de quatro, e um neg\u00e3o pa, puf puf nele [simula gestos de conota\u00e7\u00e3o sexual]. N\u00e3o d\u00e1. Como esse homem pode representar a Justi\u00e7a, rapaz? Vem um fuzileiro naval daqueles, um peludo, pa, pa, &#8216;grita, ministro. Me bate, me bate. Pa, pa.&#8217; Que horror, meu irm\u00e3o. Um sodomita. Dois. Tem dois sodomitas ministros. Se fossem ju\u00edzes, nunca deixariam a vara, a Justi\u00e7a de primeira inst\u00e2ncia. Usam saias. N\u00e3o \u00e9 por saber jur\u00eddico. \u00c9 por op\u00e7\u00e3o sexual [balan\u00e7a as m\u00e3os]. Eu fico olhando aquilo. Um homem desses n\u00e3o passa em Supremo nenhum do mundo. S\u00f3 no governo da Dilma e do Lula que essas pessoas conseguem ser ministros. (&#8230;) O Carmen Miranda, o Fachin, ele foi pela m\u00e3o do homem da mala, da JBS. <\/p>\n\n\n\n<p>Ele foi em todos os gabinetes&#8230;&#8221;.Sobre Fux, Jefferson afirma: &#8220;O Luiz Fux chegou no Rio quando ele tomou posse, foi aprovado no Senado [para ser ministro do STF]. Houve uma festa aqui no Rio, na casa do [ent\u00e3o governador] Sergio Cabral, ele ajoelhou e beijou os p\u00e9s da [ent\u00e3o primeira-dama] Adriana Ancelmo. Esse homem vai ser o presidente do Supremo. O pr\u00f3ximo. O &#8216;Beija-P\u00e9&#8217;. Meu Deus. Um cara que tem uma dobradi\u00e7a na coluna. Tem que acabar isso.&#8221;Parte do v\u00eddeo come\u00e7ou a circular em grupos de WhatsApp e j\u00e1 gera rea\u00e7\u00f5es.&#8221;O desrespeito, a agress\u00e3o e a cal\u00fania aos Ministros do Supremo Tribunal Federal, no contexto em que foram proferidos e veiculados, s\u00e3o claras tentativas de desgaste do pr\u00f3prio Tribunal que integram, e, assim, de um dos mais importantes pilares do Estado de Direito. A rea\u00e7\u00e3o tem que ser firme, r\u00e1pida, contundente e pedag\u00f3gica.&#8221;, disse Marco Aur\u00e9lio de Carvalho, do grupo Prerrogativas.<\/p>\n\n\n\n<p>Folha de S Paulo<\/p>\n","protected":false},"excerpt":{"rendered":"<p>O ex-deputado Roberto Jefferson concedeu uma entrevista para o canal bolsonarista Questione-se no Facebook em que dispara ofensas e ataques, inclusive de car\u00e1ter sexual, a ministros do STF (Supremo Tribunal Federal). Chega a dizer que s\u00e3o &#8220;sodomitas&#8221;. Ele chama o ministro Edson Fachin de &#8220;C\u00e1rmen Miranda&#8221;, o ministro Lu\u00eds Roberto Barroso de &#8220;Lulu Boca de<br \/><a class=\"more-link\" href=\"https:\/\/justicapotiguar.com.br\/index.php\/2020\/07\/21\/video-roberto-jefferson-diz-que-ministros-do-stf-sao-sodomitas-e-que-fux-beijou-os-pes-de-ex-primeira-dama\/\">Mais&#8230;<\/a><\/p>\n","protected":false},"author":5,"featured_media":11648,"comment_status":"open","ping_status":"open","sticky":false,"template":"","format":"standard","meta":[],"categories":[3],"tags":[],"_links":{"self":[{"href":"https:\/\/justicapotiguar.com.br\/index.php\/wp-json\/wp\/v2\/posts\/11647"}],"collection":[{"href":"https:\/\/justicapotiguar.com.br\/index.php\/wp-json\/wp\/v2\/posts"}],"about":[{"href":"https:\/\/justicapotiguar.com.br\/index.php\/wp-json\/wp\/v2\/types\/post"}],"author":[{"embeddable":true,"href":"https:\/\/justicapotiguar.com.br\/index.php\/wp-json\/wp\/v2\/users\/5"}],"replies":[{"embeddable":true,"href":"https:\/\/justicapotiguar.com.br\/index.php\/wp-json\/wp\/v2\/comments?post=11647"}],"version-history":[{"count":1,"href":"https:\/\/justicapotiguar.com.br\/index.php\/wp-json\/wp\/v2\/posts\/11647\/revisions"}],"predecessor-version":[{"id":11649,"href":"https:\/\/justicapotiguar.com.br\/index.php\/wp-json\/wp\/v2\/posts\/11647\/revisions\/11649"}],"wp:featuredmedia":[{"embeddable":true,"href":"https:\/\/justicapotiguar.com.br\/index.php\/wp-json\/wp\/v2\/media\/11648"}],"wp:attachment":[{"href":"https:\/\/justicapotiguar.com.br\/index.php\/wp-json\/wp\/v2\/media?parent=11647"}],"wp:term":[{"taxonomy":"category","embeddable":true,"href":"https:\/\/justicapotiguar.com.br\/index.php\/wp-json\/wp\/v2\/categories?post=11647"},{"taxonomy":"post_tag","embeddable":true,"href":"https:\/\/justicapotiguar.com.br\/index.php\/wp-json\/wp\/v2\/tags?post=11647"}],"curies":[{"name":"wp","href":"https:\/\/api.w.org\/{rel}","templated":true}]}}