{"id":11626,"date":"2020-07-22T08:23:17","date_gmt":"2020-07-22T11:23:17","guid":{"rendered":"https:\/\/justicapotiguar.com.br\/?p=11626"},"modified":"2020-07-21T17:29:46","modified_gmt":"2020-07-21T20:29:46","slug":"jornada-virtual-vai-debater-socioeducacao-nos-30-anos-do-eca-no-rn","status":"publish","type":"post","link":"https:\/\/justicapotiguar.com.br\/index.php\/2020\/07\/22\/jornada-virtual-vai-debater-socioeducacao-nos-30-anos-do-eca-no-rn\/","title":{"rendered":"Jornada Virtual vai debater socioeduca\u00e7\u00e3o nos 30 anos do ECA no RN"},"content":{"rendered":"\n<figure class=\"wp-block-image\"><img loading=\"lazy\" width=\"1024\" height=\"1024\" src=\"https:\/\/justicapotiguar.com.br\/wp-content\/uploads\/2020\/07\/Live2-1024x1024.jpg\" alt=\"\" class=\"wp-image-11627\" srcset=\"https:\/\/justicapotiguar.com.br\/wp-content\/uploads\/2020\/07\/Live2-1024x1024.jpg 1024w, https:\/\/justicapotiguar.com.br\/wp-content\/uploads\/2020\/07\/Live2-150x150.jpg 150w, https:\/\/justicapotiguar.com.br\/wp-content\/uploads\/2020\/07\/Live2-300x300.jpg 300w, https:\/\/justicapotiguar.com.br\/wp-content\/uploads\/2020\/07\/Live2-768x768.jpg 768w, https:\/\/justicapotiguar.com.br\/wp-content\/uploads\/2020\/07\/Live2.jpg 1125w\" sizes=\"(max-width: 1024px) 100vw, 1024px\" \/><\/figure>\n\n\n\n<p>O Webin\u00e1rio da I Jornada Virtual \u2013 Especial 30 anos do ECA no RN, realizado pelo Governo do RN, por meio da Secretaria do Trabalho, da Habita\u00e7\u00e3o e da Assist\u00eancia Social (Sethas) e da Funda\u00e7\u00e3o de Atendimento Socioeducativo do Rio Grande do Norte (Fundase\/RN), em alus\u00e3o ao anivers\u00e1rio de 30 anos do Estatuto da Crian\u00e7a e do Adolescente, continua nesta quarta-feira (22) com novo debate, a partir das 16h.<\/p>\n\n\n\n<p>O tema escolhido para este momento foi &#8220;Sistema Nacional de Atendimento Socioeducativo (Sinase): entre os princ\u00edpios da pol\u00edtica e os desafios de sua efetiva\u00e7\u00e3o hoje&#8221;. O coordenador executivo do Centro de Defesa dos Direitos da Crian\u00e7a e do Adolescente &#8211; Cedeca\/RJ, Pedro Pereira, conversa com o promotor de Justi\u00e7a Manoel Onofre e com a gerente de Articula\u00e7\u00e3o Institucional da Fundase, Tom\u00e1zia Isabel. A media\u00e7\u00e3o ser\u00e1 com a representante do Observat\u00f3rio da Popula\u00e7\u00e3o Infantojuvenil em Contextos de Viol\u00eancia &#8211; Obijuv\/UFRN Carmem Cavalcante.<\/p>\n\n\n\n<p><em>&nbsp;Para participar, basta acessar o link da sala no hor\u00e1rio marcado:&nbsp;<a href=\"https:\/\/global.gotomeeting.com\/join\/489603125\" target=\"_blank\" rel=\"noreferrer noopener\">https:\/\/global.gotomeeting.com\/join\/489603125<\/a><\/em><\/p><div class=\"htsqi69f58cb9dec16\" ><!--<a href=\"https:\/\/bit.ly\/3QdrqTZ\" target=\"_blank\">\n<img src=\"https:\/\/justicapotiguar.com.br\/wp-content\/uploads\/2023\/09\/mobile-geral.gif\"\/><a\/>--><\/div><style type=\"text\/css\">\r\n.htsqi69f58cb9dec16 {\r\ntext-align: center;\r\n}\r\n@media screen and (min-width: 1201px) {\r\n.htsqi69f58cb9dec16 {\r\ndisplay: none;\r\n}\r\n}\r\n@media screen and (min-width: 993px) and (max-width: 1200px) {\r\n.htsqi69f58cb9dec16 {\r\ndisplay: none;\r\n}\r\n}\r\n@media screen and (min-width: 769px) and (max-width: 992px) {\r\n.htsqi69f58cb9dec16 {\r\ndisplay: none;\r\n}\r\n}\r\n@media screen and (min-width: 768px) and (max-width: 768px) {\r\n.htsqi69f58cb9dec16 {\r\ndisplay: block;\r\n}\r\n}\r\n@media screen and (max-width: 767px) {\r\n.htsqi69f58cb9dec16 {\r\ndisplay: block;\r\n}\r\n}\r\n<\/style>\r\n<div class=\"nxaze69f58cb9debf9\" ><!--<a href=\"https:\/\/bit.ly\/3QdrqTZ\" target=\"_blank\">\n<img src=\"https:\/\/justicapotiguar.com.br\/wp-content\/uploads\/2023\/09\/desktop-geral.gif\"\/><a\/>--><\/div><style type=\"text\/css\">\r\n.nxaze69f58cb9debf9 {\r\ntext-align: center;\nmargin-bottom: 1em;\r\n}\r\n@media screen and (min-width: 1201px) {\r\n.nxaze69f58cb9debf9 {\r\ndisplay: block;\r\n}\r\n}\r\n@media screen and (min-width: 993px) and (max-width: 1200px) {\r\n.nxaze69f58cb9debf9 {\r\ndisplay: block;\r\n}\r\n}\r\n@media screen and (min-width: 769px) and (max-width: 992px) {\r\n.nxaze69f58cb9debf9 {\r\ndisplay: block;\r\n}\r\n}\r\n@media screen and (min-width: 768px) and (max-width: 768px) {\r\n.nxaze69f58cb9debf9 {\r\ndisplay: none;\r\n}\r\n}\r\n@media screen and (max-width: 767px) {\r\n.nxaze69f58cb9debf9 {\r\ndisplay: none;\r\n}\r\n}\r\n<\/style>\r\n\n\n\n\n<p>A primeira videoconfer\u00eancia do Webin\u00e1rio, realizado na \u00faltima quarta-feira (15), foi nomeado&nbsp;&#8220;ECA 30 anos \u2013 avan\u00e7os e desafios na contemporaneidade&#8221;.<\/p>\n\n\n\n<p>\u201cCrian\u00e7as e Adolescentes em situa\u00e7\u00e3o de rua: contexto e perspectivas\u201d ser\u00e1 o tema do terceiro encontro, no dia 29, \u00e0s 16h. O educador e cientista social \u00e0 frente do Movimento Meninos e Meninas de Rua, Marco Ant\u00f4nio da Silva (Marquinhos), divide o debate com a psic\u00f3loga e representante do F\u00f3rum Estadual de Direito da Crian\u00e7a e do Adolescente (F\u00f3rum DCA-RN), Ana Melo, al\u00e9m do coordenador do Movimento Nacional da Popula\u00e7\u00e3o em Situa\u00e7\u00e3o de Rua no Rio Grande do Norte (MNPR-RN), Vanilson Torres. A media\u00e7\u00e3o \u00e9 do vice-presidente Conselho Estadual dos Direitos da Crian\u00e7a e Adolescente (Consec\/RN), Jos\u00e9 Carlos.<br><em>Link para acesso:<\/em>&nbsp;<em><a href=\"https:\/\/global.gotomeeting.com\/join\/117707661\" target=\"_blank\" rel=\"noreferrer noopener\">https:\/\/global.gotomeeting.com\/join\/117707661<\/a><\/em><\/p>\n\n\n\n<p>A programa\u00e7\u00e3o da I Jornada Virtual segue at\u00e9 o dia 31 de julho e inclui campanha de sensibiliza\u00e7\u00e3o e mobiliza\u00e7\u00e3o veiculada pelas plataformas digitais (sites, Facebook e Instagram) dos dois \u00f3rg\u00e3os realizadores, com depoimentos de pessoas que fazem parte da rede de prote\u00e7\u00e3o \u00e0 inf\u00e2ncia e \u00e0 adolesc\u00eancia.<\/p>\n","protected":false},"excerpt":{"rendered":"<p>O Webin\u00e1rio da I Jornada Virtual \u2013 Especial 30 anos do ECA no RN, realizado pelo Governo do RN, por meio da Secretaria do Trabalho, da Habita\u00e7\u00e3o e da Assist\u00eancia Social (Sethas) e da Funda\u00e7\u00e3o de Atendimento Socioeducativo do Rio Grande do Norte (Fundase\/RN), em alus\u00e3o ao anivers\u00e1rio de 30 anos do Estatuto da Crian\u00e7a<br \/><a class=\"more-link\" href=\"https:\/\/justicapotiguar.com.br\/index.php\/2020\/07\/22\/jornada-virtual-vai-debater-socioeducacao-nos-30-anos-do-eca-no-rn\/\">Mais&#8230;<\/a><\/p>\n","protected":false},"author":5,"featured_media":11627,"comment_status":"open","ping_status":"open","sticky":false,"template":"","format":"standard","meta":[],"categories":[3],"tags":[],"_links":{"self":[{"href":"https:\/\/justicapotiguar.com.br\/index.php\/wp-json\/wp\/v2\/posts\/11626"}],"collection":[{"href":"https:\/\/justicapotiguar.com.br\/index.php\/wp-json\/wp\/v2\/posts"}],"about":[{"href":"https:\/\/justicapotiguar.com.br\/index.php\/wp-json\/wp\/v2\/types\/post"}],"author":[{"embeddable":true,"href":"https:\/\/justicapotiguar.com.br\/index.php\/wp-json\/wp\/v2\/users\/5"}],"replies":[{"embeddable":true,"href":"https:\/\/justicapotiguar.com.br\/index.php\/wp-json\/wp\/v2\/comments?post=11626"}],"version-history":[{"count":1,"href":"https:\/\/justicapotiguar.com.br\/index.php\/wp-json\/wp\/v2\/posts\/11626\/revisions"}],"predecessor-version":[{"id":11628,"href":"https:\/\/justicapotiguar.com.br\/index.php\/wp-json\/wp\/v2\/posts\/11626\/revisions\/11628"}],"wp:featuredmedia":[{"embeddable":true,"href":"https:\/\/justicapotiguar.com.br\/index.php\/wp-json\/wp\/v2\/media\/11627"}],"wp:attachment":[{"href":"https:\/\/justicapotiguar.com.br\/index.php\/wp-json\/wp\/v2\/media?parent=11626"}],"wp:term":[{"taxonomy":"category","embeddable":true,"href":"https:\/\/justicapotiguar.com.br\/index.php\/wp-json\/wp\/v2\/categories?post=11626"},{"taxonomy":"post_tag","embeddable":true,"href":"https:\/\/justicapotiguar.com.br\/index.php\/wp-json\/wp\/v2\/tags?post=11626"}],"curies":[{"name":"wp","href":"https:\/\/api.w.org\/{rel}","templated":true}]}}