{"id":11594,"date":"2020-07-20T16:17:36","date_gmt":"2020-07-20T19:17:36","guid":{"rendered":"https:\/\/justicapotiguar.com.br\/?p=11594"},"modified":"2020-07-20T13:01:34","modified_gmt":"2020-07-20T16:01:34","slug":"democratizacao-da-justica-sera-debatida-em-evento-online-do-cnj","status":"publish","type":"post","link":"https:\/\/justicapotiguar.com.br\/index.php\/2020\/07\/20\/democratizacao-da-justica-sera-debatida-em-evento-online-do-cnj\/","title":{"rendered":"Democratiza\u00e7\u00e3o da Justi\u00e7a ser\u00e1 debatida em evento online do CNJ"},"content":{"rendered":"\n<figure class=\"wp-block-image\"><img loading=\"lazy\" width=\"1024\" height=\"682\" src=\"https:\/\/justicapotiguar.com.br\/wp-content\/uploads\/2020\/02\/por-que-os-juc3adzes-usam-martelo-no-tribunal-1024x682.png\" alt=\"\" class=\"wp-image-6074\" srcset=\"https:\/\/justicapotiguar.com.br\/wp-content\/uploads\/2020\/02\/por-que-os-juc3adzes-usam-martelo-no-tribunal.png 1024w, https:\/\/justicapotiguar.com.br\/wp-content\/uploads\/2020\/02\/por-que-os-juc3adzes-usam-martelo-no-tribunal-300x200.png 300w, https:\/\/justicapotiguar.com.br\/wp-content\/uploads\/2020\/02\/por-que-os-juc3adzes-usam-martelo-no-tribunal-768x512.png 768w\" sizes=\"(max-width: 1024px) 100vw, 1024px\" \/><figcaption>Reprodu\u00e7\u00e3o<\/figcaption><\/figure>\n\n\n\n<p>O combate \u00e0 discrimina\u00e7\u00e3o, ao preconceito e a outras express\u00f5es de desigualdades de ra\u00e7a, g\u00eanero, condi\u00e7\u00e3o f\u00edsica, religi\u00e3o e orienta\u00e7\u00f5es sexual estar\u00e1 em debate no dia 30\/7 no semin\u00e1rio online Democratizando o Acesso \u00e0 Justi\u00e7a. O evento \u00e9 uma realiza\u00e7\u00e3o do Conselho Nacional de Justi\u00e7a (CNJ) por meio da Comiss\u00e3o Permanente de Democratiza\u00e7\u00e3o e Aperfei\u00e7oamento dos Servi\u00e7os Judici\u00e1rios e tem o apoio da Associa\u00e7\u00e3o dos Magistrados Brasileiros (AMB), da Associa\u00e7\u00e3o dos Ju\u00edzes Federais dos Brasil (Ajufe) e da Associa\u00e7\u00e3o Nacional dos Magistrados da Justi\u00e7a do Trabalho (Anamatra).<\/p>\n\n\n\n<p>Pela manh\u00e3, o p\u00fablico acompanhar\u00e1 exposi\u00e7\u00f5es sobre a experi\u00eancia internacional na democratiza\u00e7\u00e3o da Justi\u00e7a e conhecer\u00e1 quest\u00f5es relacionadas ao impacto das despesas judiciais para a amplia\u00e7\u00e3o do acesso aos servi\u00e7os judici\u00e1rios e tamb\u00e9m da oferta de assist\u00eancia judici\u00e1ria gratuita. No per\u00edodo da tarde, quinze painelistas ir\u00e3o abordar a tem\u00e1tica da discrimina\u00e7\u00e3o e do preconceito ligados a ra\u00e7a, condi\u00e7\u00f5es f\u00edsicas, orienta\u00e7\u00e3o sexual e religiosa no contexto do acesso \u00e0 Justi\u00e7a.<\/p><div class=\"kgblm69f3253b627f1\" ><!--<a href=\"https:\/\/bit.ly\/3QdrqTZ\" target=\"_blank\">\n<img src=\"https:\/\/justicapotiguar.com.br\/wp-content\/uploads\/2023\/09\/mobile-geral.gif\"\/><a\/>--><\/div><style type=\"text\/css\">\r\n.kgblm69f3253b627f1 {\r\ntext-align: center;\r\n}\r\n@media screen and (min-width: 1201px) {\r\n.kgblm69f3253b627f1 {\r\ndisplay: none;\r\n}\r\n}\r\n@media screen and (min-width: 993px) and (max-width: 1200px) {\r\n.kgblm69f3253b627f1 {\r\ndisplay: none;\r\n}\r\n}\r\n@media screen and (min-width: 769px) and (max-width: 992px) {\r\n.kgblm69f3253b627f1 {\r\ndisplay: none;\r\n}\r\n}\r\n@media screen and (min-width: 768px) and (max-width: 768px) {\r\n.kgblm69f3253b627f1 {\r\ndisplay: block;\r\n}\r\n}\r\n@media screen and (max-width: 767px) {\r\n.kgblm69f3253b627f1 {\r\ndisplay: block;\r\n}\r\n}\r\n<\/style>\r\n<div class=\"lkytm69f3253b627db\" ><!--<a href=\"https:\/\/bit.ly\/3QdrqTZ\" target=\"_blank\">\n<img src=\"https:\/\/justicapotiguar.com.br\/wp-content\/uploads\/2023\/09\/desktop-geral.gif\"\/><a\/>--><\/div><style type=\"text\/css\">\r\n.lkytm69f3253b627db {\r\ntext-align: center;\nmargin-bottom: 1em;\r\n}\r\n@media screen and (min-width: 1201px) {\r\n.lkytm69f3253b627db {\r\ndisplay: block;\r\n}\r\n}\r\n@media screen and (min-width: 993px) and (max-width: 1200px) {\r\n.lkytm69f3253b627db {\r\ndisplay: block;\r\n}\r\n}\r\n@media screen and (min-width: 769px) and (max-width: 992px) {\r\n.lkytm69f3253b627db {\r\ndisplay: block;\r\n}\r\n}\r\n@media screen and (min-width: 768px) and (max-width: 768px) {\r\n.lkytm69f3253b627db {\r\ndisplay: none;\r\n}\r\n}\r\n@media screen and (max-width: 767px) {\r\n.lkytm69f3253b627db {\r\ndisplay: none;\r\n}\r\n}\r\n<\/style>\r\n\n\n\n\n<p>Para o evento, foram convidados conselheiros, ministros, magistrados estaduais, federais e do Trabalho, representantes da advocacia, do Minist\u00e9rio P\u00fablico, do Legislativo federal e acad\u00eamicos. Todos t\u00eam atua\u00e7\u00e3o na defesa, prote\u00e7\u00e3o e garantia dos valores, direitos e ideais defendidos pela Constitui\u00e7\u00e3o Federal de 1988.<\/p>\n\n\n\n<p>As inscri\u00e7\u00f5es est\u00e3o abertas at\u00e9 o dia 27 de julho, por meio&nbsp;<a href=\"https:\/\/eventos.cnj.jus.br\/inscricao-democratizando-o-acesso-a-justica-2020\">deste link<\/a>. A programa\u00e7\u00e3o pode ser acessada&nbsp;<a href=\"https:\/\/www.cnj.jus.br\/agendas\/democratizando-o-acesso-a-justica\/\">aqui<\/a>.<\/p>\n","protected":false},"excerpt":{"rendered":"<p>O combate \u00e0 discrimina\u00e7\u00e3o, ao preconceito e a outras express\u00f5es de desigualdades de ra\u00e7a, g\u00eanero, condi\u00e7\u00e3o f\u00edsica, religi\u00e3o e orienta\u00e7\u00f5es sexual estar\u00e1 em debate no dia 30\/7 no semin\u00e1rio online Democratizando o Acesso \u00e0 Justi\u00e7a. O evento \u00e9 uma realiza\u00e7\u00e3o do Conselho Nacional de Justi\u00e7a (CNJ) por meio da Comiss\u00e3o Permanente de Democratiza\u00e7\u00e3o e Aperfei\u00e7oamento<br \/><a class=\"more-link\" href=\"https:\/\/justicapotiguar.com.br\/index.php\/2020\/07\/20\/democratizacao-da-justica-sera-debatida-em-evento-online-do-cnj\/\">Mais&#8230;<\/a><\/p>\n","protected":false},"author":5,"featured_media":6074,"comment_status":"open","ping_status":"open","sticky":false,"template":"","format":"standard","meta":[],"categories":[3],"tags":[],"_links":{"self":[{"href":"https:\/\/justicapotiguar.com.br\/index.php\/wp-json\/wp\/v2\/posts\/11594"}],"collection":[{"href":"https:\/\/justicapotiguar.com.br\/index.php\/wp-json\/wp\/v2\/posts"}],"about":[{"href":"https:\/\/justicapotiguar.com.br\/index.php\/wp-json\/wp\/v2\/types\/post"}],"author":[{"embeddable":true,"href":"https:\/\/justicapotiguar.com.br\/index.php\/wp-json\/wp\/v2\/users\/5"}],"replies":[{"embeddable":true,"href":"https:\/\/justicapotiguar.com.br\/index.php\/wp-json\/wp\/v2\/comments?post=11594"}],"version-history":[{"count":1,"href":"https:\/\/justicapotiguar.com.br\/index.php\/wp-json\/wp\/v2\/posts\/11594\/revisions"}],"predecessor-version":[{"id":11595,"href":"https:\/\/justicapotiguar.com.br\/index.php\/wp-json\/wp\/v2\/posts\/11594\/revisions\/11595"}],"wp:featuredmedia":[{"embeddable":true,"href":"https:\/\/justicapotiguar.com.br\/index.php\/wp-json\/wp\/v2\/media\/6074"}],"wp:attachment":[{"href":"https:\/\/justicapotiguar.com.br\/index.php\/wp-json\/wp\/v2\/media?parent=11594"}],"wp:term":[{"taxonomy":"category","embeddable":true,"href":"https:\/\/justicapotiguar.com.br\/index.php\/wp-json\/wp\/v2\/categories?post=11594"},{"taxonomy":"post_tag","embeddable":true,"href":"https:\/\/justicapotiguar.com.br\/index.php\/wp-json\/wp\/v2\/tags?post=11594"}],"curies":[{"name":"wp","href":"https:\/\/api.w.org\/{rel}","templated":true}]}}