{"id":11575,"date":"2020-07-20T08:25:46","date_gmt":"2020-07-20T11:25:46","guid":{"rendered":"https:\/\/justicapotiguar.com.br\/?p=11575"},"modified":"2020-07-19T19:28:19","modified_gmt":"2020-07-19T22:28:19","slug":"cnmp-publica-resolucao-que-garante-cota-de-30-para-negros-em-vagas-de-estagio-no-ministerio-publico","status":"publish","type":"post","link":"https:\/\/justicapotiguar.com.br\/index.php\/2020\/07\/20\/cnmp-publica-resolucao-que-garante-cota-de-30-para-negros-em-vagas-de-estagio-no-ministerio-publico\/","title":{"rendered":"CNMP publica resolu\u00e7\u00e3o que garante cota de 30% para negros em vagas de est\u00e1gio no Minist\u00e9rio P\u00fablico"},"content":{"rendered":"\n<p>Foi publicada nesta quinta-feira, 16 de julho, no\u00a0<a rel=\"noreferrer noopener\" href=\"https:\/\/diarioeletronico.cnmp.mp.br\/ords\/f?p=102:1::::::\" target=\"_blank\"><strong>Di\u00e1rio Eletr\u00f4nico<\/strong><\/a>\u00a0do Conselho Nacional do Minist\u00e9rio P\u00fablico (DECNMP), a\u00a0<a rel=\"noreferrer noopener\" href=\"https:\/\/www.cnmp.mp.br\/portal\/images\/noticias\/2020\/julho\/resolucao217.pdf\" target=\"_blank\"><strong>Resolu\u00e7\u00e3o CNMP n\u00ba 217\/2020, que determina a reserva aos negros de 30% das vagas oferecidas nas sele\u00e7\u00f5es de est\u00e1gio no \u00e2mbito do Minist\u00e9rio P\u00fablico<\/strong><\/a>.<\/p>\n\n\n\n<figure class=\"wp-block-image\"><img loading=\"lazy\" width=\"800\" height=\"533\" src=\"https:\/\/justicapotiguar.com.br\/wp-content\/uploads\/2020\/01\/logo-entrada-cnmp.jpg\" alt=\"\" class=\"wp-image-5665\" srcset=\"https:\/\/justicapotiguar.com.br\/wp-content\/uploads\/2020\/01\/logo-entrada-cnmp.jpg 800w, https:\/\/justicapotiguar.com.br\/wp-content\/uploads\/2020\/01\/logo-entrada-cnmp-300x200.jpg 300w, https:\/\/justicapotiguar.com.br\/wp-content\/uploads\/2020\/01\/logo-entrada-cnmp-768x512.jpg 768w\" sizes=\"(max-width: 800px) 100vw, 800px\" \/><figcaption>Reprodu\u00e7\u00e3o<\/figcaption><\/figure>\n\n\n\n<p>A proposta, aprovada por unanimidade no dia 30 de junho, durante a 7\u00aa Sess\u00e3o por Videoconfer\u00eancia de 2020, foi apresentada pelos ent\u00e3o conselheiros Gustavo Rocha e Valter Shuenquener, e relatada pelo conselheiro Luciano Nunes Maia.<\/p><div class=\"qhiir69f5a0a85e1e8\" ><!--<a href=\"https:\/\/bit.ly\/3QdrqTZ\" target=\"_blank\">\n<img src=\"https:\/\/justicapotiguar.com.br\/wp-content\/uploads\/2023\/09\/mobile-geral.gif\"\/><a\/>--><\/div><style type=\"text\/css\">\r\n.qhiir69f5a0a85e1e8 {\r\ntext-align: center;\r\n}\r\n@media screen and (min-width: 1201px) {\r\n.qhiir69f5a0a85e1e8 {\r\ndisplay: none;\r\n}\r\n}\r\n@media screen and (min-width: 993px) and (max-width: 1200px) {\r\n.qhiir69f5a0a85e1e8 {\r\ndisplay: none;\r\n}\r\n}\r\n@media screen and (min-width: 769px) and (max-width: 992px) {\r\n.qhiir69f5a0a85e1e8 {\r\ndisplay: none;\r\n}\r\n}\r\n@media screen and (min-width: 768px) and (max-width: 768px) {\r\n.qhiir69f5a0a85e1e8 {\r\ndisplay: block;\r\n}\r\n}\r\n@media screen and (max-width: 767px) {\r\n.qhiir69f5a0a85e1e8 {\r\ndisplay: block;\r\n}\r\n}\r\n<\/style>\r\n<div class=\"rgfla69f5a0a85e1d4\" ><!--<a href=\"https:\/\/bit.ly\/3QdrqTZ\" target=\"_blank\">\n<img src=\"https:\/\/justicapotiguar.com.br\/wp-content\/uploads\/2023\/09\/desktop-geral.gif\"\/><a\/>--><\/div><style type=\"text\/css\">\r\n.rgfla69f5a0a85e1d4 {\r\ntext-align: center;\nmargin-bottom: 1em;\r\n}\r\n@media screen and (min-width: 1201px) {\r\n.rgfla69f5a0a85e1d4 {\r\ndisplay: block;\r\n}\r\n}\r\n@media screen and (min-width: 993px) and (max-width: 1200px) {\r\n.rgfla69f5a0a85e1d4 {\r\ndisplay: block;\r\n}\r\n}\r\n@media screen and (min-width: 769px) and (max-width: 992px) {\r\n.rgfla69f5a0a85e1d4 {\r\ndisplay: block;\r\n}\r\n}\r\n@media screen and (min-width: 768px) and (max-width: 768px) {\r\n.rgfla69f5a0a85e1d4 {\r\ndisplay: none;\r\n}\r\n}\r\n@media screen and (max-width: 767px) {\r\n.rgfla69f5a0a85e1d4 {\r\ndisplay: none;\r\n}\r\n}\r\n<\/style>\r\n\n\n\n\n<p>De acordo com o texto, a regra ser\u00e1 aplicada quando o n\u00famero de vagas oferecidas for igual ou superior a tr\u00eas. Os valores definidos a partir da cota de 30% ser\u00e3o arredondados para mais ou para menos, se maiores ou menores que 0,5, respectivamente.<\/p>\n\n\n\n<p>Ainda segundo a norma publicada, poder\u00e3o concorrer \u00e0s vagas reservadas aqueles que se autodeclararem pretos ou pardos no ato da inscri\u00e7\u00e3o, conforme o quesito cor ou ra\u00e7a utilizado pela Funda\u00e7\u00e3o Instituto Brasileiro de Geografia e Estat\u00edstica (IBGE). Os candidatos negros classificados ser\u00e3o convocados pela organiza\u00e7\u00e3o da sele\u00e7\u00e3o para receber esclarecimentos e confirmar a op\u00e7\u00e3o de inscri\u00e7\u00e3o, mediante assinatura de declara\u00e7\u00e3o. Se comprovada falsa a declara\u00e7\u00e3o, o candidato ser\u00e1 eliminado e, se houver sido contratado, poder\u00e1 ter sua contrata\u00e7\u00e3o anulada.<\/p>\n","protected":false},"excerpt":{"rendered":"<p>Foi publicada nesta quinta-feira, 16 de julho, no\u00a0Di\u00e1rio Eletr\u00f4nico\u00a0do Conselho Nacional do Minist\u00e9rio P\u00fablico (DECNMP), a\u00a0Resolu\u00e7\u00e3o CNMP n\u00ba 217\/2020, que determina a reserva aos negros de 30% das vagas oferecidas nas sele\u00e7\u00f5es de est\u00e1gio no \u00e2mbito do Minist\u00e9rio P\u00fablico. A proposta, aprovada por unanimidade no dia 30 de junho, durante a 7\u00aa Sess\u00e3o por Videoconfer\u00eancia<br \/><a class=\"more-link\" href=\"https:\/\/justicapotiguar.com.br\/index.php\/2020\/07\/20\/cnmp-publica-resolucao-que-garante-cota-de-30-para-negros-em-vagas-de-estagio-no-ministerio-publico\/\">Mais&#8230;<\/a><\/p>\n","protected":false},"author":5,"featured_media":5665,"comment_status":"open","ping_status":"open","sticky":false,"template":"","format":"standard","meta":[],"categories":[3],"tags":[],"_links":{"self":[{"href":"https:\/\/justicapotiguar.com.br\/index.php\/wp-json\/wp\/v2\/posts\/11575"}],"collection":[{"href":"https:\/\/justicapotiguar.com.br\/index.php\/wp-json\/wp\/v2\/posts"}],"about":[{"href":"https:\/\/justicapotiguar.com.br\/index.php\/wp-json\/wp\/v2\/types\/post"}],"author":[{"embeddable":true,"href":"https:\/\/justicapotiguar.com.br\/index.php\/wp-json\/wp\/v2\/users\/5"}],"replies":[{"embeddable":true,"href":"https:\/\/justicapotiguar.com.br\/index.php\/wp-json\/wp\/v2\/comments?post=11575"}],"version-history":[{"count":1,"href":"https:\/\/justicapotiguar.com.br\/index.php\/wp-json\/wp\/v2\/posts\/11575\/revisions"}],"predecessor-version":[{"id":11576,"href":"https:\/\/justicapotiguar.com.br\/index.php\/wp-json\/wp\/v2\/posts\/11575\/revisions\/11576"}],"wp:featuredmedia":[{"embeddable":true,"href":"https:\/\/justicapotiguar.com.br\/index.php\/wp-json\/wp\/v2\/media\/5665"}],"wp:attachment":[{"href":"https:\/\/justicapotiguar.com.br\/index.php\/wp-json\/wp\/v2\/media?parent=11575"}],"wp:term":[{"taxonomy":"category","embeddable":true,"href":"https:\/\/justicapotiguar.com.br\/index.php\/wp-json\/wp\/v2\/categories?post=11575"},{"taxonomy":"post_tag","embeddable":true,"href":"https:\/\/justicapotiguar.com.br\/index.php\/wp-json\/wp\/v2\/tags?post=11575"}],"curies":[{"name":"wp","href":"https:\/\/api.w.org\/{rel}","templated":true}]}}