{"id":11572,"date":"2020-07-19T18:01:40","date_gmt":"2020-07-19T21:01:40","guid":{"rendered":"https:\/\/justicapotiguar.com.br\/?p=11572"},"modified":"2020-07-19T18:01:40","modified_gmt":"2020-07-19T21:01:40","slug":"corregedor-do-cnj-abre-procedimento-contra-desembargador-que-humilhou-guarda-municipal","status":"publish","type":"post","link":"https:\/\/justicapotiguar.com.br\/index.php\/2020\/07\/19\/corregedor-do-cnj-abre-procedimento-contra-desembargador-que-humilhou-guarda-municipal\/","title":{"rendered":"Corregedor do CNJ abre procedimento contra desembargador que humilhou guarda municipal"},"content":{"rendered":"\n<p>O corregedor nacional de Justi\u00e7a, ministro Humberto Martins, determinou, de of\u00edcio, a abertura de pedido de provid\u00eancias para apurar conduta do desembargador Eduardo Almeida Prado Rocha de Siqueira, do Tribunal de Justi\u00e7a de S\u00e3o Paulo (TJSP), contra um guarda municipal de Santos, divulgada em um v\u00eddeo reproduzido pela imprensa neste domingo (19\/7).<\/p>\n\n\n\n<figure class=\"wp-block-image\"><img loading=\"lazy\" width=\"677\" height=\"453\" src=\"https:\/\/justicapotiguar.com.br\/wp-content\/uploads\/2020\/07\/images-1-3.jpeg\" alt=\"\" class=\"wp-image-11573\" srcset=\"https:\/\/justicapotiguar.com.br\/wp-content\/uploads\/2020\/07\/images-1-3.jpeg 677w, https:\/\/justicapotiguar.com.br\/wp-content\/uploads\/2020\/07\/images-1-3-300x201.jpeg 300w\" sizes=\"(max-width: 677px) 100vw, 677px\" \/><figcaption>Reprodu\u00e7\u00e3o<\/figcaption><\/figure>\n\n\n\n<figure class=\"wp-block-image\"><img alt=\"\"\/><\/figure>\n\n\n\n<p>Segundo a decis\u00e3o, as imagens, que tamb\u00e9m circulam nas redes sociais, mostram o desembargador sendo abordado por um guarda municipal no litoral paulista, em raz\u00e3o do descumprimento do uso obrigat\u00f3rio de m\u00e1scara facial.<\/p>\n\n\n\n<p>Ao ser multado pelo agente fiscalizador, Eduardo Siqueira teria ofendido o guarda municipal e, ao receber a multa, rasgado o papel e o jogado no ch\u00e3o, conforme not\u00edcia publicada pelo s\u00edtio jornal\u00edstico G1.<\/p>\n\n\n\n<p>\u201cUm desembargador do Tribunal de Justi\u00e7a de S\u00e3o Paulo foi flagrado humilhando um guarda civil municipal de Santos, no litoral de S\u00e3o Paulo, ap\u00f3s ser multado por n\u00e3o utilizar m\u00e1scara enquanto caminhava na praia. Um v\u00eddeo obtido pelo G1 neste domingo (19) mostra Eduardo Almeida Prado Rocha de Siqueira chamando o GCM de \u2018analfabeto\u2019, rasgando a multa e jogando o papel no ch\u00e3o e, por fim, dando uma \u2018carteirada\u2019 ao telefonar para o Secret\u00e1rio de Seguran\u00e7a P\u00fablica do munic\u00edpio, S\u00e9rgio Del Bel, para que o mesmo \u2018intimidasse\u2019 o guarda municipal\u201d, destacou a reportagem.<\/p><div class=\"dynix69f5a0cbea3a3\" ><!--<a href=\"https:\/\/bit.ly\/3QdrqTZ\" target=\"_blank\">\n<img src=\"https:\/\/justicapotiguar.com.br\/wp-content\/uploads\/2023\/09\/mobile-geral.gif\"\/><a\/>--><\/div><style type=\"text\/css\">\r\n.dynix69f5a0cbea3a3 {\r\ntext-align: center;\r\n}\r\n@media screen and (min-width: 1201px) {\r\n.dynix69f5a0cbea3a3 {\r\ndisplay: none;\r\n}\r\n}\r\n@media screen and (min-width: 993px) and (max-width: 1200px) {\r\n.dynix69f5a0cbea3a3 {\r\ndisplay: none;\r\n}\r\n}\r\n@media screen and (min-width: 769px) and (max-width: 992px) {\r\n.dynix69f5a0cbea3a3 {\r\ndisplay: none;\r\n}\r\n}\r\n@media screen and (min-width: 768px) and (max-width: 768px) {\r\n.dynix69f5a0cbea3a3 {\r\ndisplay: block;\r\n}\r\n}\r\n@media screen and (max-width: 767px) {\r\n.dynix69f5a0cbea3a3 {\r\ndisplay: block;\r\n}\r\n}\r\n<\/style>\r\n<div class=\"bxypk69f5a0cbea38d\" ><!--<a href=\"https:\/\/bit.ly\/3QdrqTZ\" target=\"_blank\">\n<img src=\"https:\/\/justicapotiguar.com.br\/wp-content\/uploads\/2023\/09\/desktop-geral.gif\"\/><a\/>--><\/div><style type=\"text\/css\">\r\n.bxypk69f5a0cbea38d {\r\ntext-align: center;\nmargin-bottom: 1em;\r\n}\r\n@media screen and (min-width: 1201px) {\r\n.bxypk69f5a0cbea38d {\r\ndisplay: block;\r\n}\r\n}\r\n@media screen and (min-width: 993px) and (max-width: 1200px) {\r\n.bxypk69f5a0cbea38d {\r\ndisplay: block;\r\n}\r\n}\r\n@media screen and (min-width: 769px) and (max-width: 992px) {\r\n.bxypk69f5a0cbea38d {\r\ndisplay: block;\r\n}\r\n}\r\n@media screen and (min-width: 768px) and (max-width: 768px) {\r\n.bxypk69f5a0cbea38d {\r\ndisplay: none;\r\n}\r\n}\r\n@media screen and (max-width: 767px) {\r\n.bxypk69f5a0cbea38d {\r\ndisplay: none;\r\n}\r\n}\r\n<\/style>\r\n\n\n\n\n<p>Para o corregedor nacional de Justi\u00e7a, o v\u00eddeo demonstra ind\u00edcios de poss\u00edvel viola\u00e7\u00e3o aos preceitos da Lei Org\u00e2nica da Magistratura Nacional (Loman) e ao C\u00f3digo de \u00c9tica da Magistratura, o que imp\u00f5em a necessidade de averigua\u00e7\u00e3o pela Corregedoria Nacional de Justi\u00e7a.<\/p>\n\n\n\n<p>O desembargador ter\u00e1 15 dias para responder ao corregedor nacional sobre os fatos expostos.<\/p>\n\n\n\n<p>Leia a<a href=\"https:\/\/www.cnj.jus.br\/wp-content\/uploads\/2020\/07\/Instaura-PP-Des-TJSP-Eduardo-Siqueira-N%C3%A3o-uso-de-m%C3%A1scara-Humilha%C3%A7%C3%A3o-ao-Policial.pdf\">&nbsp;\u00edntegra da decis\u00e3o.<\/a><\/p>\n","protected":false},"excerpt":{"rendered":"<p>O corregedor nacional de Justi\u00e7a, ministro Humberto Martins, determinou, de of\u00edcio, a abertura de pedido de provid\u00eancias para apurar conduta do desembargador Eduardo Almeida Prado Rocha de Siqueira, do Tribunal de Justi\u00e7a de S\u00e3o Paulo (TJSP), contra um guarda municipal de Santos, divulgada em um v\u00eddeo reproduzido pela imprensa neste domingo (19\/7). Segundo a decis\u00e3o,<br \/><a class=\"more-link\" href=\"https:\/\/justicapotiguar.com.br\/index.php\/2020\/07\/19\/corregedor-do-cnj-abre-procedimento-contra-desembargador-que-humilhou-guarda-municipal\/\">Mais&#8230;<\/a><\/p>\n","protected":false},"author":5,"featured_media":11573,"comment_status":"open","ping_status":"open","sticky":false,"template":"","format":"standard","meta":[],"categories":[3],"tags":[],"_links":{"self":[{"href":"https:\/\/justicapotiguar.com.br\/index.php\/wp-json\/wp\/v2\/posts\/11572"}],"collection":[{"href":"https:\/\/justicapotiguar.com.br\/index.php\/wp-json\/wp\/v2\/posts"}],"about":[{"href":"https:\/\/justicapotiguar.com.br\/index.php\/wp-json\/wp\/v2\/types\/post"}],"author":[{"embeddable":true,"href":"https:\/\/justicapotiguar.com.br\/index.php\/wp-json\/wp\/v2\/users\/5"}],"replies":[{"embeddable":true,"href":"https:\/\/justicapotiguar.com.br\/index.php\/wp-json\/wp\/v2\/comments?post=11572"}],"version-history":[{"count":1,"href":"https:\/\/justicapotiguar.com.br\/index.php\/wp-json\/wp\/v2\/posts\/11572\/revisions"}],"predecessor-version":[{"id":11574,"href":"https:\/\/justicapotiguar.com.br\/index.php\/wp-json\/wp\/v2\/posts\/11572\/revisions\/11574"}],"wp:featuredmedia":[{"embeddable":true,"href":"https:\/\/justicapotiguar.com.br\/index.php\/wp-json\/wp\/v2\/media\/11573"}],"wp:attachment":[{"href":"https:\/\/justicapotiguar.com.br\/index.php\/wp-json\/wp\/v2\/media?parent=11572"}],"wp:term":[{"taxonomy":"category","embeddable":true,"href":"https:\/\/justicapotiguar.com.br\/index.php\/wp-json\/wp\/v2\/categories?post=11572"},{"taxonomy":"post_tag","embeddable":true,"href":"https:\/\/justicapotiguar.com.br\/index.php\/wp-json\/wp\/v2\/tags?post=11572"}],"curies":[{"name":"wp","href":"https:\/\/api.w.org\/{rel}","templated":true}]}}