{"id":11551,"date":"2020-07-18T09:25:22","date_gmt":"2020-07-18T12:25:22","guid":{"rendered":"https:\/\/justicapotiguar.com.br\/?p=11551"},"modified":"2020-07-18T09:25:22","modified_gmt":"2020-07-18T12:25:22","slug":"acao-no-stf-contesta-norma-que-suspende-por-ate-180-dias-pagamento-de-consignado-no-rn","status":"publish","type":"post","link":"https:\/\/justicapotiguar.com.br\/index.php\/2020\/07\/18\/acao-no-stf-contesta-norma-que-suspende-por-ate-180-dias-pagamento-de-consignado-no-rn\/","title":{"rendered":"A\u00e7\u00e3o no STF contesta norma que suspende por at\u00e9 180 dias pagamento de consignado no RN"},"content":{"rendered":"\n<p>A Confedera\u00e7\u00e3o Nacional do Sistema Financeiro (Consif) ajuizou, no Supremo Tribunal Federal (STF), mais uma a\u00e7\u00e3o contra norma estadual que suspende pagamento de contratos de cr\u00e9dito consignado em decorr\u00eancia da pandemia da Covid-19. Na A\u00e7\u00e3o Direta de Inconstitucionalidade (ADI 6484), de relatoria do ministro Lu\u00eds Roberto Barroso, questiona-se a Lei estadual 10.733\/2020 do Rio Grande do Norte, que suspendeu por at\u00e9 180 dias a cobran\u00e7a das consigna\u00e7\u00f5es volunt\u00e1rias contratadas pelos servidores p\u00fablicos estaduais com institui\u00e7\u00f5es financeiras n\u00e3o cooperativas.<\/p><div class=\"yrjdk69f5b61ac6c9e\" ><!--<a href=\"https:\/\/bit.ly\/3QdrqTZ\" target=\"_blank\">\n<img src=\"https:\/\/justicapotiguar.com.br\/wp-content\/uploads\/2023\/09\/mobile-geral.gif\"\/><a\/>--><\/div><style type=\"text\/css\">\r\n.yrjdk69f5b61ac6c9e {\r\ntext-align: center;\r\n}\r\n@media screen and (min-width: 1201px) {\r\n.yrjdk69f5b61ac6c9e {\r\ndisplay: none;\r\n}\r\n}\r\n@media screen and (min-width: 993px) and (max-width: 1200px) {\r\n.yrjdk69f5b61ac6c9e {\r\ndisplay: none;\r\n}\r\n}\r\n@media screen and (min-width: 769px) and (max-width: 992px) {\r\n.yrjdk69f5b61ac6c9e {\r\ndisplay: none;\r\n}\r\n}\r\n@media screen and (min-width: 768px) and (max-width: 768px) {\r\n.yrjdk69f5b61ac6c9e {\r\ndisplay: block;\r\n}\r\n}\r\n@media screen and (max-width: 767px) {\r\n.yrjdk69f5b61ac6c9e {\r\ndisplay: block;\r\n}\r\n}\r\n<\/style>\r\n<div class=\"ilxoq69f5b61ac6c87\" ><!--<a href=\"https:\/\/bit.ly\/3QdrqTZ\" target=\"_blank\">\n<img src=\"https:\/\/justicapotiguar.com.br\/wp-content\/uploads\/2023\/09\/desktop-geral.gif\"\/><a\/>--><\/div><style type=\"text\/css\">\r\n.ilxoq69f5b61ac6c87 {\r\ntext-align: center;\nmargin-bottom: 1em;\r\n}\r\n@media screen and (min-width: 1201px) {\r\n.ilxoq69f5b61ac6c87 {\r\ndisplay: block;\r\n}\r\n}\r\n@media screen and (min-width: 993px) and (max-width: 1200px) {\r\n.ilxoq69f5b61ac6c87 {\r\ndisplay: block;\r\n}\r\n}\r\n@media screen and (min-width: 769px) and (max-width: 992px) {\r\n.ilxoq69f5b61ac6c87 {\r\ndisplay: block;\r\n}\r\n}\r\n@media screen and (min-width: 768px) and (max-width: 768px) {\r\n.ilxoq69f5b61ac6c87 {\r\ndisplay: none;\r\n}\r\n}\r\n@media screen and (max-width: 767px) {\r\n.ilxoq69f5b61ac6c87 {\r\ndisplay: none;\r\n}\r\n}\r\n<\/style>\r\n\n\n\n\n<figure class=\"wp-block-image\"><img loading=\"lazy\" width=\"680\" height=\"457\" src=\"https:\/\/justicapotiguar.com.br\/wp-content\/uploads\/2020\/03\/FA65EBD29964946D6535605479BEB50E71F3_stf-1.jpg\" alt=\"\" class=\"wp-image-7753\" srcset=\"https:\/\/justicapotiguar.com.br\/wp-content\/uploads\/2020\/03\/FA65EBD29964946D6535605479BEB50E71F3_stf-1.jpg 680w, https:\/\/justicapotiguar.com.br\/wp-content\/uploads\/2020\/03\/FA65EBD29964946D6535605479BEB50E71F3_stf-1-300x202.jpg 300w\" sizes=\"(max-width: 680px) 100vw, 680px\" \/><figcaption>Fachada do Supremo Tribunal Federal. Brasilia, 26-10-2018. Foto: Se\u0301rgio Lima\/Poder 360<\/figcaption><\/figure>\n\n\n\n<p>Para a Consif, a norma usurpa compet\u00eancia privativa da Uni\u00e3o para legislar sobre Direito Civil e pol\u00edtica de cr\u00e9dito e viola o princ\u00edpio da separa\u00e7\u00e3o de Poderes e a iniciativa legislativa exclusiva do Poder Executivo para dispor sobre a organiza\u00e7\u00e3o da administra\u00e7\u00e3o p\u00fablica. Segundo argumenta, ao suspender a cobran\u00e7a dos empr\u00e9stimos, a lei afeta a rela\u00e7\u00e3o jur\u00eddica estabelecida entre institui\u00e7\u00f5es financeiras, servidores p\u00fablicos e administra\u00e7\u00e3o e interv\u00e9m diretamente no funcionamento regular da fun\u00e7\u00e3o administrativa, criando obriga\u00e7\u00e3o para que os \u00f3rg\u00e3os do Poder Executivo se abstenham de realizar o bloqueio das parcelas consignadas.<br><br>Outro argumento \u00e9 que a interrup\u00e7\u00e3o do pagamento de parcelas dos contratos e o afastamento da incid\u00eancia de juros ou multas durante o per\u00edodo de calamidade p\u00fablica violam os princ\u00edpios da seguran\u00e7a jur\u00eddica e da livre iniciativa.<\/p>\n","protected":false},"excerpt":{"rendered":"<p>A Confedera\u00e7\u00e3o Nacional do Sistema Financeiro (Consif) ajuizou, no Supremo Tribunal Federal (STF), mais uma a\u00e7\u00e3o contra norma estadual que suspende pagamento de contratos de cr\u00e9dito consignado em decorr\u00eancia da pandemia da Covid-19. Na A\u00e7\u00e3o Direta de Inconstitucionalidade (ADI 6484), de relatoria do ministro Lu\u00eds Roberto Barroso, questiona-se a Lei estadual 10.733\/2020 do Rio Grande<br \/><a class=\"more-link\" href=\"https:\/\/justicapotiguar.com.br\/index.php\/2020\/07\/18\/acao-no-stf-contesta-norma-que-suspende-por-ate-180-dias-pagamento-de-consignado-no-rn\/\">Mais&#8230;<\/a><\/p>\n","protected":false},"author":5,"featured_media":7753,"comment_status":"open","ping_status":"open","sticky":false,"template":"","format":"standard","meta":[],"categories":[3],"tags":[],"_links":{"self":[{"href":"https:\/\/justicapotiguar.com.br\/index.php\/wp-json\/wp\/v2\/posts\/11551"}],"collection":[{"href":"https:\/\/justicapotiguar.com.br\/index.php\/wp-json\/wp\/v2\/posts"}],"about":[{"href":"https:\/\/justicapotiguar.com.br\/index.php\/wp-json\/wp\/v2\/types\/post"}],"author":[{"embeddable":true,"href":"https:\/\/justicapotiguar.com.br\/index.php\/wp-json\/wp\/v2\/users\/5"}],"replies":[{"embeddable":true,"href":"https:\/\/justicapotiguar.com.br\/index.php\/wp-json\/wp\/v2\/comments?post=11551"}],"version-history":[{"count":1,"href":"https:\/\/justicapotiguar.com.br\/index.php\/wp-json\/wp\/v2\/posts\/11551\/revisions"}],"predecessor-version":[{"id":11552,"href":"https:\/\/justicapotiguar.com.br\/index.php\/wp-json\/wp\/v2\/posts\/11551\/revisions\/11552"}],"wp:featuredmedia":[{"embeddable":true,"href":"https:\/\/justicapotiguar.com.br\/index.php\/wp-json\/wp\/v2\/media\/7753"}],"wp:attachment":[{"href":"https:\/\/justicapotiguar.com.br\/index.php\/wp-json\/wp\/v2\/media?parent=11551"}],"wp:term":[{"taxonomy":"category","embeddable":true,"href":"https:\/\/justicapotiguar.com.br\/index.php\/wp-json\/wp\/v2\/categories?post=11551"},{"taxonomy":"post_tag","embeddable":true,"href":"https:\/\/justicapotiguar.com.br\/index.php\/wp-json\/wp\/v2\/tags?post=11551"}],"curies":[{"name":"wp","href":"https:\/\/api.w.org\/{rel}","templated":true}]}}