{"id":11523,"date":"2020-07-17T15:42:33","date_gmt":"2020-07-17T18:42:33","guid":{"rendered":"https:\/\/justicapotiguar.com.br\/?p=11523"},"modified":"2020-07-17T12:26:10","modified_gmt":"2020-07-17T15:26:10","slug":"pgr-edita-portaria-que-da-transparencia-ao-sistema-eletronico-do-mpf","status":"publish","type":"post","link":"https:\/\/justicapotiguar.com.br\/index.php\/2020\/07\/17\/pgr-edita-portaria-que-da-transparencia-ao-sistema-eletronico-do-mpf\/","title":{"rendered":"PGR edita portaria que d\u00e1 transpar\u00eancia ao sistema eletr\u00f4nico do MPF"},"content":{"rendered":"\n<p>O procurador-geral da Rep\u00fablica,&nbsp;<strong>Augusto Aras<\/strong>, publicou nesta quinta-feira (16\/7) a Portaria PGR\/MPF n\u00ba 622\/2020, que visa dar transpar\u00eancia ao sistema eletr\u00f4nico interno, o \u00danico, no qual tramitam todos os documentos e processos judiciais e extrajudiciais do Minist\u00e9rio P\u00fablico Federal (MPF). A portaria extingue a figura do &#8220;controlador&#8221;, que permitia a&nbsp;alguns usu\u00e1rios e pessoas designadas por eles acesso exclusivo a determinados expedientes, eventualmente ocultando-os inclusive do procurador natural do caso e da Corregedoria-Geral do MPF.<\/p>\n\n\n\n<figure class=\"wp-block-image\"><img src=\"https:\/\/www.conjur.com.br\/img\/b\/augusto-aras-pgr-20201.jpeg\" alt=\"\"\/><figcaption>Augusto Aras, procurador-Geral da Rep\u00fablica<br><sup>Rosinei Coutinho\/STF<\/sup><\/figcaption><\/figure>\n\n\n\n<p>A figura do &#8220;controlador&#8221;&nbsp;estava prevista na Portaria PGR\/MPF n\u00ba 350\/2017, assinada por&nbsp;<strong>Rodrigo Janot<\/strong>&nbsp;e que foi agora alterada. A classifica\u00e7\u00e3o dos processos e documentos no sistema continua a mesma, respeitando os tr\u00eas n\u00edveis de sigilo: normal, no qual h\u00e1 visibilidade ampla e qualquer usu\u00e1rio do sistema pode acessar; reservado, no qual todas as pessoas lotadas no setor em que o expediente tramita podem acess\u00e1-lo; e confidencial, no qual s\u00f3 podem acessar o expediente as pessoas a quem foi expressamente atribu\u00edda a visibilidade.<\/p>\n\n\n\n<p>O uso da ferramenta &#8220;controlador&#8221;&nbsp;permitia que o acesso a documentos e processos classificados como confidenciais fosse vedado at\u00e9 mesmo para as pessoas denominadas &#8220;delegantes&#8221;: autoridades que, por for\u00e7a legal e normativa, devem poder acessar qualquer expediente dentro de sua esfera de atribui\u00e7\u00e3o, quando houver justificativa legal. Entre os delegantes est\u00e3o o procurador-geral da Rep\u00fablica, a corregedora-geral do MPF e os coordenadores das C\u00e2maras de Coordena\u00e7\u00e3o e Revis\u00e3o, cada um em sua \u00e1rea tem\u00e1tica, conforme estabelece a mesma Portaria PGR\/MPF n\u00ba 350\/2017, na parte do texto que permanece v\u00e1lida.<\/p>\n\n\n\n<p>O formato do sistema \u00danico at\u00e9 ent\u00e3o vigente permitia&nbsp;a oculta\u00e7\u00e3o de todas as informa\u00e7\u00f5es referentes a determinado processo, fazendo com que o respons\u00e1vel por ele pesquisasse no sistema e n\u00e3o encontrasse resultado. Em ato anterior, o PGR j\u00e1 havia determinado o aprimoramento de um mecanismo que possibilitava que usu\u00e1rios n\u00e3o mais lotados em uma unidade ou desligados de for\u00e7as-tarefa e grupos de trabalho mantivessem acesso integral a procedimentos reservados ou confidenciais.<\/p><div class=\"eqain69ec4a9ddce41\" ><!--<a href=\"https:\/\/bit.ly\/3QdrqTZ\" target=\"_blank\">\n<img src=\"https:\/\/justicapotiguar.com.br\/wp-content\/uploads\/2023\/09\/mobile-geral.gif\"\/><a\/>--><\/div><style type=\"text\/css\">\r\n.eqain69ec4a9ddce41 {\r\ntext-align: center;\r\n}\r\n@media screen and (min-width: 1201px) {\r\n.eqain69ec4a9ddce41 {\r\ndisplay: none;\r\n}\r\n}\r\n@media screen and (min-width: 993px) and (max-width: 1200px) {\r\n.eqain69ec4a9ddce41 {\r\ndisplay: none;\r\n}\r\n}\r\n@media screen and (min-width: 769px) and (max-width: 992px) {\r\n.eqain69ec4a9ddce41 {\r\ndisplay: none;\r\n}\r\n}\r\n@media screen and (min-width: 768px) and (max-width: 768px) {\r\n.eqain69ec4a9ddce41 {\r\ndisplay: block;\r\n}\r\n}\r\n@media screen and (max-width: 767px) {\r\n.eqain69ec4a9ddce41 {\r\ndisplay: block;\r\n}\r\n}\r\n<\/style>\r\n<div class=\"dgmea69ec4a9ddce24\" ><!--<a href=\"https:\/\/bit.ly\/3QdrqTZ\" target=\"_blank\">\n<img src=\"https:\/\/justicapotiguar.com.br\/wp-content\/uploads\/2023\/09\/desktop-geral.gif\"\/><a\/>--><\/div><style type=\"text\/css\">\r\n.dgmea69ec4a9ddce24 {\r\ntext-align: center;\nmargin-bottom: 1em;\r\n}\r\n@media screen and (min-width: 1201px) {\r\n.dgmea69ec4a9ddce24 {\r\ndisplay: block;\r\n}\r\n}\r\n@media screen and (min-width: 993px) and (max-width: 1200px) {\r\n.dgmea69ec4a9ddce24 {\r\ndisplay: block;\r\n}\r\n}\r\n@media screen and (min-width: 769px) and (max-width: 992px) {\r\n.dgmea69ec4a9ddce24 {\r\ndisplay: block;\r\n}\r\n}\r\n@media screen and (min-width: 768px) and (max-width: 768px) {\r\n.dgmea69ec4a9ddce24 {\r\ndisplay: none;\r\n}\r\n}\r\n@media screen and (max-width: 767px) {\r\n.dgmea69ec4a9ddce24 {\r\ndisplay: none;\r\n}\r\n}\r\n<\/style>\r\n\n\n\n\n<p>Segundo a Secretaria de Tecnologia da Informa\u00e7\u00e3o e Comunica\u00e7\u00e3o (Stic), o sistema \u00danico \u00e9 adequado para as mudan\u00e7as promovidas porque manter\u00e1 os registros (logs) de todos os acessos e concess\u00f5es de visibilidade a expedientes reservados e confidenciais, mesmo quando partirem das mais altas autoridades do MPF. Isso garante a seguran\u00e7a jur\u00eddica e a necess\u00e1ria preserva\u00e7\u00e3o do sigilo.<\/p>\n\n\n\n<p>No mesmo ato desta quinta o procurador-geral tamb\u00e9m revogou um outro dispositivo da portaria de 2017 que possibilitava que usu\u00e1rios deixassem de cadastrar no sistema oficial documentos e pe\u00e7as que considerassem sens\u00edveis, de acordo com seus crit\u00e9rios pessoais. O dispositivo constava do par\u00e1grafo 12 do artigo 37 da portaria, que dizia que &#8220;o usu\u00e1rio respons\u00e1vel por expediente que contenha informa\u00e7\u00e3o restrita ou sigilosa [&#8230;] poder\u00e1 adotar outras medidas de controle que entender necess\u00e1rias, inclusive no que tange \u00e0 eventual prote\u00e7\u00e3o exclusiva em meio f\u00edsico ou ao n\u00e3o cadastramento de quaisquer dados relativos ao seu objeto&#8221;\u00a0no sistema eletr\u00f4nico.<\/p>\n\n\n\n<p>Conjur<\/p>\n","protected":false},"excerpt":{"rendered":"<p>O procurador-geral da Rep\u00fablica,&nbsp;Augusto Aras, publicou nesta quinta-feira (16\/7) a Portaria PGR\/MPF n\u00ba 622\/2020, que visa dar transpar\u00eancia ao sistema eletr\u00f4nico interno, o \u00danico, no qual tramitam todos os documentos e processos judiciais e extrajudiciais do Minist\u00e9rio P\u00fablico Federal (MPF). A portaria extingue a figura do &#8220;controlador&#8221;, que permitia a&nbsp;alguns usu\u00e1rios e pessoas designadas por<br \/><a class=\"more-link\" href=\"https:\/\/justicapotiguar.com.br\/index.php\/2020\/07\/17\/pgr-edita-portaria-que-da-transparencia-ao-sistema-eletronico-do-mpf\/\">Mais&#8230;<\/a><\/p>\n","protected":false},"author":5,"featured_media":1861,"comment_status":"open","ping_status":"open","sticky":false,"template":"","format":"standard","meta":[],"categories":[3],"tags":[],"_links":{"self":[{"href":"https:\/\/justicapotiguar.com.br\/index.php\/wp-json\/wp\/v2\/posts\/11523"}],"collection":[{"href":"https:\/\/justicapotiguar.com.br\/index.php\/wp-json\/wp\/v2\/posts"}],"about":[{"href":"https:\/\/justicapotiguar.com.br\/index.php\/wp-json\/wp\/v2\/types\/post"}],"author":[{"embeddable":true,"href":"https:\/\/justicapotiguar.com.br\/index.php\/wp-json\/wp\/v2\/users\/5"}],"replies":[{"embeddable":true,"href":"https:\/\/justicapotiguar.com.br\/index.php\/wp-json\/wp\/v2\/comments?post=11523"}],"version-history":[{"count":1,"href":"https:\/\/justicapotiguar.com.br\/index.php\/wp-json\/wp\/v2\/posts\/11523\/revisions"}],"predecessor-version":[{"id":11524,"href":"https:\/\/justicapotiguar.com.br\/index.php\/wp-json\/wp\/v2\/posts\/11523\/revisions\/11524"}],"wp:featuredmedia":[{"embeddable":true,"href":"https:\/\/justicapotiguar.com.br\/index.php\/wp-json\/wp\/v2\/media\/1861"}],"wp:attachment":[{"href":"https:\/\/justicapotiguar.com.br\/index.php\/wp-json\/wp\/v2\/media?parent=11523"}],"wp:term":[{"taxonomy":"category","embeddable":true,"href":"https:\/\/justicapotiguar.com.br\/index.php\/wp-json\/wp\/v2\/categories?post=11523"},{"taxonomy":"post_tag","embeddable":true,"href":"https:\/\/justicapotiguar.com.br\/index.php\/wp-json\/wp\/v2\/tags?post=11523"}],"curies":[{"name":"wp","href":"https:\/\/api.w.org\/{rel}","templated":true}]}}