{"id":11432,"date":"2020-07-14T17:14:29","date_gmt":"2020-07-14T20:14:29","guid":{"rendered":"https:\/\/justicapotiguar.com.br\/?p=11432"},"modified":"2020-07-14T16:15:40","modified_gmt":"2020-07-14T19:15:40","slug":"covid-19-empresas-podem-recontratar-funcionarios-dentro-de-90-dias-sem-sancao-de-fraude","status":"publish","type":"post","link":"https:\/\/justicapotiguar.com.br\/index.php\/2020\/07\/14\/covid-19-empresas-podem-recontratar-funcionarios-dentro-de-90-dias-sem-sancao-de-fraude\/","title":{"rendered":"Covid-19: Empresas podem recontratar funcion\u00e1rios dentro de 90 dias sem san\u00e7\u00e3o de fraude"},"content":{"rendered":"\n<p>Acaba de ser publicada em edi\u00e7\u00e3o extra do DOU desta ter\u00e7a-feira, 14, a portaria&nbsp;<a href=\"http:\/\/www.in.gov.br\/en\/web\/dou\/-\/portaria-n-16.655-de-14-de-julho-de-2020-266640831\" target=\"_blank\" rel=\"noreferrer noopener\">16.655\/20<\/a>, que autoriza, durante estado de calamidade p\u00fablica decorrente da covid-19, a recontrata\u00e7\u00e3o de funcion\u00e1rio, dentro de 90 dias, sem que a empresa venha a ser punida por rescis\u00e3o fraudulenta.&nbsp;<\/p>\n\n\n\n<p><em>&#8220;Art. 1\u00ba Durante o estado de calamidade p\u00fablica de que trata o Decreto Legislativo n\u00ba 6, de 20 de mar\u00e7o de 2020, n\u00e3o se presumir\u00e1 fraudulenta a rescis\u00e3o de contrato de trabalho sem justa causa seguida de recontrata\u00e7\u00e3o dentro dos noventa dias subsequentes \u00e0 data em que formalmente a rescis\u00e3o se operou, desde que mantidos os mesmos termos do contrato rescindido.&#8221;<\/em><\/p>\n\n\n\n<figure class=\"wp-block-image\"><img src=\"https:\/\/www.globalframe.com.br\/gf_base\/empresas\/MIGA\/imagens\/5114B914F55CFE86B5E6219DCA0FA9BB191B_ctps.jpg\" alt=\"t\"\/><\/figure>\n\n\n\n<p>A norma \u00e9 do minist\u00e9rio da Economia e da Secretaria Especial de Previd\u00eancia e Trabalho.&nbsp;<\/p><div class=\"raozm69f2e8bb1379e\" ><!--<a href=\"https:\/\/bit.ly\/3QdrqTZ\" target=\"_blank\">\n<img src=\"https:\/\/justicapotiguar.com.br\/wp-content\/uploads\/2023\/09\/mobile-geral.gif\"\/><a\/>--><\/div><style type=\"text\/css\">\r\n.raozm69f2e8bb1379e {\r\ntext-align: center;\r\n}\r\n@media screen and (min-width: 1201px) {\r\n.raozm69f2e8bb1379e {\r\ndisplay: none;\r\n}\r\n}\r\n@media screen and (min-width: 993px) and (max-width: 1200px) {\r\n.raozm69f2e8bb1379e {\r\ndisplay: none;\r\n}\r\n}\r\n@media screen and (min-width: 769px) and (max-width: 992px) {\r\n.raozm69f2e8bb1379e {\r\ndisplay: none;\r\n}\r\n}\r\n@media screen and (min-width: 768px) and (max-width: 768px) {\r\n.raozm69f2e8bb1379e {\r\ndisplay: block;\r\n}\r\n}\r\n@media screen and (max-width: 767px) {\r\n.raozm69f2e8bb1379e {\r\ndisplay: block;\r\n}\r\n}\r\n<\/style>\r\n<div class=\"eephy69f2e8bb13789\" ><!--<a href=\"https:\/\/bit.ly\/3QdrqTZ\" target=\"_blank\">\n<img src=\"https:\/\/justicapotiguar.com.br\/wp-content\/uploads\/2023\/09\/desktop-geral.gif\"\/><a\/>--><\/div><style type=\"text\/css\">\r\n.eephy69f2e8bb13789 {\r\ntext-align: center;\nmargin-bottom: 1em;\r\n}\r\n@media screen and (min-width: 1201px) {\r\n.eephy69f2e8bb13789 {\r\ndisplay: block;\r\n}\r\n}\r\n@media screen and (min-width: 993px) and (max-width: 1200px) {\r\n.eephy69f2e8bb13789 {\r\ndisplay: block;\r\n}\r\n}\r\n@media screen and (min-width: 769px) and (max-width: 992px) {\r\n.eephy69f2e8bb13789 {\r\ndisplay: block;\r\n}\r\n}\r\n@media screen and (min-width: 768px) and (max-width: 768px) {\r\n.eephy69f2e8bb13789 {\r\ndisplay: none;\r\n}\r\n}\r\n@media screen and (max-width: 767px) {\r\n.eephy69f2e8bb13789 {\r\ndisplay: none;\r\n}\r\n}\r\n<\/style>\r\n\n\n\n\n<p>A portaria autoriza a recontrata\u00e7\u00e3o em termos diversos do contrato rescindido, quando houver previs\u00e3o nesse sentido em instrumento decorrente de negocia\u00e7\u00e3o coletiva.&nbsp;<\/p>\n\n\n\n<p>Hoje a\u00a0<a rel=\"noreferrer noopener\" href=\"http:\/\/www.planalto.gov.br\/ccivil_03\/decreto-lei\/del5452.htm\" target=\"_blank\">CLT<\/a>\u00a0estabelece que, em uma demiss\u00e3o sem justa causa, a empresa n\u00e3o pode readmitir o funcion\u00e1rio por 90 dias sob pena de incorrer em fraude.<\/p>\n\n\n\n<p>Migalhas<\/p>\n","protected":false},"excerpt":{"rendered":"<p>Acaba de ser publicada em edi\u00e7\u00e3o extra do DOU desta ter\u00e7a-feira, 14, a portaria&nbsp;16.655\/20, que autoriza, durante estado de calamidade p\u00fablica decorrente da covid-19, a recontrata\u00e7\u00e3o de funcion\u00e1rio, dentro de 90 dias, sem que a empresa venha a ser punida por rescis\u00e3o fraudulenta.&nbsp; &#8220;Art. 1\u00ba Durante o estado de calamidade p\u00fablica de que trata o<br \/><a class=\"more-link\" href=\"https:\/\/justicapotiguar.com.br\/index.php\/2020\/07\/14\/covid-19-empresas-podem-recontratar-funcionarios-dentro-de-90-dias-sem-sancao-de-fraude\/\">Mais&#8230;<\/a><\/p>\n","protected":false},"author":5,"featured_media":7620,"comment_status":"open","ping_status":"open","sticky":false,"template":"","format":"standard","meta":[],"categories":[3],"tags":[],"_links":{"self":[{"href":"https:\/\/justicapotiguar.com.br\/index.php\/wp-json\/wp\/v2\/posts\/11432"}],"collection":[{"href":"https:\/\/justicapotiguar.com.br\/index.php\/wp-json\/wp\/v2\/posts"}],"about":[{"href":"https:\/\/justicapotiguar.com.br\/index.php\/wp-json\/wp\/v2\/types\/post"}],"author":[{"embeddable":true,"href":"https:\/\/justicapotiguar.com.br\/index.php\/wp-json\/wp\/v2\/users\/5"}],"replies":[{"embeddable":true,"href":"https:\/\/justicapotiguar.com.br\/index.php\/wp-json\/wp\/v2\/comments?post=11432"}],"version-history":[{"count":1,"href":"https:\/\/justicapotiguar.com.br\/index.php\/wp-json\/wp\/v2\/posts\/11432\/revisions"}],"predecessor-version":[{"id":11433,"href":"https:\/\/justicapotiguar.com.br\/index.php\/wp-json\/wp\/v2\/posts\/11432\/revisions\/11433"}],"wp:featuredmedia":[{"embeddable":true,"href":"https:\/\/justicapotiguar.com.br\/index.php\/wp-json\/wp\/v2\/media\/7620"}],"wp:attachment":[{"href":"https:\/\/justicapotiguar.com.br\/index.php\/wp-json\/wp\/v2\/media?parent=11432"}],"wp:term":[{"taxonomy":"category","embeddable":true,"href":"https:\/\/justicapotiguar.com.br\/index.php\/wp-json\/wp\/v2\/categories?post=11432"},{"taxonomy":"post_tag","embeddable":true,"href":"https:\/\/justicapotiguar.com.br\/index.php\/wp-json\/wp\/v2\/tags?post=11432"}],"curies":[{"name":"wp","href":"https:\/\/api.w.org\/{rel}","templated":true}]}}