{"id":11318,"date":"2020-07-10T15:40:29","date_gmt":"2020-07-10T18:40:29","guid":{"rendered":"https:\/\/justicapotiguar.com.br\/?p=11318"},"modified":"2020-07-10T15:40:29","modified_gmt":"2020-07-10T18:40:29","slug":"apos-negar-acesso-mp-recomenda-que-sams-club-cumpra-legislacao-para-entrada-de-pessoas-com-deficiencia-e-acompanhantes","status":"publish","type":"post","link":"https:\/\/justicapotiguar.com.br\/index.php\/2020\/07\/10\/apos-negar-acesso-mp-recomenda-que-sams-club-cumpra-legislacao-para-entrada-de-pessoas-com-deficiencia-e-acompanhantes\/","title":{"rendered":"Ap\u00f3s negar acesso, MP recomenda que SAM&#8217;S Club cumpra legisla\u00e7\u00e3o para entrada de pessoas com defici\u00eancia e acompanhantes"},"content":{"rendered":"\n<p>Ap\u00f3s veicula\u00e7\u00e3o de mat\u00e9ria no Blog do BG do impedimento de um portador de s\u00edndrome de down entrar no SAM&#8217;S Club, o Minist\u00e9rio P\u00fablico do RN emitiu recomenda\u00e7\u00e3o para o respons\u00e1vel legal da empresa garanta as condi\u00e7\u00f5es de acesso a pessoas com defici\u00eancia, incluindo acompanhante conforme prev\u00ea a legisla\u00e7\u00e3o.<\/p>\n\n\n\n<figure class=\"wp-block-image\"><img loading=\"lazy\" width=\"554\" height=\"554\" src=\"https:\/\/justicapotiguar.com.br\/wp-content\/uploads\/2020\/07\/images-20.jpeg\" alt=\"\" class=\"wp-image-11320\" srcset=\"https:\/\/justicapotiguar.com.br\/wp-content\/uploads\/2020\/07\/images-20.jpeg 554w, https:\/\/justicapotiguar.com.br\/wp-content\/uploads\/2020\/07\/images-20-150x150.jpeg 150w, https:\/\/justicapotiguar.com.br\/wp-content\/uploads\/2020\/07\/images-20-300x300.jpeg 300w\" sizes=\"(max-width: 554px) 100vw, 554px\" \/><figcaption>Reprodu\u00e7\u00e3o<\/figcaption><\/figure>\n\n\n\n<p>A recomenda\u00e7\u00e3o assinada pela promotora Rebecca Nunes prev\u00ea que o SAMS Club : &#8220;considere, de imediato, as quest\u00f5es individuais relativas \u00e0s pessoas (consumidores) com defici\u00eancia por<br> ocasi\u00e3o do acesso ao seu estabelecimento comercial, conferindo interpreta\u00e7\u00e3o aos dispositivos legais referentes ao<br> ingresso individual em estabelecimentos comerciais por causa da pandemia pelo COVID- 19 em sintonia com os dispositivos constitucionais e legais relativos aos direitos das pessoas com defici\u00eancia, inclusive no tocante \u00e0 possibilidade de ingresso daqueles com acompanhante\/atendente pessoal, sem que isso configure desrespeito aos cuidados a<br> serem dispensados em tempo de pandemia, conferindo-lhes, inclusive, o devido atendimento priorit\u00e1rio. Assim, devido \u00e0 urg\u00eancia que o caso necessita, fica estabelecido o prazo de 10 (dez) dias para que o Sam\u00b4s Club Natal encaminhe a esta 9\u00aa Promotoria de Justi\u00e7a, de modo comprovado, as medidas adotada para o cumprimento a presente recomenda\u00e7\u00e3o&#8221;.<\/p><div class=\"nggaw69f45ea0d911a\" ><!--<a href=\"https:\/\/bit.ly\/3QdrqTZ\" target=\"_blank\">\n<img src=\"https:\/\/justicapotiguar.com.br\/wp-content\/uploads\/2023\/09\/mobile-geral.gif\"\/><a\/>--><\/div><style type=\"text\/css\">\r\n.nggaw69f45ea0d911a {\r\ntext-align: center;\r\n}\r\n@media screen and (min-width: 1201px) {\r\n.nggaw69f45ea0d911a {\r\ndisplay: none;\r\n}\r\n}\r\n@media screen and (min-width: 993px) and (max-width: 1200px) {\r\n.nggaw69f45ea0d911a {\r\ndisplay: none;\r\n}\r\n}\r\n@media screen and (min-width: 769px) and (max-width: 992px) {\r\n.nggaw69f45ea0d911a {\r\ndisplay: none;\r\n}\r\n}\r\n@media screen and (min-width: 768px) and (max-width: 768px) {\r\n.nggaw69f45ea0d911a {\r\ndisplay: block;\r\n}\r\n}\r\n@media screen and (max-width: 767px) {\r\n.nggaw69f45ea0d911a {\r\ndisplay: block;\r\n}\r\n}\r\n<\/style>\r\n<div class=\"nqxgg69f45ea0d90ff\" ><!--<a href=\"https:\/\/bit.ly\/3QdrqTZ\" target=\"_blank\">\n<img src=\"https:\/\/justicapotiguar.com.br\/wp-content\/uploads\/2023\/09\/desktop-geral.gif\"\/><a\/>--><\/div><style type=\"text\/css\">\r\n.nqxgg69f45ea0d90ff {\r\ntext-align: center;\nmargin-bottom: 1em;\r\n}\r\n@media screen and (min-width: 1201px) {\r\n.nqxgg69f45ea0d90ff {\r\ndisplay: block;\r\n}\r\n}\r\n@media screen and (min-width: 993px) and (max-width: 1200px) {\r\n.nqxgg69f45ea0d90ff {\r\ndisplay: block;\r\n}\r\n}\r\n@media screen and (min-width: 769px) and (max-width: 992px) {\r\n.nqxgg69f45ea0d90ff {\r\ndisplay: block;\r\n}\r\n}\r\n@media screen and (min-width: 768px) and (max-width: 768px) {\r\n.nqxgg69f45ea0d90ff {\r\ndisplay: none;\r\n}\r\n}\r\n@media screen and (max-width: 767px) {\r\n.nqxgg69f45ea0d90ff {\r\ndisplay: none;\r\n}\r\n}\r\n<\/style>\r\n\n\n\n\n<p>Confira a pe\u00e7a: <\/p>\n\n\n\n<div class=\"wp-block-file\"><a href=\"https:\/\/justicapotiguar.com.br\/wp-content\/uploads\/2020\/07\/115.2020.000313-Recomenda\u00e7\u00e3o-2020-0000225076-1.pdf\">115.2020.000313-Recomenda\u00e7\u00e3o-2020-0000225076-1<\/a><a href=\"https:\/\/justicapotiguar.com.br\/wp-content\/uploads\/2020\/07\/115.2020.000313-Recomenda\u00e7\u00e3o-2020-0000225076-1.pdf\" class=\"wp-block-file__button\" download>Baixar<\/a><\/div>\n\n\n\n<p><\/p>\n","protected":false},"excerpt":{"rendered":"<p>Ap\u00f3s veicula\u00e7\u00e3o de mat\u00e9ria no Blog do BG do impedimento de um portador de s\u00edndrome de down entrar no SAM&#8217;S Club, o Minist\u00e9rio P\u00fablico do RN emitiu recomenda\u00e7\u00e3o para o respons\u00e1vel legal da empresa garanta as condi\u00e7\u00f5es de acesso a pessoas com defici\u00eancia, incluindo acompanhante conforme prev\u00ea a legisla\u00e7\u00e3o. A recomenda\u00e7\u00e3o assinada pela promotora Rebecca<br \/><a class=\"more-link\" href=\"https:\/\/justicapotiguar.com.br\/index.php\/2020\/07\/10\/apos-negar-acesso-mp-recomenda-que-sams-club-cumpra-legislacao-para-entrada-de-pessoas-com-deficiencia-e-acompanhantes\/\">Mais&#8230;<\/a><\/p>\n","protected":false},"author":5,"featured_media":11320,"comment_status":"open","ping_status":"open","sticky":false,"template":"","format":"standard","meta":[],"categories":[3],"tags":[],"_links":{"self":[{"href":"https:\/\/justicapotiguar.com.br\/index.php\/wp-json\/wp\/v2\/posts\/11318"}],"collection":[{"href":"https:\/\/justicapotiguar.com.br\/index.php\/wp-json\/wp\/v2\/posts"}],"about":[{"href":"https:\/\/justicapotiguar.com.br\/index.php\/wp-json\/wp\/v2\/types\/post"}],"author":[{"embeddable":true,"href":"https:\/\/justicapotiguar.com.br\/index.php\/wp-json\/wp\/v2\/users\/5"}],"replies":[{"embeddable":true,"href":"https:\/\/justicapotiguar.com.br\/index.php\/wp-json\/wp\/v2\/comments?post=11318"}],"version-history":[{"count":1,"href":"https:\/\/justicapotiguar.com.br\/index.php\/wp-json\/wp\/v2\/posts\/11318\/revisions"}],"predecessor-version":[{"id":11321,"href":"https:\/\/justicapotiguar.com.br\/index.php\/wp-json\/wp\/v2\/posts\/11318\/revisions\/11321"}],"wp:featuredmedia":[{"embeddable":true,"href":"https:\/\/justicapotiguar.com.br\/index.php\/wp-json\/wp\/v2\/media\/11320"}],"wp:attachment":[{"href":"https:\/\/justicapotiguar.com.br\/index.php\/wp-json\/wp\/v2\/media?parent=11318"}],"wp:term":[{"taxonomy":"category","embeddable":true,"href":"https:\/\/justicapotiguar.com.br\/index.php\/wp-json\/wp\/v2\/categories?post=11318"},{"taxonomy":"post_tag","embeddable":true,"href":"https:\/\/justicapotiguar.com.br\/index.php\/wp-json\/wp\/v2\/tags?post=11318"}],"curies":[{"name":"wp","href":"https:\/\/api.w.org\/{rel}","templated":true}]}}