{"id":11174,"date":"2020-07-06T21:20:02","date_gmt":"2020-07-07T00:20:02","guid":{"rendered":"https:\/\/justicapotiguar.com.br\/?p=11174"},"modified":"2020-07-06T21:20:02","modified_gmt":"2020-07-07T00:20:02","slug":"presidente-do-stf-restabelece-ato-do-tce-rn-que-determinou-indisponibilidade-de-bens-de-advogado","status":"publish","type":"post","link":"https:\/\/justicapotiguar.com.br\/index.php\/2020\/07\/06\/presidente-do-stf-restabelece-ato-do-tce-rn-que-determinou-indisponibilidade-de-bens-de-advogado\/","title":{"rendered":"Presidente do STF restabelece ato do TCE-RN que determinou indisponibilidade de bens de advogado"},"content":{"rendered":"\n<p>O presidente do Supremo Tribunal Federal (STF), ministro Dias Toffoli, restabeleceu ato em que o Tribunal de Contas do Rio Grande do Norte (TCE-RN), havia determinado a indisponibilidade dos bens de um advogado por supostas irregularidades em contrato com o Munic\u00edpio de Monte Alegre (RN) para recebimento de royalties provenientes da extra\u00e7\u00e3o de g\u00e1s natural na cidade.<\/p>\n\n\n\n<figure class=\"wp-block-image\"><img loading=\"lazy\" width=\"700\" height=\"450\" src=\"https:\/\/justicapotiguar.com.br\/wp-content\/uploads\/2020\/05\/20200505152340624688a.jpg\" alt=\"\" class=\"wp-image-9282\" srcset=\"https:\/\/justicapotiguar.com.br\/wp-content\/uploads\/2020\/05\/20200505152340624688a.jpg 700w, https:\/\/justicapotiguar.com.br\/wp-content\/uploads\/2020\/05\/20200505152340624688a-300x193.jpg 300w\" sizes=\"(max-width: 700px) 100vw, 700px\" \/><figcaption>Reprodu\u00e7\u00e3o<\/figcaption><\/figure>\n\n\n\n<p>A decis\u00e3o, proferida na Suspens\u00e3o de Seguran\u00e7a (SS) 5335, suspende decis\u00e3o do Tribunal de Justi\u00e7a do Rio Grande do Norte (TJ-RN) que, segundo o ministro Dias Toffoli, inibiu a atua\u00e7\u00e3o do TCE-RN e representa grave risco de les\u00e3o \u00e0 ordem p\u00fablica e econ\u00f4mica do estado.<\/p><div class=\"hpjrv69f3bbeee3386\" ><!--<a href=\"https:\/\/bit.ly\/3QdrqTZ\" target=\"_blank\">\n<img src=\"https:\/\/justicapotiguar.com.br\/wp-content\/uploads\/2023\/09\/mobile-geral.gif\"\/><a\/>--><\/div><style type=\"text\/css\">\r\n.hpjrv69f3bbeee3386 {\r\ntext-align: center;\r\n}\r\n@media screen and (min-width: 1201px) {\r\n.hpjrv69f3bbeee3386 {\r\ndisplay: none;\r\n}\r\n}\r\n@media screen and (min-width: 993px) and (max-width: 1200px) {\r\n.hpjrv69f3bbeee3386 {\r\ndisplay: none;\r\n}\r\n}\r\n@media screen and (min-width: 769px) and (max-width: 992px) {\r\n.hpjrv69f3bbeee3386 {\r\ndisplay: none;\r\n}\r\n}\r\n@media screen and (min-width: 768px) and (max-width: 768px) {\r\n.hpjrv69f3bbeee3386 {\r\ndisplay: block;\r\n}\r\n}\r\n@media screen and (max-width: 767px) {\r\n.hpjrv69f3bbeee3386 {\r\ndisplay: block;\r\n}\r\n}\r\n<\/style>\r\n<div class=\"psksp69f3bbeee336e\" ><!--<a href=\"https:\/\/bit.ly\/3QdrqTZ\" target=\"_blank\">\n<img src=\"https:\/\/justicapotiguar.com.br\/wp-content\/uploads\/2023\/09\/desktop-geral.gif\"\/><a\/>--><\/div><style type=\"text\/css\">\r\n.psksp69f3bbeee336e {\r\ntext-align: center;\nmargin-bottom: 1em;\r\n}\r\n@media screen and (min-width: 1201px) {\r\n.psksp69f3bbeee336e {\r\ndisplay: block;\r\n}\r\n}\r\n@media screen and (min-width: 993px) and (max-width: 1200px) {\r\n.psksp69f3bbeee336e {\r\ndisplay: block;\r\n}\r\n}\r\n@media screen and (min-width: 769px) and (max-width: 992px) {\r\n.psksp69f3bbeee336e {\r\ndisplay: block;\r\n}\r\n}\r\n@media screen and (min-width: 768px) and (max-width: 768px) {\r\n.psksp69f3bbeee336e {\r\ndisplay: none;\r\n}\r\n}\r\n@media screen and (max-width: 767px) {\r\n.psksp69f3bbeee336e {\r\ndisplay: none;\r\n}\r\n}\r\n<\/style>\r\n\n\n\n\n<p>O presidente do STF destacou que, de acordo com o entendimento do Supremo, as cortes de contas podem decretar a indisponibilidade de bens de pessoas relacionadas a casos sob investiga\u00e7\u00e3o. Assim, suspendeu a decis\u00e3o do TJ-RN at\u00e9 o tr\u00e2nsito em julgado do mandado de seguran\u00e7a em tr\u00e2mite naquele tribunal.<br><br>RP\/AS\/\/CF<\/p>\n\n\n\n<ul><li>Processo relacionado:\u00a0<a href=\"http:\/\/portal.stf.jus.br\/processos\/detalhe.asp?incidente=5826331\">SS\u00a05335<\/a><\/li><\/ul>\n","protected":false},"excerpt":{"rendered":"<p>O presidente do Supremo Tribunal Federal (STF), ministro Dias Toffoli, restabeleceu ato em que o Tribunal de Contas do Rio Grande do Norte (TCE-RN), havia determinado a indisponibilidade dos bens de um advogado por supostas irregularidades em contrato com o Munic\u00edpio de Monte Alegre (RN) para recebimento de royalties provenientes da extra\u00e7\u00e3o de g\u00e1s natural<br \/><a class=\"more-link\" href=\"https:\/\/justicapotiguar.com.br\/index.php\/2020\/07\/06\/presidente-do-stf-restabelece-ato-do-tce-rn-que-determinou-indisponibilidade-de-bens-de-advogado\/\">Mais&#8230;<\/a><\/p>\n","protected":false},"author":5,"featured_media":9282,"comment_status":"open","ping_status":"open","sticky":false,"template":"","format":"standard","meta":[],"categories":[3],"tags":[],"_links":{"self":[{"href":"https:\/\/justicapotiguar.com.br\/index.php\/wp-json\/wp\/v2\/posts\/11174"}],"collection":[{"href":"https:\/\/justicapotiguar.com.br\/index.php\/wp-json\/wp\/v2\/posts"}],"about":[{"href":"https:\/\/justicapotiguar.com.br\/index.php\/wp-json\/wp\/v2\/types\/post"}],"author":[{"embeddable":true,"href":"https:\/\/justicapotiguar.com.br\/index.php\/wp-json\/wp\/v2\/users\/5"}],"replies":[{"embeddable":true,"href":"https:\/\/justicapotiguar.com.br\/index.php\/wp-json\/wp\/v2\/comments?post=11174"}],"version-history":[{"count":1,"href":"https:\/\/justicapotiguar.com.br\/index.php\/wp-json\/wp\/v2\/posts\/11174\/revisions"}],"predecessor-version":[{"id":11175,"href":"https:\/\/justicapotiguar.com.br\/index.php\/wp-json\/wp\/v2\/posts\/11174\/revisions\/11175"}],"wp:featuredmedia":[{"embeddable":true,"href":"https:\/\/justicapotiguar.com.br\/index.php\/wp-json\/wp\/v2\/media\/9282"}],"wp:attachment":[{"href":"https:\/\/justicapotiguar.com.br\/index.php\/wp-json\/wp\/v2\/media?parent=11174"}],"wp:term":[{"taxonomy":"category","embeddable":true,"href":"https:\/\/justicapotiguar.com.br\/index.php\/wp-json\/wp\/v2\/categories?post=11174"},{"taxonomy":"post_tag","embeddable":true,"href":"https:\/\/justicapotiguar.com.br\/index.php\/wp-json\/wp\/v2\/tags?post=11174"}],"curies":[{"name":"wp","href":"https:\/\/api.w.org\/{rel}","templated":true}]}}