{"id":11158,"date":"2020-07-06T13:33:22","date_gmt":"2020-07-06T16:33:22","guid":{"rendered":"https:\/\/justicapotiguar.com.br\/?p=11158"},"modified":"2020-07-06T13:33:38","modified_gmt":"2020-07-06T16:33:38","slug":"empresa-prova-no-trt-rn-que-empregado-foi-vitima-de-execucao-e-e-dispensada-de-pagar-indenizacao","status":"publish","type":"post","link":"https:\/\/justicapotiguar.com.br\/index.php\/2020\/07\/06\/empresa-prova-no-trt-rn-que-empregado-foi-vitima-de-execucao-e-e-dispensada-de-pagar-indenizacao\/","title":{"rendered":"Empresa prova no TRT-RN que empregado foi v\u00edtima de execu\u00e7\u00e3o e \u00e9 dispensada de pagar indeniza\u00e7\u00e3o"},"content":{"rendered":"\n<p>Uma empresa potiguar conseguiu provar, em julgamento da Segunda Turma do Tribunal Regional do Trabalho da 21\u00aa Regi\u00e3o (TRT-RN), que um colaborador foi v\u00edtima de execu\u00e7\u00e3o e n\u00e3o de latroc\u00ednio, sendo dispensada de pagar indeniza\u00e7\u00e3o por dano moral e material \u00e0 sua fam\u00edlia.<\/p>\n\n\n\n<figure class=\"wp-block-image\"><img loading=\"lazy\" width=\"1024\" height=\"684\" src=\"https:\/\/justicapotiguar.com.br\/wp-content\/uploads\/2020\/07\/Empresa-prova-no-TRT-RN-que-empregado-foi-v\u00edtima-de-execu\u00e7\u00e3o-e-\u00e9-dispensada-de-pagar-indeniza\u00e7\u00e3o-1024x684.jpg\" alt=\"\" class=\"wp-image-11159\" srcset=\"https:\/\/justicapotiguar.com.br\/wp-content\/uploads\/2020\/07\/Empresa-prova-no-TRT-RN-que-empregado-foi-v\u00edtima-de-execu\u00e7\u00e3o-e-\u00e9-dispensada-de-pagar-indeniza\u00e7\u00e3o-1024x684.jpg 1024w, https:\/\/justicapotiguar.com.br\/wp-content\/uploads\/2020\/07\/Empresa-prova-no-TRT-RN-que-empregado-foi-v\u00edtima-de-execu\u00e7\u00e3o-e-\u00e9-dispensada-de-pagar-indeniza\u00e7\u00e3o-300x200.jpg 300w, https:\/\/justicapotiguar.com.br\/wp-content\/uploads\/2020\/07\/Empresa-prova-no-TRT-RN-que-empregado-foi-v\u00edtima-de-execu\u00e7\u00e3o-e-\u00e9-dispensada-de-pagar-indeniza\u00e7\u00e3o-768x513.jpg 768w\" sizes=\"(max-width: 1024px) 100vw, 1024px\" \/><\/figure>\n\n\n\n<p>A fam\u00edlia ingressou com uma a\u00e7\u00e3o na Justi\u00e7a do Trabalho do Rio Grande do Norte com o pedido a indeniza\u00e7\u00e3o, alegando que ele teria sido v\u00edtima de um assalto enquanto trabalhava para a empresa Solage Comercial Brasil Ltda. Foi pedido ainda o reconhecimento de v\u00ednculo empregat\u00edcio.<\/p>\n\n\n\n<p>A empresa, por sua vez, alegou que o ajudante de dep\u00f3sito de material de constru\u00e7\u00e3o n\u00e3o era seu empregado, pois prestava apenas trabalho espor\u00e1dico, os conhecidos \u201cbicos\u201d.&nbsp; Alegou, ainda, que o ajudante n\u00e3o foi v\u00edtima de assalto, mas de uma execu\u00e7\u00e3o por envolvimento com drogas, e que, na verdade, ele estava tentando esconder-se no local de trabalho quanto levou os tiros.<\/p>\n\n\n\n<p>A decis\u00e3o da Segunda Turma do TRT-RN alterou o julgamento da 11\u00aa Vara do Trabalho de Natal, excluindo a indeniza\u00e7\u00e3o por danos moral e material. No entanto, manteve o reconhecimento do v\u00ednculo de emprego, com o pagamento das verbas rescis\u00f3rias, tais quais f\u00e9rias, FGTS e 13\u00ba sal\u00e1rio.<\/p><div class=\"mlcsy69f3a633cc020\" ><!--<a href=\"https:\/\/bit.ly\/3QdrqTZ\" target=\"_blank\">\n<img src=\"https:\/\/justicapotiguar.com.br\/wp-content\/uploads\/2023\/09\/mobile-geral.gif\"\/><a\/>--><\/div><style type=\"text\/css\">\r\n.mlcsy69f3a633cc020 {\r\ntext-align: center;\r\n}\r\n@media screen and (min-width: 1201px) {\r\n.mlcsy69f3a633cc020 {\r\ndisplay: none;\r\n}\r\n}\r\n@media screen and (min-width: 993px) and (max-width: 1200px) {\r\n.mlcsy69f3a633cc020 {\r\ndisplay: none;\r\n}\r\n}\r\n@media screen and (min-width: 769px) and (max-width: 992px) {\r\n.mlcsy69f3a633cc020 {\r\ndisplay: none;\r\n}\r\n}\r\n@media screen and (min-width: 768px) and (max-width: 768px) {\r\n.mlcsy69f3a633cc020 {\r\ndisplay: block;\r\n}\r\n}\r\n@media screen and (max-width: 767px) {\r\n.mlcsy69f3a633cc020 {\r\ndisplay: block;\r\n}\r\n}\r\n<\/style>\r\n<div class=\"zigit69f3a633cc000\" ><!--<a href=\"https:\/\/bit.ly\/3QdrqTZ\" target=\"_blank\">\n<img src=\"https:\/\/justicapotiguar.com.br\/wp-content\/uploads\/2023\/09\/desktop-geral.gif\"\/><a\/>--><\/div><style type=\"text\/css\">\r\n.zigit69f3a633cc000 {\r\ntext-align: center;\nmargin-bottom: 1em;\r\n}\r\n@media screen and (min-width: 1201px) {\r\n.zigit69f3a633cc000 {\r\ndisplay: block;\r\n}\r\n}\r\n@media screen and (min-width: 993px) and (max-width: 1200px) {\r\n.zigit69f3a633cc000 {\r\ndisplay: block;\r\n}\r\n}\r\n@media screen and (min-width: 769px) and (max-width: 992px) {\r\n.zigit69f3a633cc000 {\r\ndisplay: block;\r\n}\r\n}\r\n@media screen and (min-width: 768px) and (max-width: 768px) {\r\n.zigit69f3a633cc000 {\r\ndisplay: none;\r\n}\r\n}\r\n@media screen and (max-width: 767px) {\r\n.zigit69f3a633cc000 {\r\ndisplay: none;\r\n}\r\n}\r\n<\/style>\r\n\n\n\n\n<p>Para o desembargador Jo\u00e3o Eridson Fernandes Medeiros, relator do processo no Tribunal, as evid\u00eancias da morte do empregado \u201cn\u00e3o t\u00eam correla\u00e7\u00e3o direta e imediata\u201d com as suas atividades no dep\u00f3sito. As provas no processo, segundo ele, apontam para a \u201cocorr\u00eancia de crime relacionado a alguma situa\u00e7\u00e3o pessoal\u201d e alheia ao trabalho.<\/p>\n\n\n\n<p>Ainda de acordo com o desembargador, o ajudante foi executado com \u201csete tiros \u00e0 queima roupa, de forma repentina e inesperada, n\u00e3o lhe sendo dada qualquer chance de defesa ou fuga\u201d. \u201dSobressai o fato de n\u00e3o ter havido qualquer discuss\u00e3o entre a v\u00edtima e os seus assassinos e de nada ter sido roubado\u201d, destacou Jo\u00e3o Eridson Fernandes Medeiros.<\/p>\n\n\n\n<p>Quanto ao v\u00ednculo de emprego, ele entendeu que a empresa \u201cn\u00e3o conseguiu comprovar que a presta\u00e7\u00e3o de servi\u00e7o do reclamante se dava apenas eventualmente, na forma de bicos\u201d e que os requisitos caracterizadores do v\u00ednculo \u201cse encontram configurados nos autos\u201d. O processo \u00e9 o 0000399-03.2017.5.21.0041.<\/p>\n","protected":false},"excerpt":{"rendered":"<p>Uma empresa potiguar conseguiu provar, em julgamento da Segunda Turma do Tribunal Regional do Trabalho da 21\u00aa Regi\u00e3o (TRT-RN), que um colaborador foi v\u00edtima de execu\u00e7\u00e3o e n\u00e3o de latroc\u00ednio, sendo dispensada de pagar indeniza\u00e7\u00e3o por dano moral e material \u00e0 sua fam\u00edlia. A fam\u00edlia ingressou com uma a\u00e7\u00e3o na Justi\u00e7a do Trabalho do Rio<br \/><a class=\"more-link\" href=\"https:\/\/justicapotiguar.com.br\/index.php\/2020\/07\/06\/empresa-prova-no-trt-rn-que-empregado-foi-vitima-de-execucao-e-e-dispensada-de-pagar-indenizacao\/\">Mais&#8230;<\/a><\/p>\n","protected":false},"author":5,"featured_media":11159,"comment_status":"open","ping_status":"open","sticky":false,"template":"","format":"standard","meta":[],"categories":[3],"tags":[],"_links":{"self":[{"href":"https:\/\/justicapotiguar.com.br\/index.php\/wp-json\/wp\/v2\/posts\/11158"}],"collection":[{"href":"https:\/\/justicapotiguar.com.br\/index.php\/wp-json\/wp\/v2\/posts"}],"about":[{"href":"https:\/\/justicapotiguar.com.br\/index.php\/wp-json\/wp\/v2\/types\/post"}],"author":[{"embeddable":true,"href":"https:\/\/justicapotiguar.com.br\/index.php\/wp-json\/wp\/v2\/users\/5"}],"replies":[{"embeddable":true,"href":"https:\/\/justicapotiguar.com.br\/index.php\/wp-json\/wp\/v2\/comments?post=11158"}],"version-history":[{"count":1,"href":"https:\/\/justicapotiguar.com.br\/index.php\/wp-json\/wp\/v2\/posts\/11158\/revisions"}],"predecessor-version":[{"id":11160,"href":"https:\/\/justicapotiguar.com.br\/index.php\/wp-json\/wp\/v2\/posts\/11158\/revisions\/11160"}],"wp:featuredmedia":[{"embeddable":true,"href":"https:\/\/justicapotiguar.com.br\/index.php\/wp-json\/wp\/v2\/media\/11159"}],"wp:attachment":[{"href":"https:\/\/justicapotiguar.com.br\/index.php\/wp-json\/wp\/v2\/media?parent=11158"}],"wp:term":[{"taxonomy":"category","embeddable":true,"href":"https:\/\/justicapotiguar.com.br\/index.php\/wp-json\/wp\/v2\/categories?post=11158"},{"taxonomy":"post_tag","embeddable":true,"href":"https:\/\/justicapotiguar.com.br\/index.php\/wp-json\/wp\/v2\/tags?post=11158"}],"curies":[{"name":"wp","href":"https:\/\/api.w.org\/{rel}","templated":true}]}}