{"id":11148,"date":"2020-07-06T12:22:35","date_gmt":"2020-07-06T15:22:35","guid":{"rendered":"https:\/\/justicapotiguar.com.br\/?p=11148"},"modified":"2020-07-06T12:04:53","modified_gmt":"2020-07-06T15:04:53","slug":"live-da-ampern-debate-proibicoes-e-as-permissoes-no-periodo-da-pre-campanha-eleitoral","status":"publish","type":"post","link":"https:\/\/justicapotiguar.com.br\/index.php\/2020\/07\/06\/live-da-ampern-debate-proibicoes-e-as-permissoes-no-periodo-da-pre-campanha-eleitoral\/","title":{"rendered":"Ampern realiza Live sobre proibi\u00e7\u00f5es e permiss\u00f5es no per\u00edodo da pr\u00e9-campanha eleitoral"},"content":{"rendered":"\n<p>&#8220;Pr\u00e9-campanha eleitoral: proibi\u00e7\u00f5es e permiss\u00f5es\u201d \u00e9 o tema da segunda live AMPERN CONVIDA (27\/07, \u00e0s 19h), com a participa\u00e7\u00e3o do Promotor de Justi\u00e7a do MPRN e diretor da AMPERN, Clayton Barreto de Oliveira, e do Promotor de Justi\u00e7a do MPRS, Rodrigo L\u00f3pez Zilio. <\/p>\n\n\n\n<p>O evento trar\u00e1 um debate cr\u00edtico acerca do novo modelo de pr\u00e9-campanha eleitoral, destacando aspectos da comunica\u00e7\u00e3o, bem como das condutas permitidas e vedadas nesse per\u00edodo. Para participar da live basta acessar o Instagram da AMPERN @ampernoficial e acompanhar a transmiss\u00e3o&nbsp;<em>online.<\/em><\/p><div class=\"xbwdq69f28d86dd467\" ><!--<a href=\"https:\/\/bit.ly\/3QdrqTZ\" target=\"_blank\">\n<img src=\"https:\/\/justicapotiguar.com.br\/wp-content\/uploads\/2023\/09\/mobile-geral.gif\"\/><a\/>--><\/div><style type=\"text\/css\">\r\n.xbwdq69f28d86dd467 {\r\ntext-align: center;\r\n}\r\n@media screen and (min-width: 1201px) {\r\n.xbwdq69f28d86dd467 {\r\ndisplay: none;\r\n}\r\n}\r\n@media screen and (min-width: 993px) and (max-width: 1200px) {\r\n.xbwdq69f28d86dd467 {\r\ndisplay: none;\r\n}\r\n}\r\n@media screen and (min-width: 769px) and (max-width: 992px) {\r\n.xbwdq69f28d86dd467 {\r\ndisplay: none;\r\n}\r\n}\r\n@media screen and (min-width: 768px) and (max-width: 768px) {\r\n.xbwdq69f28d86dd467 {\r\ndisplay: block;\r\n}\r\n}\r\n@media screen and (max-width: 767px) {\r\n.xbwdq69f28d86dd467 {\r\ndisplay: block;\r\n}\r\n}\r\n<\/style>\r\n<div class=\"hbufy69f28d86dd44d\" ><!--<a href=\"https:\/\/bit.ly\/3QdrqTZ\" target=\"_blank\">\n<img src=\"https:\/\/justicapotiguar.com.br\/wp-content\/uploads\/2023\/09\/desktop-geral.gif\"\/><a\/>--><\/div><style type=\"text\/css\">\r\n.hbufy69f28d86dd44d {\r\ntext-align: center;\nmargin-bottom: 1em;\r\n}\r\n@media screen and (min-width: 1201px) {\r\n.hbufy69f28d86dd44d {\r\ndisplay: block;\r\n}\r\n}\r\n@media screen and (min-width: 993px) and (max-width: 1200px) {\r\n.hbufy69f28d86dd44d {\r\ndisplay: block;\r\n}\r\n}\r\n@media screen and (min-width: 769px) and (max-width: 992px) {\r\n.hbufy69f28d86dd44d {\r\ndisplay: block;\r\n}\r\n}\r\n@media screen and (min-width: 768px) and (max-width: 768px) {\r\n.hbufy69f28d86dd44d {\r\ndisplay: none;\r\n}\r\n}\r\n@media screen and (max-width: 767px) {\r\n.hbufy69f28d86dd44d {\r\ndisplay: none;\r\n}\r\n}\r\n<\/style>\r\n\n\n\n\n<figure class=\"wp-block-image\"><img src=\"http:\/\/www.ampern.org.br\/app\/webroot\/uploads\/images\/WhatsApp%20Image%202020-07-03%20at%2017.45.16.jpeg\" alt=\"\"\/><\/figure>\n","protected":false},"excerpt":{"rendered":"<p>&#8220;Pr\u00e9-campanha eleitoral: proibi\u00e7\u00f5es e permiss\u00f5es\u201d \u00e9 o tema da segunda live AMPERN CONVIDA (27\/07, \u00e0s 19h), com a participa\u00e7\u00e3o do Promotor de Justi\u00e7a do MPRN e diretor da AMPERN, Clayton Barreto de Oliveira, e do Promotor de Justi\u00e7a do MPRS, Rodrigo L\u00f3pez Zilio. O evento trar\u00e1 um debate cr\u00edtico acerca do novo modelo de pr\u00e9-campanha<br \/><a class=\"more-link\" href=\"https:\/\/justicapotiguar.com.br\/index.php\/2020\/07\/06\/live-da-ampern-debate-proibicoes-e-as-permissoes-no-periodo-da-pre-campanha-eleitoral\/\">Mais&#8230;<\/a><\/p>\n","protected":false},"author":5,"featured_media":11149,"comment_status":"open","ping_status":"open","sticky":false,"template":"","format":"standard","meta":[],"categories":[3],"tags":[],"_links":{"self":[{"href":"https:\/\/justicapotiguar.com.br\/index.php\/wp-json\/wp\/v2\/posts\/11148"}],"collection":[{"href":"https:\/\/justicapotiguar.com.br\/index.php\/wp-json\/wp\/v2\/posts"}],"about":[{"href":"https:\/\/justicapotiguar.com.br\/index.php\/wp-json\/wp\/v2\/types\/post"}],"author":[{"embeddable":true,"href":"https:\/\/justicapotiguar.com.br\/index.php\/wp-json\/wp\/v2\/users\/5"}],"replies":[{"embeddable":true,"href":"https:\/\/justicapotiguar.com.br\/index.php\/wp-json\/wp\/v2\/comments?post=11148"}],"version-history":[{"count":2,"href":"https:\/\/justicapotiguar.com.br\/index.php\/wp-json\/wp\/v2\/posts\/11148\/revisions"}],"predecessor-version":[{"id":11157,"href":"https:\/\/justicapotiguar.com.br\/index.php\/wp-json\/wp\/v2\/posts\/11148\/revisions\/11157"}],"wp:featuredmedia":[{"embeddable":true,"href":"https:\/\/justicapotiguar.com.br\/index.php\/wp-json\/wp\/v2\/media\/11149"}],"wp:attachment":[{"href":"https:\/\/justicapotiguar.com.br\/index.php\/wp-json\/wp\/v2\/media?parent=11148"}],"wp:term":[{"taxonomy":"category","embeddable":true,"href":"https:\/\/justicapotiguar.com.br\/index.php\/wp-json\/wp\/v2\/categories?post=11148"},{"taxonomy":"post_tag","embeddable":true,"href":"https:\/\/justicapotiguar.com.br\/index.php\/wp-json\/wp\/v2\/tags?post=11148"}],"curies":[{"name":"wp","href":"https:\/\/api.w.org\/{rel}","templated":true}]}}