{"id":111,"date":"2019-08-01T14:23:29","date_gmt":"2019-08-01T17:23:29","guid":{"rendered":"https:\/\/justicapotiguar.com.br\/?p=111"},"modified":"2019-08-01T14:23:29","modified_gmt":"2019-08-01T17:23:29","slug":"diretor-do-foro-da-jfrn-se-reune-com-reitor-da-ufrn-e-assina-novas-parcerias","status":"publish","type":"post","link":"https:\/\/justicapotiguar.com.br\/index.php\/2019\/08\/01\/diretor-do-foro-da-jfrn-se-reune-com-reitor-da-ufrn-e-assina-novas-parcerias\/","title":{"rendered":"Diretor do Foro da JFRN se re\u00fane com reitor da UFRN e assina novas parcerias"},"content":{"rendered":"\n<figure class=\"wp-block-image\"><img loading=\"lazy\" width=\"1024\" height=\"768\" src=\"https:\/\/justicapotiguar.com.br\/wp-content\/uploads\/2019\/08\/audiencia-jfrn-e-ufrn-1024x768.jpeg\" alt=\"\" class=\"wp-image-112\" srcset=\"https:\/\/justicapotiguar.com.br\/wp-content\/uploads\/2019\/08\/audiencia-jfrn-e-ufrn-1024x768.jpeg 1024w, https:\/\/justicapotiguar.com.br\/wp-content\/uploads\/2019\/08\/audiencia-jfrn-e-ufrn-300x225.jpeg 300w, https:\/\/justicapotiguar.com.br\/wp-content\/uploads\/2019\/08\/audiencia-jfrn-e-ufrn-768x576.jpeg 768w, https:\/\/justicapotiguar.com.br\/wp-content\/uploads\/2019\/08\/audiencia-jfrn-e-ufrn.jpeg 1280w\" sizes=\"(max-width: 1024px) 100vw, 1024px\" \/><figcaption>Foto: Assessoria da JFRN<\/figcaption><\/figure>\n\n\n\n<p>O Diretor do Foro da Justi\u00e7a Federal no Rio Grande do Norte, Juiz Federal Carlos Wagner Dias Ferreira, reuniu-se na \u00faltima quarta-feira, 31 de julho, com o reitor da Universidade Federal do Rio Grande do Norte, professor Jos\u00e9 Daniel Diniz. Na pauta dois importantes conv\u00eanios que foram firmados entre as duas institui\u00e7\u00f5es.<\/p>\n\n\n\n<p>Foi assinado o aditivo do conv\u00eanio para a continuidade do Proergo, programa desenvolvido pela JFRN junto com professores e alunos de Fisioterapia da UFRN, que contempla an\u00e1lise ergon\u00f4mica do trabalho, an\u00e1lise ambiental e estudo de fatores que possam influenciar a sa\u00fade e a integridade f\u00edsica  e mental dos colaboradores. Os dois dirigentes tamb\u00e9m assinaram Acordo de Coopera\u00e7\u00e3o para pesquisa sobre a solu\u00e7\u00e3o de problemas enfrentados pelo Centro de Intelig\u00eancia da Justi\u00e7a Federal.<\/p>\n\n\n\n<p>Nesse termo est\u00e3o contemplados dois trabalhos apresentados no hackathon patrocinado pela JFRN na Campus Party de 2018, que envolvem alunos e professores da UFRN. Um dos trabalhos \u00e9 o desenvolvimento de um aplicativo para celular de consulta processual com linguagem mais simples. O outro projeto \u00e9 um software externo ao Processo Judicial Eletr\u00f4nico para facilitar a constata\u00e7\u00e3o de preven\u00e7\u00e3o. Para entrega desses projetos a JFRN disponibilizar\u00e1 os dados dos processos em tramita\u00e7\u00e3o nos sistemas processuais eletr\u00f4nicos, excetuando-se os afetos aos processos com segredo de justi\u00e7a.<\/p><div class=\"ccwoa69f3b35d4091f\" ><!--<a href=\"https:\/\/bit.ly\/3QdrqTZ\" target=\"_blank\">\n<img src=\"https:\/\/justicapotiguar.com.br\/wp-content\/uploads\/2023\/09\/mobile-geral.gif\"\/><a\/>--><\/div><style type=\"text\/css\">\r\n.ccwoa69f3b35d4091f {\r\ntext-align: center;\r\n}\r\n@media screen and (min-width: 1201px) {\r\n.ccwoa69f3b35d4091f {\r\ndisplay: none;\r\n}\r\n}\r\n@media screen and (min-width: 993px) and (max-width: 1200px) {\r\n.ccwoa69f3b35d4091f {\r\ndisplay: none;\r\n}\r\n}\r\n@media screen and (min-width: 769px) and (max-width: 992px) {\r\n.ccwoa69f3b35d4091f {\r\ndisplay: none;\r\n}\r\n}\r\n@media screen and (min-width: 768px) and (max-width: 768px) {\r\n.ccwoa69f3b35d4091f {\r\ndisplay: block;\r\n}\r\n}\r\n@media screen and (max-width: 767px) {\r\n.ccwoa69f3b35d4091f {\r\ndisplay: block;\r\n}\r\n}\r\n<\/style>\r\n<div class=\"doopq69f3b35d408fc\" ><!--<a href=\"https:\/\/bit.ly\/3QdrqTZ\" target=\"_blank\">\n<img src=\"https:\/\/justicapotiguar.com.br\/wp-content\/uploads\/2023\/09\/desktop-geral.gif\"\/><a\/>--><\/div><style type=\"text\/css\">\r\n.doopq69f3b35d408fc {\r\ntext-align: center;\nmargin-bottom: 1em;\r\n}\r\n@media screen and (min-width: 1201px) {\r\n.doopq69f3b35d408fc {\r\ndisplay: block;\r\n}\r\n}\r\n@media screen and (min-width: 993px) and (max-width: 1200px) {\r\n.doopq69f3b35d408fc {\r\ndisplay: block;\r\n}\r\n}\r\n@media screen and (min-width: 769px) and (max-width: 992px) {\r\n.doopq69f3b35d408fc {\r\ndisplay: block;\r\n}\r\n}\r\n@media screen and (min-width: 768px) and (max-width: 768px) {\r\n.doopq69f3b35d408fc {\r\ndisplay: none;\r\n}\r\n}\r\n@media screen and (max-width: 767px) {\r\n.doopq69f3b35d408fc {\r\ndisplay: none;\r\n}\r\n}\r\n<\/style>\r\n\n\n\n\n<p>\u201cA JFRN \u00e9 parceira da universidade e temos trabalhos comuns, atividades coletivas, que muito contribuem para as duas institui\u00e7\u00f5es\u201d, destacou o Diretor do Foro, Juiz Federal Carlos Wagner Dias Ferreira. O reitor da UFRN, professor Jos\u00e9 Daniel Diniz, observou que os conv\u00eanios com a JFRN s\u00e3o instrumentos tamb\u00e9m da presta\u00e7\u00e3o de servi\u00e7o da universidade \u00e0 sociedade. <\/p>\n\n\n\n<p>Os Diretores de Tecnologia da Informa\u00e7\u00e3o da Se\u00e7\u00e3o Judici\u00e1ria, David Montalv\u00e3o J\u00fanior, e do N\u00facleo Judici\u00e1rio Ricardo Dantas, al\u00e9m da chefe de gabinete do reitor, professora Magda Pinheiro, e do professor Elias Jacoob participaram da audi\u00eancia.<\/p>\n\n\n\n<p>JFRN<\/p>\n","protected":false},"excerpt":{"rendered":"<p>\u201cA JFRN \u00e9 parceira da universidade e temos trabalhos comuns, atividades coletivas, que muito contribuem para as duas institui\u00e7\u00f5es\u201d, destacou o Diretor do Foro, Juiz Federal Carlos Wagner Dias Ferreira<br \/><a class=\"more-link\" href=\"https:\/\/justicapotiguar.com.br\/index.php\/2019\/08\/01\/diretor-do-foro-da-jfrn-se-reune-com-reitor-da-ufrn-e-assina-novas-parcerias\/\">Mais&#8230;<\/a><\/p>\n","protected":false},"author":3,"featured_media":112,"comment_status":"open","ping_status":"open","sticky":false,"template":"","format":"standard","meta":[],"categories":[3],"tags":[61,48,59,60,58],"_links":{"self":[{"href":"https:\/\/justicapotiguar.com.br\/index.php\/wp-json\/wp\/v2\/posts\/111"}],"collection":[{"href":"https:\/\/justicapotiguar.com.br\/index.php\/wp-json\/wp\/v2\/posts"}],"about":[{"href":"https:\/\/justicapotiguar.com.br\/index.php\/wp-json\/wp\/v2\/types\/post"}],"author":[{"embeddable":true,"href":"https:\/\/justicapotiguar.com.br\/index.php\/wp-json\/wp\/v2\/users\/3"}],"replies":[{"embeddable":true,"href":"https:\/\/justicapotiguar.com.br\/index.php\/wp-json\/wp\/v2\/comments?post=111"}],"version-history":[{"count":1,"href":"https:\/\/justicapotiguar.com.br\/index.php\/wp-json\/wp\/v2\/posts\/111\/revisions"}],"predecessor-version":[{"id":113,"href":"https:\/\/justicapotiguar.com.br\/index.php\/wp-json\/wp\/v2\/posts\/111\/revisions\/113"}],"wp:featuredmedia":[{"embeddable":true,"href":"https:\/\/justicapotiguar.com.br\/index.php\/wp-json\/wp\/v2\/media\/112"}],"wp:attachment":[{"href":"https:\/\/justicapotiguar.com.br\/index.php\/wp-json\/wp\/v2\/media?parent=111"}],"wp:term":[{"taxonomy":"category","embeddable":true,"href":"https:\/\/justicapotiguar.com.br\/index.php\/wp-json\/wp\/v2\/categories?post=111"},{"taxonomy":"post_tag","embeddable":true,"href":"https:\/\/justicapotiguar.com.br\/index.php\/wp-json\/wp\/v2\/tags?post=111"}],"curies":[{"name":"wp","href":"https:\/\/api.w.org\/{rel}","templated":true}]}}