{"id":11069,"date":"2020-07-03T08:26:34","date_gmt":"2020-07-03T11:26:34","guid":{"rendered":"https:\/\/justicapotiguar.com.br\/?p=11069"},"modified":"2020-09-01T08:59:11","modified_gmt":"2020-09-01T11:59:11","slug":"dallagnol-sera-julgado-em-conselho-presidido-por-aras-por-powerpoint-contra-lula","status":"publish","type":"post","link":"https:\/\/justicapotiguar.com.br\/index.php\/2020\/07\/03\/dallagnol-sera-julgado-em-conselho-presidido-por-aras-por-powerpoint-contra-lula\/","title":{"rendered":"Dallagnol ser\u00e1 julgado em conselho presidido por Aras por PowerPoint contra Lula"},"content":{"rendered":"\n<p>O CNMP (Conselho Nacional do Minist\u00e9rio P\u00fablico) pautou a representa\u00e7\u00e3o em que o ex-presidente Lula acusa&nbsp;<a href=\"https:\/\/www1.folha.uol.com.br\/poder\/2020\/03\/em-balanco-da-lava-jato-deltan-culpa-congresso-e-stf-por-atrasos-no-combate-a-corrupcao.shtml\">o procurador Deltan Dallagnol<\/a>&nbsp;e outros colegas dele da for\u00e7a-tarefa de Curitiba de abuso de poder ao darem&nbsp;<a href=\"https:\/\/www1.folha.uol.com.br\/poder\/2017\/04\/1878941-em-livro-deltan-diz-que-repercussao-de-power-point-o-pegou-de-surpresa.shtml\">a entrevista do PowerPoint<\/a>, em 2016.<\/p>\n\n\n\n<p>O CNMP, que fiscaliza a atua\u00e7\u00e3o de procuradores e promotores, \u00e9 presidido pelo procurador-geral da Rep\u00fablica, Augusto Aras.<\/p>\n\n\n\n<figure class=\"wp-block-image\"><img src=\"\" alt=\"\"\/><\/figure>\n\n\n\n<figure class=\"wp-block-image\"><img src=\"https:\/\/f-i-uol-com-br.cdn.ampproject.org\/i\/s\/f.i.uol.com.br\/fotografia\/2020\/07\/02\/15937040635efdfe7fc9b5b_1593704063_3x2_md.jpg\" alt=\"\"\/><figcaption>Foto: Paulo Lisboa<\/figcaption><\/figure>\n\n\n\n<p>O procurador da Rep\u00fablica Deltan Dallagnol durante entrevista coletiva da for\u00e7a-tarefa da Opera\u00e7\u00e3o Lava Jato, do Minist\u00e9rio P\u00fablico Federal &#8211;&nbsp;Paulo Lisboa &#8211; 14.set.2016\/Brazil Photo Press\/Folhapress<\/p>\n\n\n\n<p>Em setembro daquele ano, Deltan e outros procuradores reuniram a imprensa em um hotel de Curitiba para apresentar um gr\u00e1fico cheio de setas que apontavam Lula como o centro de uma organiza\u00e7\u00e3o criminosa que promoveu desfalques na Petrobras.<\/p>\n\n\n\n<p>Segundo&nbsp;<a href=\"https:\/\/www1.folha.uol.com.br\/poder\/2019\/12\/advogados-de-lula-lancam-livro-sobre-teoria-de-perseguicao-judicial.shtml\">o advogado Cristiano Zanin<\/a>, que representa o petista, a acusa\u00e7\u00e3o sequer fazia parte da den\u00fancia do triplex, que havia sido protocolada no mesmo dia da entrevista coletiva e era objeto da conversa dos procuradores com a imprensa.<\/p>\n\n\n\n<p>&#8220;Eles infringiram os deveres funcionais&#8221;, sustenta Zanin.<\/p><div class=\"nxnus69ede64346339\" ><!--<a href=\"https:\/\/bit.ly\/3QdrqTZ\" target=\"_blank\">\n<img src=\"https:\/\/justicapotiguar.com.br\/wp-content\/uploads\/2023\/09\/mobile-geral.gif\"\/><a\/>--><\/div><style type=\"text\/css\">\r\n.nxnus69ede64346339 {\r\ntext-align: center;\r\n}\r\n@media screen and (min-width: 1201px) {\r\n.nxnus69ede64346339 {\r\ndisplay: none;\r\n}\r\n}\r\n@media screen and (min-width: 993px) and (max-width: 1200px) {\r\n.nxnus69ede64346339 {\r\ndisplay: none;\r\n}\r\n}\r\n@media screen and (min-width: 769px) and (max-width: 992px) {\r\n.nxnus69ede64346339 {\r\ndisplay: none;\r\n}\r\n}\r\n@media screen and (min-width: 768px) and (max-width: 768px) {\r\n.nxnus69ede64346339 {\r\ndisplay: block;\r\n}\r\n}\r\n@media screen and (max-width: 767px) {\r\n.nxnus69ede64346339 {\r\ndisplay: block;\r\n}\r\n}\r\n<\/style>\r\n<div class=\"axwun69ede6434631e\" ><!--<a href=\"https:\/\/bit.ly\/3QdrqTZ\" target=\"_blank\">\n<img src=\"https:\/\/justicapotiguar.com.br\/wp-content\/uploads\/2023\/09\/desktop-geral.gif\"\/><a\/>--><\/div><style type=\"text\/css\">\r\n.axwun69ede6434631e {\r\ntext-align: center;\nmargin-bottom: 1em;\r\n}\r\n@media screen and (min-width: 1201px) {\r\n.axwun69ede6434631e {\r\ndisplay: block;\r\n}\r\n}\r\n@media screen and (min-width: 993px) and (max-width: 1200px) {\r\n.axwun69ede6434631e {\r\ndisplay: block;\r\n}\r\n}\r\n@media screen and (min-width: 769px) and (max-width: 992px) {\r\n.axwun69ede6434631e {\r\ndisplay: block;\r\n}\r\n}\r\n@media screen and (min-width: 768px) and (max-width: 768px) {\r\n.axwun69ede6434631e {\r\ndisplay: none;\r\n}\r\n}\r\n@media screen and (max-width: 767px) {\r\n.axwun69ede6434631e {\r\ndisplay: none;\r\n}\r\n}\r\n<\/style>\r\n\n\n\n\n<figure class=\"wp-block-image\"><img src=\"\" alt=\"\"\/><\/figure>\n\n\n\n<figure class=\"wp-block-image\"><img src=\"\" alt=\"\"\/><\/figure>\n\n\n\n<p>A den\u00fancia de organiza\u00e7\u00e3o criminosa contra Lula foi apresentada depois pelo ent\u00e3o procurador-geral da Rep\u00fablica Rodrigo Janot \u00e0 Justi\u00e7a. Lula foi absolvido dela no ano passado pela 12a Vara Federal de Bras\u00edlia.<\/p>\n\n\n\n<p>A decis\u00e3o \u00e9 definitiva j\u00e1 que o pr\u00f3prio Minist\u00e9rio P\u00fablico Federal n\u00e3o recorreu.<\/p>\n\n\n\n<p>A representa\u00e7\u00e3o de Lula contra Dallagnol ser\u00e1 julgada na ter\u00e7a (7), em uma sess\u00e3o virtual. Zanin far\u00e1 a sustenta\u00e7\u00e3o oral.<\/p>\n\n\n\n<p>O momento \u00e9 adverso para a for\u00e7a-tarefa de Curitiba, que est\u00e1 em conflito com Aras e sofre restri\u00e7\u00f5es da maioria dos atuais conselheiros do CNMP.<\/p>\n\n\n\n<p>Conjur<\/p>\n","protected":false},"excerpt":{"rendered":"<p>O CNMP (Conselho Nacional do Minist\u00e9rio P\u00fablico) pautou a representa\u00e7\u00e3o em que o ex-presidente Lula acusa&nbsp;o procurador Deltan Dallagnol&nbsp;e outros colegas dele da for\u00e7a-tarefa de Curitiba de abuso de poder ao darem&nbsp;a entrevista do PowerPoint, em 2016. O CNMP, que fiscaliza a atua\u00e7\u00e3o de procuradores e promotores, \u00e9 presidido pelo procurador-geral da Rep\u00fablica, Augusto Aras.<br \/><a class=\"more-link\" href=\"https:\/\/justicapotiguar.com.br\/index.php\/2020\/07\/03\/dallagnol-sera-julgado-em-conselho-presidido-por-aras-por-powerpoint-contra-lula\/\">Mais&#8230;<\/a><\/p>\n","protected":false},"author":5,"featured_media":11070,"comment_status":"open","ping_status":"open","sticky":false,"template":"","format":"standard","meta":[],"categories":[3],"tags":[],"_links":{"self":[{"href":"https:\/\/justicapotiguar.com.br\/index.php\/wp-json\/wp\/v2\/posts\/11069"}],"collection":[{"href":"https:\/\/justicapotiguar.com.br\/index.php\/wp-json\/wp\/v2\/posts"}],"about":[{"href":"https:\/\/justicapotiguar.com.br\/index.php\/wp-json\/wp\/v2\/types\/post"}],"author":[{"embeddable":true,"href":"https:\/\/justicapotiguar.com.br\/index.php\/wp-json\/wp\/v2\/users\/5"}],"replies":[{"embeddable":true,"href":"https:\/\/justicapotiguar.com.br\/index.php\/wp-json\/wp\/v2\/comments?post=11069"}],"version-history":[{"count":2,"href":"https:\/\/justicapotiguar.com.br\/index.php\/wp-json\/wp\/v2\/posts\/11069\/revisions"}],"predecessor-version":[{"id":12596,"href":"https:\/\/justicapotiguar.com.br\/index.php\/wp-json\/wp\/v2\/posts\/11069\/revisions\/12596"}],"wp:featuredmedia":[{"embeddable":true,"href":"https:\/\/justicapotiguar.com.br\/index.php\/wp-json\/wp\/v2\/media\/11070"}],"wp:attachment":[{"href":"https:\/\/justicapotiguar.com.br\/index.php\/wp-json\/wp\/v2\/media?parent=11069"}],"wp:term":[{"taxonomy":"category","embeddable":true,"href":"https:\/\/justicapotiguar.com.br\/index.php\/wp-json\/wp\/v2\/categories?post=11069"},{"taxonomy":"post_tag","embeddable":true,"href":"https:\/\/justicapotiguar.com.br\/index.php\/wp-json\/wp\/v2\/tags?post=11069"}],"curies":[{"name":"wp","href":"https:\/\/api.w.org\/{rel}","templated":true}]}}