{"id":11009,"date":"2020-07-01T13:43:35","date_gmt":"2020-07-01T16:43:35","guid":{"rendered":"https:\/\/justicapotiguar.com.br\/?p=11009"},"modified":"2020-07-01T13:43:35","modified_gmt":"2020-07-01T16:43:35","slug":"advogado-contrair-covid-19-e-justa-causa-para-restituir-prazo-recursal","status":"publish","type":"post","link":"https:\/\/justicapotiguar.com.br\/index.php\/2020\/07\/01\/advogado-contrair-covid-19-e-justa-causa-para-restituir-prazo-recursal\/","title":{"rendered":"Advogado contrair covid-19 \u00e9 justa causa para restituir prazo recursal"},"content":{"rendered":"\n<p>O ministro do STJ Paulo de Tarso Sanseverino decidiu restituir o prazo processual em um agravo em recurso especial em virtude de a \u00fanica advogada constitu\u00edda por uma das partes ter sido acometida pelo novo coronav\u00edrus.<\/p>\n\n\n\n<figure class=\"wp-block-image\"><img src=\"https:\/\/www.globalframe.com.br\/gf_base\/empresas\/MIGA\/imagens\/AB5EB484E5FE0BBBD5508B43BDEF8B03D836_remedios.jpg\" alt=\"t\"\/><\/figure>\n\n\n\n<p>No pedido de devolu\u00e7\u00e3o do prazo, a advogada apresentou atestado m\u00e9dico com a recomenda\u00e7\u00e3o de que, em raz\u00e3o da doen\u00e7a, ela deveria ficar afastada de suas atividades profissionais e permanecer em isolamento domiciliar durante 21 dias, contados da realiza\u00e7\u00e3o do teste sorol\u00f3gico.<\/p>\n\n\n\n<p>Al\u00e9m disso, a advogada alegou que, tamb\u00e9m por causa da pandemia, n\u00e3o conseguiu substabelecer o mandato a outro profissional, tendo em vista que os advogados que atuam na sua regi\u00e3o est\u00e3o em quarentena ou em isolamento.<\/p><div class=\"chaag69f265824623e\" ><!--<a href=\"https:\/\/bit.ly\/3QdrqTZ\" target=\"_blank\">\n<img src=\"https:\/\/justicapotiguar.com.br\/wp-content\/uploads\/2023\/09\/mobile-geral.gif\"\/><a\/>--><\/div><style type=\"text\/css\">\r\n.chaag69f265824623e {\r\ntext-align: center;\r\n}\r\n@media screen and (min-width: 1201px) {\r\n.chaag69f265824623e {\r\ndisplay: none;\r\n}\r\n}\r\n@media screen and (min-width: 993px) and (max-width: 1200px) {\r\n.chaag69f265824623e {\r\ndisplay: none;\r\n}\r\n}\r\n@media screen and (min-width: 769px) and (max-width: 992px) {\r\n.chaag69f265824623e {\r\ndisplay: none;\r\n}\r\n}\r\n@media screen and (min-width: 768px) and (max-width: 768px) {\r\n.chaag69f265824623e {\r\ndisplay: block;\r\n}\r\n}\r\n@media screen and (max-width: 767px) {\r\n.chaag69f265824623e {\r\ndisplay: block;\r\n}\r\n}\r\n<\/style>\r\n<div class=\"bofme69f2658246228\" ><!--<a href=\"https:\/\/bit.ly\/3QdrqTZ\" target=\"_blank\">\n<img src=\"https:\/\/justicapotiguar.com.br\/wp-content\/uploads\/2023\/09\/desktop-geral.gif\"\/><a\/>--><\/div><style type=\"text\/css\">\r\n.bofme69f2658246228 {\r\ntext-align: center;\nmargin-bottom: 1em;\r\n}\r\n@media screen and (min-width: 1201px) {\r\n.bofme69f2658246228 {\r\ndisplay: block;\r\n}\r\n}\r\n@media screen and (min-width: 993px) and (max-width: 1200px) {\r\n.bofme69f2658246228 {\r\ndisplay: block;\r\n}\r\n}\r\n@media screen and (min-width: 769px) and (max-width: 992px) {\r\n.bofme69f2658246228 {\r\ndisplay: block;\r\n}\r\n}\r\n@media screen and (min-width: 768px) and (max-width: 768px) {\r\n.bofme69f2658246228 {\r\ndisplay: none;\r\n}\r\n}\r\n@media screen and (max-width: 767px) {\r\n.bofme69f2658246228 {\r\ndisplay: none;\r\n}\r\n}\r\n<\/style>\r\n\n\n\n\n<p>Ao deferir o pedido, o ministro Sanseverino destacou que, conforme a jurisprud\u00eancia do STJ, a doen\u00e7a que atinge o advogado e o impede totalmente de praticar atos processuais constitui justa causa para efeito do artigo 223, par\u00e1grafo 1\u00ba, do&nbsp;<a href=\"http:\/\/www.planalto.gov.br\/ccivil_03\/_ato2015-2018\/2015\/lei\/l13105.htm\" target=\"_blank\" rel=\"noreferrer noopener\">C\u00f3digo de Processo Civil<\/a>, quando o defensor for o \u00fanico constitu\u00eddo nos autos.<\/p>\n\n\n\n<ul><li>Processo:&nbsp;<a href=\"http:\/\/www.stj.jus.br\/webstj\/processo\/justica\/jurisprudencia.asp?tipo=num_pro&amp;valor=AREsp1541258\" target=\"_blank\" rel=\"noreferrer noopener\">AREsp 1.541.258<\/a><\/li><\/ul>\n\n\n\n<p>Veja a\u00a0<a rel=\"noreferrer noopener\" href=\"https:\/\/www.migalhas.com.br\/arquivos\/2020\/7\/FA5A5231C1D9B0_stj__.pdf\" target=\"_blank\">decis\u00e3o<\/a>.\u00a0<\/p>\n\n\n\n<p>Migalhas<\/p>\n","protected":false},"excerpt":{"rendered":"<p>O ministro do STJ Paulo de Tarso Sanseverino decidiu restituir o prazo processual em um agravo em recurso especial em virtude de a \u00fanica advogada constitu\u00edda por uma das partes ter sido acometida pelo novo coronav\u00edrus. No pedido de devolu\u00e7\u00e3o do prazo, a advogada apresentou atestado m\u00e9dico com a recomenda\u00e7\u00e3o de que, em raz\u00e3o da<br \/><a class=\"more-link\" href=\"https:\/\/justicapotiguar.com.br\/index.php\/2020\/07\/01\/advogado-contrair-covid-19-e-justa-causa-para-restituir-prazo-recursal\/\">Mais&#8230;<\/a><\/p>\n","protected":false},"author":5,"featured_media":9269,"comment_status":"open","ping_status":"open","sticky":false,"template":"","format":"standard","meta":[],"categories":[3],"tags":[],"_links":{"self":[{"href":"https:\/\/justicapotiguar.com.br\/index.php\/wp-json\/wp\/v2\/posts\/11009"}],"collection":[{"href":"https:\/\/justicapotiguar.com.br\/index.php\/wp-json\/wp\/v2\/posts"}],"about":[{"href":"https:\/\/justicapotiguar.com.br\/index.php\/wp-json\/wp\/v2\/types\/post"}],"author":[{"embeddable":true,"href":"https:\/\/justicapotiguar.com.br\/index.php\/wp-json\/wp\/v2\/users\/5"}],"replies":[{"embeddable":true,"href":"https:\/\/justicapotiguar.com.br\/index.php\/wp-json\/wp\/v2\/comments?post=11009"}],"version-history":[{"count":1,"href":"https:\/\/justicapotiguar.com.br\/index.php\/wp-json\/wp\/v2\/posts\/11009\/revisions"}],"predecessor-version":[{"id":11010,"href":"https:\/\/justicapotiguar.com.br\/index.php\/wp-json\/wp\/v2\/posts\/11009\/revisions\/11010"}],"wp:featuredmedia":[{"embeddable":true,"href":"https:\/\/justicapotiguar.com.br\/index.php\/wp-json\/wp\/v2\/media\/9269"}],"wp:attachment":[{"href":"https:\/\/justicapotiguar.com.br\/index.php\/wp-json\/wp\/v2\/media?parent=11009"}],"wp:term":[{"taxonomy":"category","embeddable":true,"href":"https:\/\/justicapotiguar.com.br\/index.php\/wp-json\/wp\/v2\/categories?post=11009"},{"taxonomy":"post_tag","embeddable":true,"href":"https:\/\/justicapotiguar.com.br\/index.php\/wp-json\/wp\/v2\/tags?post=11009"}],"curies":[{"name":"wp","href":"https:\/\/api.w.org\/{rel}","templated":true}]}}