{"id":11006,"date":"2020-07-01T12:15:56","date_gmt":"2020-07-01T15:15:56","guid":{"rendered":"https:\/\/justicapotiguar.com.br\/?p=11006"},"modified":"2020-07-01T12:15:56","modified_gmt":"2020-07-01T15:15:56","slug":"mprn-recomenda-nao-realizacao-de-vaquejada-em-santana-do-matos-devido-a-pandemia","status":"publish","type":"post","link":"https:\/\/justicapotiguar.com.br\/index.php\/2020\/07\/01\/mprn-recomenda-nao-realizacao-de-vaquejada-em-santana-do-matos-devido-a-pandemia\/","title":{"rendered":"MPRN recomenda n\u00e3o-realiza\u00e7\u00e3o de vaquejada em Santana do Matos devido \u00e0 pandemia"},"content":{"rendered":"\n<p>O Minist\u00e9rio P\u00fablico do Rio Grande do Norte (MPRN) recomendou \u00e0 Prefeitura de Santana do Matos e \u00e0 Pol\u00edcia Militar (PM) que impe\u00e7am a realiza\u00e7\u00e3o de uma vaquejada programada para acontecer neste s\u00e1bado (4), no Parque Lili Braga. A recomenda\u00e7\u00e3o refor\u00e7a que os decretos estadual e municipal em vigor pro\u00edbem realiza\u00e7\u00e3o de eventos desse tipo como medida para combater a pandemia do coronav\u00edrus (Covid-19).\u00a0<\/p>\n\n\n\n<figure class=\"wp-block-image\"><img loading=\"lazy\" width=\"704\" height=\"435\" src=\"https:\/\/justicapotiguar.com.br\/wp-content\/uploads\/2020\/07\/images-27.jpeg\" alt=\"\" class=\"wp-image-11007\" srcset=\"https:\/\/justicapotiguar.com.br\/wp-content\/uploads\/2020\/07\/images-27.jpeg 704w, https:\/\/justicapotiguar.com.br\/wp-content\/uploads\/2020\/07\/images-27-300x185.jpeg 300w\" sizes=\"(max-width: 704px) 100vw, 704px\" \/><figcaption>Reprodu\u00e7\u00e3o<\/figcaption><\/figure>\n\n\n\n<p>\u00a0Assim, as autoridades das institui\u00e7\u00f5es mencionadas devem fiscalizar o cumprimento das disposi\u00e7\u00f5es desses decretos. No documento, o MPRN ainda refor\u00e7a ao Munic\u00edpio e ao destacamento da PM que impe\u00e7am a realiza\u00e7\u00e3o de qualquer atividade ou evento coletivo que estejam englobados pelos dispositivos normativos especificados. Para isso, devem adotar todas as medidas necess\u00e1rias, inclusive pris\u00e3o em flagrante em caso de cometimento de infra\u00e7\u00f5es penais.<\/p><div class=\"dbchk69f265677f11a\" ><!--<a href=\"https:\/\/bit.ly\/3QdrqTZ\" target=\"_blank\">\n<img src=\"https:\/\/justicapotiguar.com.br\/wp-content\/uploads\/2023\/09\/mobile-geral.gif\"\/><a\/>--><\/div><style type=\"text\/css\">\r\n.dbchk69f265677f11a {\r\ntext-align: center;\r\n}\r\n@media screen and (min-width: 1201px) {\r\n.dbchk69f265677f11a {\r\ndisplay: none;\r\n}\r\n}\r\n@media screen and (min-width: 993px) and (max-width: 1200px) {\r\n.dbchk69f265677f11a {\r\ndisplay: none;\r\n}\r\n}\r\n@media screen and (min-width: 769px) and (max-width: 992px) {\r\n.dbchk69f265677f11a {\r\ndisplay: none;\r\n}\r\n}\r\n@media screen and (min-width: 768px) and (max-width: 768px) {\r\n.dbchk69f265677f11a {\r\ndisplay: block;\r\n}\r\n}\r\n@media screen and (max-width: 767px) {\r\n.dbchk69f265677f11a {\r\ndisplay: block;\r\n}\r\n}\r\n<\/style>\r\n<div class=\"tvskn69f265677f0fc\" ><!--<a href=\"https:\/\/bit.ly\/3QdrqTZ\" target=\"_blank\">\n<img src=\"https:\/\/justicapotiguar.com.br\/wp-content\/uploads\/2023\/09\/desktop-geral.gif\"\/><a\/>--><\/div><style type=\"text\/css\">\r\n.tvskn69f265677f0fc {\r\ntext-align: center;\nmargin-bottom: 1em;\r\n}\r\n@media screen and (min-width: 1201px) {\r\n.tvskn69f265677f0fc {\r\ndisplay: block;\r\n}\r\n}\r\n@media screen and (min-width: 993px) and (max-width: 1200px) {\r\n.tvskn69f265677f0fc {\r\ndisplay: block;\r\n}\r\n}\r\n@media screen and (min-width: 769px) and (max-width: 992px) {\r\n.tvskn69f265677f0fc {\r\ndisplay: block;\r\n}\r\n}\r\n@media screen and (min-width: 768px) and (max-width: 768px) {\r\n.tvskn69f265677f0fc {\r\ndisplay: none;\r\n}\r\n}\r\n@media screen and (max-width: 767px) {\r\n.tvskn69f265677f0fc {\r\ndisplay: none;\r\n}\r\n}\r\n<\/style>\r\n\n\n\n\n<p>\u00a0O Decreto Estadual n\u00ba 29.583\/2020 determina que \u201cest\u00e3o suspensas as atividades coletivas de qualquer natureza, p\u00fablicas ou privadas, incluindo eventos de massa, shows, atividades desportivas, feiras, exposi\u00e7\u00f5es, reuni\u00f5es de pessoas ou de pessoas em seus ve\u00edculos, como carreatas, passeatas e cong\u00eaneres\u201d.\u00a0J\u00e1 o Decreto municipal (n\u00ba 507\/2020) disp\u00f5e que \u201cest\u00e3o suspensas as atividades coletivas de qualquer natureza, p\u00fablicas ou privadas, incluindo eventos de massa, shows, atividades esportivas, exposi\u00e7\u00f5es, reuni\u00f5es de pessoas ou de pessoas em seus ve\u00edculos, como carreatas, passeatas e cong\u00eaneres\u201d.\u00a0\u00a0<\/p>\n\n\n\n<p>O descumprimento \u00e0 recomenda\u00e7\u00e3o ensejar\u00e1 a ado\u00e7\u00e3o das medidas cab\u00edveis, inclusive pela via judicial, valendo o recebimento desse documento como prova do conhecimento e do dolo do agente p\u00fablico em caso de in\u00e9rcia.\u00a0<a href=\"https:\/\/www.mprn.mp.br\/portal\/images\/files\/20200701_SantanadoMatos_recomendacao_vaquejada.pdf\">Leia a recomenda\u00e7\u00e3o na \u00edntegra, clicando aqui.<\/a><\/p>\n","protected":false},"excerpt":{"rendered":"<p>O Minist\u00e9rio P\u00fablico do Rio Grande do Norte (MPRN) recomendou \u00e0 Prefeitura de Santana do Matos e \u00e0 Pol\u00edcia Militar (PM) que impe\u00e7am a realiza\u00e7\u00e3o de uma vaquejada programada para acontecer neste s\u00e1bado (4), no Parque Lili Braga. A recomenda\u00e7\u00e3o refor\u00e7a que os decretos estadual e municipal em vigor pro\u00edbem realiza\u00e7\u00e3o de eventos desse tipo<br \/><a class=\"more-link\" href=\"https:\/\/justicapotiguar.com.br\/index.php\/2020\/07\/01\/mprn-recomenda-nao-realizacao-de-vaquejada-em-santana-do-matos-devido-a-pandemia\/\">Mais&#8230;<\/a><\/p>\n","protected":false},"author":5,"featured_media":11007,"comment_status":"open","ping_status":"open","sticky":false,"template":"","format":"standard","meta":[],"categories":[3],"tags":[],"_links":{"self":[{"href":"https:\/\/justicapotiguar.com.br\/index.php\/wp-json\/wp\/v2\/posts\/11006"}],"collection":[{"href":"https:\/\/justicapotiguar.com.br\/index.php\/wp-json\/wp\/v2\/posts"}],"about":[{"href":"https:\/\/justicapotiguar.com.br\/index.php\/wp-json\/wp\/v2\/types\/post"}],"author":[{"embeddable":true,"href":"https:\/\/justicapotiguar.com.br\/index.php\/wp-json\/wp\/v2\/users\/5"}],"replies":[{"embeddable":true,"href":"https:\/\/justicapotiguar.com.br\/index.php\/wp-json\/wp\/v2\/comments?post=11006"}],"version-history":[{"count":1,"href":"https:\/\/justicapotiguar.com.br\/index.php\/wp-json\/wp\/v2\/posts\/11006\/revisions"}],"predecessor-version":[{"id":11008,"href":"https:\/\/justicapotiguar.com.br\/index.php\/wp-json\/wp\/v2\/posts\/11006\/revisions\/11008"}],"wp:featuredmedia":[{"embeddable":true,"href":"https:\/\/justicapotiguar.com.br\/index.php\/wp-json\/wp\/v2\/media\/11007"}],"wp:attachment":[{"href":"https:\/\/justicapotiguar.com.br\/index.php\/wp-json\/wp\/v2\/media?parent=11006"}],"wp:term":[{"taxonomy":"category","embeddable":true,"href":"https:\/\/justicapotiguar.com.br\/index.php\/wp-json\/wp\/v2\/categories?post=11006"},{"taxonomy":"post_tag","embeddable":true,"href":"https:\/\/justicapotiguar.com.br\/index.php\/wp-json\/wp\/v2\/tags?post=11006"}],"curies":[{"name":"wp","href":"https:\/\/api.w.org\/{rel}","templated":true}]}}