{"id":10992,"date":"2020-07-01T08:22:34","date_gmt":"2020-07-01T11:22:34","guid":{"rendered":"https:\/\/justicapotiguar.com.br\/?p=10992"},"modified":"2020-06-30T20:45:37","modified_gmt":"2020-06-30T23:45:37","slug":"pf-prende-em-sao-paulo-juiz-federal-por-venda-de-sentencas-em-precatorios-milionarios","status":"publish","type":"post","link":"https:\/\/justicapotiguar.com.br\/index.php\/2020\/07\/01\/pf-prende-em-sao-paulo-juiz-federal-por-venda-de-sentencas-em-precatorios-milionarios\/","title":{"rendered":"PF prende em S\u00e3o Paulo juiz federal por venda de senten\u00e7as em precat\u00f3rios milion\u00e1rios"},"content":{"rendered":"\n<p><a href=\"https:\/\/tudo-sobre.estadao.com.br\/policia-federal\"><strong>Pol\u00edcia Federal<\/strong><\/a>&nbsp;prendeu nesta ter\u00e7a, 30, o juiz Leonardo Safi de Melo, da 21\u00aa Vara C\u00edvel Federal, sob acusa\u00e7\u00e3o de participar de esquema de venda de senten\u00e7as em S\u00e3o Paulo. A investiga\u00e7\u00e3o foi autorizada pelo&nbsp;<a href=\"https:\/\/tudo-sobre.estadao.com.br\/trf-tribunal-regional-federal\"><strong>Tribunal Regional da 3\u00aa Regi\u00e3o (TRF-3)<\/strong><\/a>&nbsp;e mirou recebimento de propinas ao magistrado e servidores p\u00fablicos em troca de decis\u00f5es favor\u00e1veis em casos de requisi\u00e7\u00f5es de pagamento (precat\u00f3rios).<\/p>\n\n\n\n<p>Uma das a\u00e7\u00f5es judiciais investigadas tratava de processo de desapropria\u00e7\u00e3o de im\u00f3veis rurais. A organiza\u00e7\u00e3o criminosa teria solicitado vantagens indevidas para expedir um precat\u00f3rio no valor de R$ 700 milh\u00f5es. O grupo criminoso cobraria ent\u00e3o 1% do valor.<\/p>\n\n\n\n<figure class=\"wp-block-image\"><img src=\"\" alt=\"\"\/><\/figure>\n\n\n\n<figure class=\"wp-block-image\"><img src=\"https:\/\/politica-estadao-com-br.cdn.ampproject.org\/i\/s\/politica.estadao.com.br\/blogs\/fausto-macedo\/wp-content\/uploads\/sites\/41\/2020\/06\/leonardo-safi_300620203558.jpg\" alt=\"\"\/><figcaption>Reprodu\u00e7\u00e3o<br><\/figcaption><\/figure>\n\n\n\n<p>Al\u00e9m de um juiz federal, a PF cumpriu 20 mandados de busca e apreens\u00e3o em S\u00e3o Paulo, Mairipor\u00e3 (SP) e Bras\u00edlia. Outras cinco pessoas foram alvo de pris\u00e3o tempor\u00e1ria, autorizadas pelo TRF-3, que determinou o sequestro de bens dos investigados.<\/p><div class=\"jtlcb69f5c67417e77\" ><!--<a href=\"https:\/\/bit.ly\/3QdrqTZ\" target=\"_blank\">\n<img src=\"https:\/\/justicapotiguar.com.br\/wp-content\/uploads\/2023\/09\/mobile-geral.gif\"\/><a\/>--><\/div><style type=\"text\/css\">\r\n.jtlcb69f5c67417e77 {\r\ntext-align: center;\r\n}\r\n@media screen and (min-width: 1201px) {\r\n.jtlcb69f5c67417e77 {\r\ndisplay: none;\r\n}\r\n}\r\n@media screen and (min-width: 993px) and (max-width: 1200px) {\r\n.jtlcb69f5c67417e77 {\r\ndisplay: none;\r\n}\r\n}\r\n@media screen and (min-width: 769px) and (max-width: 992px) {\r\n.jtlcb69f5c67417e77 {\r\ndisplay: none;\r\n}\r\n}\r\n@media screen and (min-width: 768px) and (max-width: 768px) {\r\n.jtlcb69f5c67417e77 {\r\ndisplay: block;\r\n}\r\n}\r\n@media screen and (max-width: 767px) {\r\n.jtlcb69f5c67417e77 {\r\ndisplay: block;\r\n}\r\n}\r\n<\/style>\r\n<div class=\"bjeqi69f5c67417e59\" ><!--<a href=\"https:\/\/bit.ly\/3QdrqTZ\" target=\"_blank\">\n<img src=\"https:\/\/justicapotiguar.com.br\/wp-content\/uploads\/2023\/09\/desktop-geral.gif\"\/><a\/>--><\/div><style type=\"text\/css\">\r\n.bjeqi69f5c67417e59 {\r\ntext-align: center;\nmargin-bottom: 1em;\r\n}\r\n@media screen and (min-width: 1201px) {\r\n.bjeqi69f5c67417e59 {\r\ndisplay: block;\r\n}\r\n}\r\n@media screen and (min-width: 993px) and (max-width: 1200px) {\r\n.bjeqi69f5c67417e59 {\r\ndisplay: block;\r\n}\r\n}\r\n@media screen and (min-width: 769px) and (max-width: 992px) {\r\n.bjeqi69f5c67417e59 {\r\ndisplay: block;\r\n}\r\n}\r\n@media screen and (min-width: 768px) and (max-width: 768px) {\r\n.bjeqi69f5c67417e59 {\r\ndisplay: none;\r\n}\r\n}\r\n@media screen and (max-width: 767px) {\r\n.bjeqi69f5c67417e59 {\r\ndisplay: none;\r\n}\r\n}\r\n<\/style>\r\n\n\n\n\n<p>O grupo \u00e9 investigado por organiza\u00e7\u00e3o criminosa, lavagem de dinheiro, corrup\u00e7\u00e3o passiva e ativa, concuss\u00e3o e peculato.<\/p>\n\n\n\n<p>Estad\u00e3o<\/p>\n","protected":false},"excerpt":{"rendered":"<p>Pol\u00edcia Federal&nbsp;prendeu nesta ter\u00e7a, 30, o juiz Leonardo Safi de Melo, da 21\u00aa Vara C\u00edvel Federal, sob acusa\u00e7\u00e3o de participar de esquema de venda de senten\u00e7as em S\u00e3o Paulo. A investiga\u00e7\u00e3o foi autorizada pelo&nbsp;Tribunal Regional da 3\u00aa Regi\u00e3o (TRF-3)&nbsp;e mirou recebimento de propinas ao magistrado e servidores p\u00fablicos em troca de decis\u00f5es favor\u00e1veis em casos<br \/><a class=\"more-link\" href=\"https:\/\/justicapotiguar.com.br\/index.php\/2020\/07\/01\/pf-prende-em-sao-paulo-juiz-federal-por-venda-de-sentencas-em-precatorios-milionarios\/\">Mais&#8230;<\/a><\/p>\n","protected":false},"author":5,"featured_media":10993,"comment_status":"open","ping_status":"open","sticky":false,"template":"","format":"standard","meta":[],"categories":[3],"tags":[],"_links":{"self":[{"href":"https:\/\/justicapotiguar.com.br\/index.php\/wp-json\/wp\/v2\/posts\/10992"}],"collection":[{"href":"https:\/\/justicapotiguar.com.br\/index.php\/wp-json\/wp\/v2\/posts"}],"about":[{"href":"https:\/\/justicapotiguar.com.br\/index.php\/wp-json\/wp\/v2\/types\/post"}],"author":[{"embeddable":true,"href":"https:\/\/justicapotiguar.com.br\/index.php\/wp-json\/wp\/v2\/users\/5"}],"replies":[{"embeddable":true,"href":"https:\/\/justicapotiguar.com.br\/index.php\/wp-json\/wp\/v2\/comments?post=10992"}],"version-history":[{"count":1,"href":"https:\/\/justicapotiguar.com.br\/index.php\/wp-json\/wp\/v2\/posts\/10992\/revisions"}],"predecessor-version":[{"id":10994,"href":"https:\/\/justicapotiguar.com.br\/index.php\/wp-json\/wp\/v2\/posts\/10992\/revisions\/10994"}],"wp:featuredmedia":[{"embeddable":true,"href":"https:\/\/justicapotiguar.com.br\/index.php\/wp-json\/wp\/v2\/media\/10993"}],"wp:attachment":[{"href":"https:\/\/justicapotiguar.com.br\/index.php\/wp-json\/wp\/v2\/media?parent=10992"}],"wp:term":[{"taxonomy":"category","embeddable":true,"href":"https:\/\/justicapotiguar.com.br\/index.php\/wp-json\/wp\/v2\/categories?post=10992"},{"taxonomy":"post_tag","embeddable":true,"href":"https:\/\/justicapotiguar.com.br\/index.php\/wp-json\/wp\/v2\/tags?post=10992"}],"curies":[{"name":"wp","href":"https:\/\/api.w.org\/{rel}","templated":true}]}}