{"id":10901,"date":"2020-06-27T16:38:47","date_gmt":"2020-06-27T19:38:47","guid":{"rendered":"https:\/\/justicapotiguar.com.br\/?p=10901"},"modified":"2020-06-27T13:14:19","modified_gmt":"2020-06-27T16:14:19","slug":"carmen-lucia-julga-constitucional-multa-a-advogado-que-abandonar-processo","status":"publish","type":"post","link":"https:\/\/justicapotiguar.com.br\/index.php\/2020\/06\/27\/carmen-lucia-julga-constitucional-multa-a-advogado-que-abandonar-processo\/","title":{"rendered":"C\u00e1rmen L\u00facia julga constitucional multa a advogado que abandonar processo"},"content":{"rendered":"\n<p>A ministra\u00a0<strong>C\u00e1rmen L\u00facia<\/strong>\u00a0votou nesta sexta-feira, 26, para julgar improcedente a\u00e7\u00e3o do Conselho Federal da OAB que questiona a validade constitucional do art. 265 do\u00a0<a rel=\"noreferrer noopener\" href=\"http:\/\/www.planalto.gov.br\/ccivil_03\/decreto-lei\/del3689compilado.htm\" target=\"_blank\">CPP<\/a>, na qual se prev\u00ea a aplica\u00e7\u00e3o de multa ao advogado que abandonar o processo, salvo por motivo imperioso.<\/p>\n\n\n\n<figure class=\"wp-block-image\"><img loading=\"lazy\" width=\"900\" height=\"506\" src=\"https:\/\/justicapotiguar.com.br\/wp-content\/uploads\/2020\/03\/a-ministra-do-stf-carmen-lucia-1573149061274_v2_900x506.jpg\" alt=\"\" class=\"wp-image-6781\" srcset=\"https:\/\/justicapotiguar.com.br\/wp-content\/uploads\/2020\/03\/a-ministra-do-stf-carmen-lucia-1573149061274_v2_900x506.jpg 900w, https:\/\/justicapotiguar.com.br\/wp-content\/uploads\/2020\/03\/a-ministra-do-stf-carmen-lucia-1573149061274_v2_900x506-300x169.jpg 300w, https:\/\/justicapotiguar.com.br\/wp-content\/uploads\/2020\/03\/a-ministra-do-stf-carmen-lucia-1573149061274_v2_900x506-768x432.jpg 768w\" sizes=\"(max-width: 900px) 100vw, 900px\" \/><figcaption>Reprodu\u00e7\u00e3o<\/figcaption><\/figure>\n\n\n\n<p>No voto, a relatora iniciou ressaltando que mais imprescind\u00edvel \u00e9 a fun\u00e7\u00e3o p\u00fablica do advogado no processo penal, cujo objeto \u00e9 a aplica\u00e7\u00e3o de san\u00e7\u00e3o penal a indiv\u00edduo acusado da pr\u00e1tica de crime, podendo resultar, em algumas situa\u00e7\u00f5es, at\u00e9 mesmo na priva\u00e7\u00e3o de sua liberdade.<\/p>\n\n\n\n<p>\u201c<em>No direito processual penal, o direito \u00e0 defesa t\u00e9cnica \u00e9 indispon\u00edvel, e \u00e9 exercido pelo profissional da advocacia independente da aquiesc\u00eancia do r\u00e9u.<\/em>\u201d<\/p>\n\n\n\n<p>Segundo S. Exa., considerado esse papel indispens\u00e1vel desempenhado pelo advogado no processo penal, n\u00e3o \u00e9 ileg\u00edtima previs\u00e3o legislativa de san\u00e7\u00e3o processual pelo abandono do processo pelo profissional do Direito, cuja aus\u00eancia imp\u00f5e prejudicialidade \u00e0 administra\u00e7\u00e3o da justi\u00e7a, \u00e0 dura\u00e7\u00e3o razo\u00e1vel do processo e ao direito de defesa do r\u00e9u.<\/p>\n\n\n\n<p>\u201c<em>Diferente do alegado pelo autor, a conduta sancionada pelo art. 265 do C\u00f3digo de Processo Penal \u00e9 clara. Trata-se de situa\u00e7\u00e3o descrita com especificidade suficiente a se interpretar a sua ocorr\u00eancia quando o advogado deixa de atuar na defesa do r\u00e9u (abandona) injustificadamente, sem comunica\u00e7\u00e3o pr\u00e9via ao ju\u00edzo<\/em>.\u201d<\/p><div class=\"qzywy69f483c74a6f5\" ><!--<a href=\"https:\/\/bit.ly\/3QdrqTZ\" target=\"_blank\">\n<img src=\"https:\/\/justicapotiguar.com.br\/wp-content\/uploads\/2023\/09\/mobile-geral.gif\"\/><a\/>--><\/div><style type=\"text\/css\">\r\n.qzywy69f483c74a6f5 {\r\ntext-align: center;\r\n}\r\n@media screen and (min-width: 1201px) {\r\n.qzywy69f483c74a6f5 {\r\ndisplay: none;\r\n}\r\n}\r\n@media screen and (min-width: 993px) and (max-width: 1200px) {\r\n.qzywy69f483c74a6f5 {\r\ndisplay: none;\r\n}\r\n}\r\n@media screen and (min-width: 769px) and (max-width: 992px) {\r\n.qzywy69f483c74a6f5 {\r\ndisplay: none;\r\n}\r\n}\r\n@media screen and (min-width: 768px) and (max-width: 768px) {\r\n.qzywy69f483c74a6f5 {\r\ndisplay: block;\r\n}\r\n}\r\n@media screen and (max-width: 767px) {\r\n.qzywy69f483c74a6f5 {\r\ndisplay: block;\r\n}\r\n}\r\n<\/style>\r\n<div class=\"myrpw69f483c74a6d7\" ><!--<a href=\"https:\/\/bit.ly\/3QdrqTZ\" target=\"_blank\">\n<img src=\"https:\/\/justicapotiguar.com.br\/wp-content\/uploads\/2023\/09\/desktop-geral.gif\"\/><a\/>--><\/div><style type=\"text\/css\">\r\n.myrpw69f483c74a6d7 {\r\ntext-align: center;\nmargin-bottom: 1em;\r\n}\r\n@media screen and (min-width: 1201px) {\r\n.myrpw69f483c74a6d7 {\r\ndisplay: block;\r\n}\r\n}\r\n@media screen and (min-width: 993px) and (max-width: 1200px) {\r\n.myrpw69f483c74a6d7 {\r\ndisplay: block;\r\n}\r\n}\r\n@media screen and (min-width: 769px) and (max-width: 992px) {\r\n.myrpw69f483c74a6d7 {\r\ndisplay: block;\r\n}\r\n}\r\n@media screen and (min-width: 768px) and (max-width: 768px) {\r\n.myrpw69f483c74a6d7 {\r\ndisplay: none;\r\n}\r\n}\r\n@media screen and (max-width: 767px) {\r\n.myrpw69f483c74a6d7 {\r\ndisplay: none;\r\n}\r\n}\r\n<\/style>\r\n\n\n\n\n<p>Para C\u00e1rmen L\u00facia, como o caus\u00eddico pode recorrer da decis\u00e3o que fixa multa ent\u00e3o n\u00e3o h\u00e1 ofensa ao direito de defesa e contradit\u00f3rio.<\/p>\n\n\n\n<ul><li>Veja o&nbsp;<a href=\"https:\/\/www.migalhas.com.br\/arquivos\/2020\/6\/E8A33DE99C8F45_votorelatora.pdf\" target=\"_blank\" rel=\"noreferrer noopener\">voto da ministra C\u00e1rmen<\/a>.<\/li><\/ul>\n\n\n\n<p>O julgamento virtual da a\u00e7\u00e3o teve in\u00edcio nesta sexta-feira, 26, e se estende at\u00e9 4 de agosto.&nbsp;O advogado&nbsp;<strong>Marcus Vinicius Furtado Co\u00ealho<\/strong>&nbsp;(<strong>Marcus Vinicius Furtado Co\u00ealho Advocacia<\/strong>), presidente da Comiss\u00e3o Nacional de Estudos Constitucionais da Ordem, atua pelo Conselho Federal.<\/p>\n\n\n\n<p>O presidente da OAB, Felipe Santa Cruz, afirmou: \u201c<em>N\u00e3o concordamos, mas respeitamos a posi\u00e7\u00e3o da relatora. Contudo, essas relevantes lutas n\u00e3o v\u00e3o parar. Caso a maioria do STF a acompanhe, iremos preparar projeto de lei para tratar desses temas e propor a revoga\u00e7\u00e3o do dispositivo do c\u00f3digo penal que prev\u00ea a multa judicial ao advogado sem direito de defesa e o disciplinamento do assento da defesa no mesmo patamar da acusa\u00e7\u00e3o<\/em>.\u201dProcesso: ADIn\u00a0<a rel=\"noreferrer noopener\" href=\"http:\/\/portal.stf.jus.br\/processos\/detalhe.asp?incidente=3856394\" target=\"_blank\">4.398<\/a><\/p>\n\n\n\n<p>Migalhas<\/p>\n","protected":false},"excerpt":{"rendered":"<p>A ministra\u00a0C\u00e1rmen L\u00facia\u00a0votou nesta sexta-feira, 26, para julgar improcedente a\u00e7\u00e3o do Conselho Federal da OAB que questiona a validade constitucional do art. 265 do\u00a0CPP, na qual se prev\u00ea a aplica\u00e7\u00e3o de multa ao advogado que abandonar o processo, salvo por motivo imperioso. No voto, a relatora iniciou ressaltando que mais imprescind\u00edvel \u00e9 a fun\u00e7\u00e3o p\u00fablica<br \/><a class=\"more-link\" href=\"https:\/\/justicapotiguar.com.br\/index.php\/2020\/06\/27\/carmen-lucia-julga-constitucional-multa-a-advogado-que-abandonar-processo\/\">Mais&#8230;<\/a><\/p>\n","protected":false},"author":5,"featured_media":6781,"comment_status":"open","ping_status":"open","sticky":false,"template":"","format":"standard","meta":[],"categories":[3],"tags":[],"_links":{"self":[{"href":"https:\/\/justicapotiguar.com.br\/index.php\/wp-json\/wp\/v2\/posts\/10901"}],"collection":[{"href":"https:\/\/justicapotiguar.com.br\/index.php\/wp-json\/wp\/v2\/posts"}],"about":[{"href":"https:\/\/justicapotiguar.com.br\/index.php\/wp-json\/wp\/v2\/types\/post"}],"author":[{"embeddable":true,"href":"https:\/\/justicapotiguar.com.br\/index.php\/wp-json\/wp\/v2\/users\/5"}],"replies":[{"embeddable":true,"href":"https:\/\/justicapotiguar.com.br\/index.php\/wp-json\/wp\/v2\/comments?post=10901"}],"version-history":[{"count":1,"href":"https:\/\/justicapotiguar.com.br\/index.php\/wp-json\/wp\/v2\/posts\/10901\/revisions"}],"predecessor-version":[{"id":10902,"href":"https:\/\/justicapotiguar.com.br\/index.php\/wp-json\/wp\/v2\/posts\/10901\/revisions\/10902"}],"wp:featuredmedia":[{"embeddable":true,"href":"https:\/\/justicapotiguar.com.br\/index.php\/wp-json\/wp\/v2\/media\/6781"}],"wp:attachment":[{"href":"https:\/\/justicapotiguar.com.br\/index.php\/wp-json\/wp\/v2\/media?parent=10901"}],"wp:term":[{"taxonomy":"category","embeddable":true,"href":"https:\/\/justicapotiguar.com.br\/index.php\/wp-json\/wp\/v2\/categories?post=10901"},{"taxonomy":"post_tag","embeddable":true,"href":"https:\/\/justicapotiguar.com.br\/index.php\/wp-json\/wp\/v2\/tags?post=10901"}],"curies":[{"name":"wp","href":"https:\/\/api.w.org\/{rel}","templated":true}]}}