{"id":10861,"date":"2020-06-26T09:13:06","date_gmt":"2020-06-26T12:13:06","guid":{"rendered":"https:\/\/justicapotiguar.com.br\/?p=10861"},"modified":"2020-06-26T08:32:31","modified_gmt":"2020-06-26T11:32:31","slug":"crise-nao-chegou-a-todos-diz-juiz-ao-negar-reducao-de-mensalidade-de-faculdade","status":"publish","type":"post","link":"https:\/\/justicapotiguar.com.br\/index.php\/2020\/06\/26\/crise-nao-chegou-a-todos-diz-juiz-ao-negar-reducao-de-mensalidade-de-faculdade\/","title":{"rendered":"\u201cCrise n\u00e3o chegou a todos\u201d, diz juiz ao negar redu\u00e7\u00e3o de mensalidade de faculdade"},"content":{"rendered":"\n<p>O juiz de Direito Rafael de Menezes, da 8\u00aa vara C\u00edvel de Recife\/PE, negou pedido de estudante de medicina que pretendia a redu\u00e7\u00e3o da mensalidade da gradua\u00e7\u00e3o por conta da pandemia.<\/p>\n\n\n\n<p>Para o magistrado, a crise de sa\u00fade do coronav\u00edrus trouxe uma crise econ\u00f4mica, e crises econ\u00f4micas t\u00eam sido frequentes no Brasil, por isso n\u00e3o justificam, em sede de liminar, interfer\u00eancia do Estado em contrato privado. Al\u00e9m disso, o juiz disse que,&nbsp;inobstante a crise mundial de sa\u00fade, tal situa\u00e7\u00e3o &#8220;n\u00e3o chegou para todos&#8221;.<\/p>\n\n\n\n<figure class=\"wp-block-image\"><img src=\"https:\/\/m.migalhas.com.br\/imagem\/9C17C5136902CF8345327CE26BAEE1C01146_medicina.jpg\" alt=\"t\"\/><\/figure>\n\n\n\n<p>A aluna ingressou com a\u00e7\u00e3o pedindo desconto de 30% no valor&nbsp;&nbsp;da mensalidade, uma vez que, diante das aulas a dist\u00e2ncia, houve redu\u00e7\u00e3o do consumo de energia, \u00e1gua e insumos\/materiais em favor da institui\u00e7\u00e3o e isso, somados \u00e0s atuais dificuldades econ\u00f4micas da requerente, provocaram grande desequil\u00edbrio financeiro na rela\u00e7\u00e3o contratual firmada, impactando consideravelmente um dos polos da rela\u00e7\u00e3o em vantagem ao outro.<\/p>\n\n\n\n<p>Ao analisar o caso, o magistrado pontuou diversos pontos para n\u00e3o atender ao pedido da autora. Para ele, crises econ\u00f4micas tem sido frequentes no Brasil, por isso n\u00e3o justificam em sede de liminar interfer\u00eancia do Estado em contrato privado.<\/p><div class=\"oqcrm69f2402be8f09\" ><!--<a href=\"https:\/\/bit.ly\/3QdrqTZ\" target=\"_blank\">\n<img src=\"https:\/\/justicapotiguar.com.br\/wp-content\/uploads\/2023\/09\/mobile-geral.gif\"\/><a\/>--><\/div><style type=\"text\/css\">\r\n.oqcrm69f2402be8f09 {\r\ntext-align: center;\r\n}\r\n@media screen and (min-width: 1201px) {\r\n.oqcrm69f2402be8f09 {\r\ndisplay: none;\r\n}\r\n}\r\n@media screen and (min-width: 993px) and (max-width: 1200px) {\r\n.oqcrm69f2402be8f09 {\r\ndisplay: none;\r\n}\r\n}\r\n@media screen and (min-width: 769px) and (max-width: 992px) {\r\n.oqcrm69f2402be8f09 {\r\ndisplay: none;\r\n}\r\n}\r\n@media screen and (min-width: 768px) and (max-width: 768px) {\r\n.oqcrm69f2402be8f09 {\r\ndisplay: block;\r\n}\r\n}\r\n@media screen and (max-width: 767px) {\r\n.oqcrm69f2402be8f09 {\r\ndisplay: block;\r\n}\r\n}\r\n<\/style>\r\n<div class=\"jjkot69f2402be8eed\" ><!--<a href=\"https:\/\/bit.ly\/3QdrqTZ\" target=\"_blank\">\n<img src=\"https:\/\/justicapotiguar.com.br\/wp-content\/uploads\/2023\/09\/desktop-geral.gif\"\/><a\/>--><\/div><style type=\"text\/css\">\r\n.jjkot69f2402be8eed {\r\ntext-align: center;\nmargin-bottom: 1em;\r\n}\r\n@media screen and (min-width: 1201px) {\r\n.jjkot69f2402be8eed {\r\ndisplay: block;\r\n}\r\n}\r\n@media screen and (min-width: 993px) and (max-width: 1200px) {\r\n.jjkot69f2402be8eed {\r\ndisplay: block;\r\n}\r\n}\r\n@media screen and (min-width: 769px) and (max-width: 992px) {\r\n.jjkot69f2402be8eed {\r\ndisplay: block;\r\n}\r\n}\r\n@media screen and (min-width: 768px) and (max-width: 768px) {\r\n.jjkot69f2402be8eed {\r\ndisplay: none;\r\n}\r\n}\r\n@media screen and (max-width: 767px) {\r\n.jjkot69f2402be8eed {\r\ndisplay: none;\r\n}\r\n}\r\n<\/style>\r\n\n\n\n\n<p>Al\u00e9m disso, o juiz afirmou que a transfer\u00eancia da aula presencial para aula virtual n\u00e3o decorreu de indol\u00eancia da institui\u00e7\u00e3o, mas de caso fortuito, acobertado pelo CC. Segundo ele, a melhor solu\u00e7\u00e3o vir\u00e1 pelo acordo entre as partes, afinal \u201cum depende do outro na rela\u00e7\u00e3o contratual, pelo que se desarmem doutos advogados, telefonem ao outro em coopera\u00e7\u00e3o\u201d.<\/p>\n\n\n\n<p>Ao fim, o magistrado disse que, inobstante a crise mundial de sa\u00fade, v\u00e1rios neg\u00f3cios com o isolamento social tiveram aumento de receita, como com\u00e9rcio eletr\u00f4nico, inform\u00e1tica, entretenimento dom\u00e9stico, internet, digitaliza\u00e7\u00e3o, com\u00e9rcio de caixas de papel\u00e3o etc, \u201cpelo que a crise n\u00e3o chegou para todos\u201d, afirmou.<\/p>\n\n\n\n<ul><li>Processo:&nbsp;<a href=\"https:\/\/pje.tjpe.jus.br\/1g\/ConsultaPublica\/DetalheProcessoConsultaPublica\/listView.seam?ca=fd26ad2fe1317256e10393ab6a4390f721983bbb885681ec\" target=\"_blank\" rel=\"noreferrer noopener\">0027636-06.2020.8.17.2001<\/a><\/li><\/ul>\n\n\n\n<p>Veja a\u00a0<a rel=\"noreferrer noopener\" href=\"https:\/\/www.migalhas.com.br\/arquivos\/2020\/6\/5BAD3AAF10335A_MENSALIDADE.pdf\" target=\"_blank\">decis\u00e3o<\/a>.<\/p>\n\n\n\n<p>Migalhas<\/p>\n","protected":false},"excerpt":{"rendered":"<p>O juiz de Direito Rafael de Menezes, da 8\u00aa vara C\u00edvel de Recife\/PE, negou pedido de estudante de medicina que pretendia a redu\u00e7\u00e3o da mensalidade da gradua\u00e7\u00e3o por conta da pandemia. Para o magistrado, a crise de sa\u00fade do coronav\u00edrus trouxe uma crise econ\u00f4mica, e crises econ\u00f4micas t\u00eam sido frequentes no Brasil, por isso n\u00e3o<br \/><a class=\"more-link\" href=\"https:\/\/justicapotiguar.com.br\/index.php\/2020\/06\/26\/crise-nao-chegou-a-todos-diz-juiz-ao-negar-reducao-de-mensalidade-de-faculdade\/\">Mais&#8230;<\/a><\/p>\n","protected":false},"author":5,"featured_media":2411,"comment_status":"open","ping_status":"open","sticky":false,"template":"","format":"standard","meta":[],"categories":[3],"tags":[],"_links":{"self":[{"href":"https:\/\/justicapotiguar.com.br\/index.php\/wp-json\/wp\/v2\/posts\/10861"}],"collection":[{"href":"https:\/\/justicapotiguar.com.br\/index.php\/wp-json\/wp\/v2\/posts"}],"about":[{"href":"https:\/\/justicapotiguar.com.br\/index.php\/wp-json\/wp\/v2\/types\/post"}],"author":[{"embeddable":true,"href":"https:\/\/justicapotiguar.com.br\/index.php\/wp-json\/wp\/v2\/users\/5"}],"replies":[{"embeddable":true,"href":"https:\/\/justicapotiguar.com.br\/index.php\/wp-json\/wp\/v2\/comments?post=10861"}],"version-history":[{"count":1,"href":"https:\/\/justicapotiguar.com.br\/index.php\/wp-json\/wp\/v2\/posts\/10861\/revisions"}],"predecessor-version":[{"id":10862,"href":"https:\/\/justicapotiguar.com.br\/index.php\/wp-json\/wp\/v2\/posts\/10861\/revisions\/10862"}],"wp:featuredmedia":[{"embeddable":true,"href":"https:\/\/justicapotiguar.com.br\/index.php\/wp-json\/wp\/v2\/media\/2411"}],"wp:attachment":[{"href":"https:\/\/justicapotiguar.com.br\/index.php\/wp-json\/wp\/v2\/media?parent=10861"}],"wp:term":[{"taxonomy":"category","embeddable":true,"href":"https:\/\/justicapotiguar.com.br\/index.php\/wp-json\/wp\/v2\/categories?post=10861"},{"taxonomy":"post_tag","embeddable":true,"href":"https:\/\/justicapotiguar.com.br\/index.php\/wp-json\/wp\/v2\/tags?post=10861"}],"curies":[{"name":"wp","href":"https:\/\/api.w.org\/{rel}","templated":true}]}}