{"id":10824,"date":"2020-06-25T08:06:24","date_gmt":"2020-06-25T11:06:24","guid":{"rendered":"https:\/\/justicapotiguar.com.br\/?p=10824"},"modified":"2020-06-25T07:47:52","modified_gmt":"2020-06-25T10:47:52","slug":"mais-tres-empresas-de-onibus-retomam-direito-de-utilizar-frota-emergencial","status":"publish","type":"post","link":"https:\/\/justicapotiguar.com.br\/index.php\/2020\/06\/25\/mais-tres-empresas-de-onibus-retomam-direito-de-utilizar-frota-emergencial\/","title":{"rendered":"Mais tr\u00eas empresas de \u00f4nibus retomam direito de utilizar frota emergencial"},"content":{"rendered":"\n<figure class=\"wp-block-image\"><img loading=\"lazy\" width=\"1024\" height=\"682\" src=\"https:\/\/justicapotiguar.com.br\/wp-content\/uploads\/2019\/10\/onibus-natal-rn-1024x682.jpg\" alt=\"\" class=\"wp-image-3510\" srcset=\"https:\/\/justicapotiguar.com.br\/wp-content\/uploads\/2019\/10\/onibus-natal-rn-1024x682.jpg 1024w, https:\/\/justicapotiguar.com.br\/wp-content\/uploads\/2019\/10\/onibus-natal-rn-300x200.jpg 300w, https:\/\/justicapotiguar.com.br\/wp-content\/uploads\/2019\/10\/onibus-natal-rn-768x512.jpg 768w, https:\/\/justicapotiguar.com.br\/wp-content\/uploads\/2019\/10\/onibus-natal-rn.jpg 1100w\" sizes=\"(max-width: 1024px) 100vw, 1024px\" \/><figcaption>Reprodu\u00e7\u00e3o<\/figcaption><\/figure>\n\n\n\n<p><br>Nesta quarta-feira (24), diante da aus\u00eancia de bom senso da dire\u00e7\u00e3o do Sintro-RN, n\u00e3o restou ao Seturn ajuizar um conjunto de a\u00e7\u00f5es para que o judici\u00e1rio trabalhista finalize o bloqueio do Sintro-RN da sa\u00edda da frota de emerg\u00eancia das garagens.<\/p>\n\n\n\n<p>O judici\u00e1rio vem acatando as demandas das empresas de \u00f4nibus j\u00e1 tendo decidido favoravelmente para as seguintes empresas: Santa Maria, Transflor e Guanabara.<\/p><div class=\"ksozi69f22ad36faee\" ><!--<a href=\"https:\/\/bit.ly\/3QdrqTZ\" target=\"_blank\">\n<img src=\"https:\/\/justicapotiguar.com.br\/wp-content\/uploads\/2023\/09\/mobile-geral.gif\"\/><a\/>--><\/div><style type=\"text\/css\">\r\n.ksozi69f22ad36faee {\r\ntext-align: center;\r\n}\r\n@media screen and (min-width: 1201px) {\r\n.ksozi69f22ad36faee {\r\ndisplay: none;\r\n}\r\n}\r\n@media screen and (min-width: 993px) and (max-width: 1200px) {\r\n.ksozi69f22ad36faee {\r\ndisplay: none;\r\n}\r\n}\r\n@media screen and (min-width: 769px) and (max-width: 992px) {\r\n.ksozi69f22ad36faee {\r\ndisplay: none;\r\n}\r\n}\r\n@media screen and (min-width: 768px) and (max-width: 768px) {\r\n.ksozi69f22ad36faee {\r\ndisplay: block;\r\n}\r\n}\r\n@media screen and (max-width: 767px) {\r\n.ksozi69f22ad36faee {\r\ndisplay: block;\r\n}\r\n}\r\n<\/style>\r\n<div class=\"cnlzb69f22ad36fad9\" ><!--<a href=\"https:\/\/bit.ly\/3QdrqTZ\" target=\"_blank\">\n<img src=\"https:\/\/justicapotiguar.com.br\/wp-content\/uploads\/2023\/09\/desktop-geral.gif\"\/><a\/>--><\/div><style type=\"text\/css\">\r\n.cnlzb69f22ad36fad9 {\r\ntext-align: center;\nmargin-bottom: 1em;\r\n}\r\n@media screen and (min-width: 1201px) {\r\n.cnlzb69f22ad36fad9 {\r\ndisplay: block;\r\n}\r\n}\r\n@media screen and (min-width: 993px) and (max-width: 1200px) {\r\n.cnlzb69f22ad36fad9 {\r\ndisplay: block;\r\n}\r\n}\r\n@media screen and (min-width: 769px) and (max-width: 992px) {\r\n.cnlzb69f22ad36fad9 {\r\ndisplay: block;\r\n}\r\n}\r\n@media screen and (min-width: 768px) and (max-width: 768px) {\r\n.cnlzb69f22ad36fad9 {\r\ndisplay: none;\r\n}\r\n}\r\n@media screen and (max-width: 767px) {\r\n.cnlzb69f22ad36fad9 {\r\ndisplay: none;\r\n}\r\n}\r\n<\/style>\r\n\n\n\n\n<p>E neste mesmo dia, o Sintro-RN perdeu recurso contra a empresa Nossa Senhora da Concei\u00e7\u00e3o que ontem (23) obteve na justi\u00e7a o retorno ao direito de circular com a frota emergencial. Mas sofreu bloqueio dos sindicalistas nesta quarta-feira.<\/p>\n\n\n\n<p>Agora, o judici\u00e1rio trabalhista estabelece que fica autorizada a utiliza\u00e7\u00e3o de for\u00e7a policial, caso necess\u00e1ria. E os sindicalistas t\u00eam que ficar a dist\u00e2ncia m\u00ednima de 500 metros das cercanias as empresas, sob pena de multa di\u00e1ria de R$ 20.000,00 (vinte mil reais).<\/p>\n","protected":false},"excerpt":{"rendered":"<p>Nesta quarta-feira (24), diante da aus\u00eancia de bom senso da dire\u00e7\u00e3o do Sintro-RN, n\u00e3o restou ao Seturn ajuizar um conjunto de a\u00e7\u00f5es para que o judici\u00e1rio trabalhista finalize o bloqueio do Sintro-RN da sa\u00edda da frota de emerg\u00eancia das garagens. O judici\u00e1rio vem acatando as demandas das empresas de \u00f4nibus j\u00e1 tendo decidido favoravelmente para<br \/><a class=\"more-link\" href=\"https:\/\/justicapotiguar.com.br\/index.php\/2020\/06\/25\/mais-tres-empresas-de-onibus-retomam-direito-de-utilizar-frota-emergencial\/\">Mais&#8230;<\/a><\/p>\n","protected":false},"author":5,"featured_media":3510,"comment_status":"open","ping_status":"open","sticky":false,"template":"","format":"standard","meta":[],"categories":[3],"tags":[],"_links":{"self":[{"href":"https:\/\/justicapotiguar.com.br\/index.php\/wp-json\/wp\/v2\/posts\/10824"}],"collection":[{"href":"https:\/\/justicapotiguar.com.br\/index.php\/wp-json\/wp\/v2\/posts"}],"about":[{"href":"https:\/\/justicapotiguar.com.br\/index.php\/wp-json\/wp\/v2\/types\/post"}],"author":[{"embeddable":true,"href":"https:\/\/justicapotiguar.com.br\/index.php\/wp-json\/wp\/v2\/users\/5"}],"replies":[{"embeddable":true,"href":"https:\/\/justicapotiguar.com.br\/index.php\/wp-json\/wp\/v2\/comments?post=10824"}],"version-history":[{"count":1,"href":"https:\/\/justicapotiguar.com.br\/index.php\/wp-json\/wp\/v2\/posts\/10824\/revisions"}],"predecessor-version":[{"id":10825,"href":"https:\/\/justicapotiguar.com.br\/index.php\/wp-json\/wp\/v2\/posts\/10824\/revisions\/10825"}],"wp:featuredmedia":[{"embeddable":true,"href":"https:\/\/justicapotiguar.com.br\/index.php\/wp-json\/wp\/v2\/media\/3510"}],"wp:attachment":[{"href":"https:\/\/justicapotiguar.com.br\/index.php\/wp-json\/wp\/v2\/media?parent=10824"}],"wp:term":[{"taxonomy":"category","embeddable":true,"href":"https:\/\/justicapotiguar.com.br\/index.php\/wp-json\/wp\/v2\/categories?post=10824"},{"taxonomy":"post_tag","embeddable":true,"href":"https:\/\/justicapotiguar.com.br\/index.php\/wp-json\/wp\/v2\/tags?post=10824"}],"curies":[{"name":"wp","href":"https:\/\/api.w.org\/{rel}","templated":true}]}}