{"id":10806,"date":"2020-06-24T17:14:47","date_gmt":"2020-06-24T20:14:47","guid":{"rendered":"https:\/\/justicapotiguar.com.br\/?p=10806"},"modified":"2020-06-24T15:16:15","modified_gmt":"2020-06-24T18:16:15","slug":"justica-quer-prazo-de-120-dias-para-adocao-de-juiz-de-garantias","status":"publish","type":"post","link":"https:\/\/justicapotiguar.com.br\/index.php\/2020\/06\/24\/justica-quer-prazo-de-120-dias-para-adocao-de-juiz-de-garantias\/","title":{"rendered":"Justi\u00e7a quer prazo de 120 Dias para ado\u00e7\u00e3o de juiz de garantias"},"content":{"rendered":"\n<p>O grupo de trabalho criado pelo presidente do Supremo Tribunal Federal (STF) e do Conselho Nacional de Justi\u00e7a (CNJ), ministro Dias Toffoli, fechou uma proposta de resolu\u00e7\u00e3o que fixa um prazo de 120 dias para a implanta\u00e7\u00e3o do juiz de garantias. <\/p>\n\n\n\n<figure class=\"wp-block-image\"><img loading=\"lazy\" width=\"680\" height=\"337\" src=\"https:\/\/justicapotiguar.com.br\/wp-content\/uploads\/2019\/11\/43384A7C857A03471DEBF2E37585768B8237_juiz3.png\" alt=\"\" class=\"wp-image-4345\" srcset=\"https:\/\/justicapotiguar.com.br\/wp-content\/uploads\/2019\/11\/43384A7C857A03471DEBF2E37585768B8237_juiz3.png 680w, https:\/\/justicapotiguar.com.br\/wp-content\/uploads\/2019\/11\/43384A7C857A03471DEBF2E37585768B8237_juiz3-300x149.png 300w\" sizes=\"(max-width: 680px) 100vw, 680px\" \/><figcaption>Reprodu\u00e7\u00e3o<\/figcaption><\/figure>\n\n\n\n<p>O texto, que prev\u00ea um sistema de rod\u00edzio entre ju\u00edzes de cidades vizinhas e traz um cap\u00edtulo sobre &#8220;direito de imagem&#8221; para pessoas presas, depende de uma decis\u00e3o do STF sobre o tema para entrar em vigor.<br>Em janeiro, o vice-presidente do STF, Luiz Fux, suspendeu por tempo indeterminado a cria\u00e7\u00e3o do juiz de garantias. Fux assumir\u00e1 a presid\u00eancia do Supremo e do CNJ em setembro.<\/p>\n\n\n\n<p>Atualmente, o juiz que analisa pedidos da pol\u00edcia e do Minist\u00e9rio P\u00fablico na investiga\u00e7\u00e3o \u00e9 o mesmo que pode condenar ou absolver o r\u00e9u. A lei anticrime, sancionada pelo presidente Jair Bolsonaro, prev\u00ea que o juiz de garantias conduza a investiga\u00e7\u00e3o criminal e tome medidas necess\u00e1rias para o andamento do caso, como autorizar buscas e quebra de sigilo telef\u00f4nico e banc\u00e1rio, at\u00e9 o momento em que a den\u00fancia for recebida. A partir da\u00ed, outro magistrado vai cuidar do caso e dar a senten\u00e7a.<\/p><div class=\"agnpb69f3a80895e7a\" ><!--<a href=\"https:\/\/bit.ly\/3QdrqTZ\" target=\"_blank\">\n<img src=\"https:\/\/justicapotiguar.com.br\/wp-content\/uploads\/2023\/09\/mobile-geral.gif\"\/><a\/>--><\/div><style type=\"text\/css\">\r\n.agnpb69f3a80895e7a {\r\ntext-align: center;\r\n}\r\n@media screen and (min-width: 1201px) {\r\n.agnpb69f3a80895e7a {\r\ndisplay: none;\r\n}\r\n}\r\n@media screen and (min-width: 993px) and (max-width: 1200px) {\r\n.agnpb69f3a80895e7a {\r\ndisplay: none;\r\n}\r\n}\r\n@media screen and (min-width: 769px) and (max-width: 992px) {\r\n.agnpb69f3a80895e7a {\r\ndisplay: none;\r\n}\r\n}\r\n@media screen and (min-width: 768px) and (max-width: 768px) {\r\n.agnpb69f3a80895e7a {\r\ndisplay: block;\r\n}\r\n}\r\n@media screen and (max-width: 767px) {\r\n.agnpb69f3a80895e7a {\r\ndisplay: block;\r\n}\r\n}\r\n<\/style>\r\n<div class=\"rpizm69f3a80895e60\" ><!--<a href=\"https:\/\/bit.ly\/3QdrqTZ\" target=\"_blank\">\n<img src=\"https:\/\/justicapotiguar.com.br\/wp-content\/uploads\/2023\/09\/desktop-geral.gif\"\/><a\/>--><\/div><style type=\"text\/css\">\r\n.rpizm69f3a80895e60 {\r\ntext-align: center;\nmargin-bottom: 1em;\r\n}\r\n@media screen and (min-width: 1201px) {\r\n.rpizm69f3a80895e60 {\r\ndisplay: block;\r\n}\r\n}\r\n@media screen and (min-width: 993px) and (max-width: 1200px) {\r\n.rpizm69f3a80895e60 {\r\ndisplay: block;\r\n}\r\n}\r\n@media screen and (min-width: 769px) and (max-width: 992px) {\r\n.rpizm69f3a80895e60 {\r\ndisplay: block;\r\n}\r\n}\r\n@media screen and (min-width: 768px) and (max-width: 768px) {\r\n.rpizm69f3a80895e60 {\r\ndisplay: none;\r\n}\r\n}\r\n@media screen and (max-width: 767px) {\r\n.rpizm69f3a80895e60 {\r\ndisplay: none;\r\n}\r\n}\r\n<\/style>\r\n\n\n\n\n<p><br>O texto do grupo de trabalho do CNJ garante que tribunais estaduais e regionais federais ter\u00e3o autonomia administrativa e financeira para definir a estrutura e o financiamento do instituto do juiz de garantias. Tamb\u00e9m prev\u00ea que no caso de comarcas com uma \u00fanica vara, por exemplo, ser\u00e1 poss\u00edvel organizar a implanta\u00e7\u00e3o da medida por meio de rod\u00edzio entre comarcas vizinhas. Dessa forma, um juiz que atua numa cidade poder\u00e1 examinar casos de outra localidade.<br>Caso queiram, os tribunais poder\u00e3o implantar o rod\u00edzio entre ju\u00edzes at\u00e9 por meio de sistema informatizado, com &#8220;distribui\u00e7\u00e3o aleat\u00f3ria&#8221; dos magistrados.<\/p>\n\n\n\n<p>Estad\u00e3o<\/p>\n\n\n\n<p><\/p>\n","protected":false},"excerpt":{"rendered":"<p>O grupo de trabalho criado pelo presidente do Supremo Tribunal Federal (STF) e do Conselho Nacional de Justi\u00e7a (CNJ), ministro Dias Toffoli, fechou uma proposta de resolu\u00e7\u00e3o que fixa um prazo de 120 dias para a implanta\u00e7\u00e3o do juiz de garantias. O texto, que prev\u00ea um sistema de rod\u00edzio entre ju\u00edzes de cidades vizinhas e<br \/><a class=\"more-link\" href=\"https:\/\/justicapotiguar.com.br\/index.php\/2020\/06\/24\/justica-quer-prazo-de-120-dias-para-adocao-de-juiz-de-garantias\/\">Mais&#8230;<\/a><\/p>\n","protected":false},"author":5,"featured_media":4345,"comment_status":"open","ping_status":"open","sticky":false,"template":"","format":"standard","meta":[],"categories":[3],"tags":[],"_links":{"self":[{"href":"https:\/\/justicapotiguar.com.br\/index.php\/wp-json\/wp\/v2\/posts\/10806"}],"collection":[{"href":"https:\/\/justicapotiguar.com.br\/index.php\/wp-json\/wp\/v2\/posts"}],"about":[{"href":"https:\/\/justicapotiguar.com.br\/index.php\/wp-json\/wp\/v2\/types\/post"}],"author":[{"embeddable":true,"href":"https:\/\/justicapotiguar.com.br\/index.php\/wp-json\/wp\/v2\/users\/5"}],"replies":[{"embeddable":true,"href":"https:\/\/justicapotiguar.com.br\/index.php\/wp-json\/wp\/v2\/comments?post=10806"}],"version-history":[{"count":1,"href":"https:\/\/justicapotiguar.com.br\/index.php\/wp-json\/wp\/v2\/posts\/10806\/revisions"}],"predecessor-version":[{"id":10807,"href":"https:\/\/justicapotiguar.com.br\/index.php\/wp-json\/wp\/v2\/posts\/10806\/revisions\/10807"}],"wp:featuredmedia":[{"embeddable":true,"href":"https:\/\/justicapotiguar.com.br\/index.php\/wp-json\/wp\/v2\/media\/4345"}],"wp:attachment":[{"href":"https:\/\/justicapotiguar.com.br\/index.php\/wp-json\/wp\/v2\/media?parent=10806"}],"wp:term":[{"taxonomy":"category","embeddable":true,"href":"https:\/\/justicapotiguar.com.br\/index.php\/wp-json\/wp\/v2\/categories?post=10806"},{"taxonomy":"post_tag","embeddable":true,"href":"https:\/\/justicapotiguar.com.br\/index.php\/wp-json\/wp\/v2\/tags?post=10806"}],"curies":[{"name":"wp","href":"https:\/\/api.w.org\/{rel}","templated":true}]}}