{"id":10801,"date":"2020-06-24T15:00:27","date_gmt":"2020-06-24T18:00:27","guid":{"rendered":"https:\/\/justicapotiguar.com.br\/?p=10801"},"modified":"2020-06-24T14:19:05","modified_gmt":"2020-06-24T17:19:05","slug":"em-que-estado-deve-ser-recolhido-o-ipva","status":"publish","type":"post","link":"https:\/\/justicapotiguar.com.br\/index.php\/2020\/06\/24\/em-que-estado-deve-ser-recolhido-o-ipva\/","title":{"rendered":"Em que Estado deve ser recolhido o IPVA?"},"content":{"rendered":"\n<figure class=\"wp-block-image\"><img loading=\"lazy\" width=\"660\" height=\"440\" src=\"https:\/\/justicapotiguar.com.br\/wp-content\/uploads\/2020\/06\/ipv.jpg\" alt=\"\" class=\"wp-image-10802\" srcset=\"https:\/\/justicapotiguar.com.br\/wp-content\/uploads\/2020\/06\/ipv.jpg 660w, https:\/\/justicapotiguar.com.br\/wp-content\/uploads\/2020\/06\/ipv-300x200.jpg 300w\" sizes=\"(max-width: 660px) 100vw, 660px\" \/><figcaption>Reprodu\u00e7\u00e3o<\/figcaption><\/figure>\n\n\n\n<p><strong>Por Rodrigo Leite | Telegram<\/strong>:<strong>&nbsp;&nbsp;<\/strong><a href=\"https:\/\/t.me\/pilulasjuridicasSTFSTJ\" target=\"_blank\" rel=\"noreferrer noopener\"><strong>https:\/\/t.me\/pilulasjuridicasSTFSTJ<\/strong><\/a><strong><\/strong><br><\/p>\n\n\n\n<p>Recentemente, em 16.06.2020, o STF decidiu no&nbsp;<strong>RE 1.016.605\/MG<\/strong>&nbsp;que<em>&nbsp;o Imposto sobre a Propriedade de Ve\u00edculos Automotores (IPVA) deve ser recolhido no domic\u00edlio do propriet\u00e1rio do ve\u00edculo, onde o bem deve ser, de acordo com a legisla\u00e7\u00e3o sobre o tema, licenciado e registrado (<strong>Tema 708<\/strong>).<\/em><\/p>\n\n\n\n<p>Esse \u00e9 um caso comum envolvendo \u201cempresas\u201d do ramo de loca\u00e7\u00e3o de ve\u00edculos (sua sede \u00e9, por exemplo, no Rio Grande do Norte, mas o ve\u00edculo est\u00e1 registrado e licenciado na Para\u00edba) e de contribuintes que, atra\u00eddos por tributa\u00e7\u00e3o mais baixa, fraudam endere\u00e7os em Estados diferentes de onde, efetivamente, t\u00eam domic\u00edlio.&nbsp;<strong>O Supremo entendeu que o licenciamento e o registro devem coincidir com o domic\u00edlio do propriet\u00e1rio do ve\u00edculo.<\/strong><\/p>\n\n\n\n<p>Como dito, \u00e9 frequente que o comprador do ve\u00edculo more no Estado \u201cX\u201d, mas por atrativo tribut\u00e1rio do Estado \u201cY\u201d, realize o licenciamento e o registro neste \u00faltimo, onde a&nbsp;<strong>carga tribut\u00e1ria seria mais vantajosa<\/strong>. O Supremo entendeu que essa conduta \u00e9 vedada.<\/p>\n\n\n\n<p>O tema passa por uma esp\u00e9cie de&nbsp;<strong>\u201cguerra fiscal\u201d entre Estados<\/strong>, que para ampliar a arrecada\u00e7\u00e3o do IPVA, reduzem suas al\u00edquotas para \u201catrair\u201d mais contribuintes que se disp\u00f5em a registrar e licenciar o ve\u00edculo no local onde a tributa\u00e7\u00e3o \u00e9 mais atrativa ou baixa. Assim, com falsas declara\u00e7\u00f5es de endere\u00e7o e com a inten\u00e7\u00e3o de recolher um imposto menor, o contribuinte alega ser domiciliado num determinado Estado quando, na verdade, reside em outro.<\/p>\n\n\n\n<p>Ap\u00f3s longa celeuma sobre o tema (se o IPVA deveria ser recolhido no local do domic\u00edlio&nbsp;<strong>ou<\/strong>&nbsp;no local do registro e licenciamento do ve\u00edculo), finalmente, o Plen\u00e1rio do STF, em sess\u00e3o virtual realizada em 16\/06\/2020, decidiu por maioria de votos (6 a 5), que&nbsp;<strong>o IPVA deve ser recolhido no domic\u00edlio do propriet\u00e1rio do ve\u00edculo<\/strong>, onde o bem deve ser, de acordo com a legisla\u00e7\u00e3o sobre o tema, licenciado e registrado. Para o STF, deve haver essa tr\u00edplice combina\u00e7\u00e3o, digamos: resid\u00eancia, licenciamento e registro no mesmo Estado.<\/p>\n\n\n\n<p>O caso analisado pelo STF envolvia uma sociedade empres\u00e1ria sediada em Uberl\u00e2ndia (MG), mas que pretendia recolher o tributo no Estado de Goi\u00e1s, onde havia feito o registro e o licenciamento de ve\u00edculo de sua propriedade.<\/p>\n\n\n\n<p>No STF, ela pretendia a reforma de ac\u00f3rd\u00e3o do TJMG que havia reconhecido a legitimidade do Estado de Minas Gerais para a cobran\u00e7a do imposto. Para a Lei Estadual 14.937\/2003, do Estado de Minas Gerais,&nbsp;<strong>a cobran\u00e7a do IPVA independe do local de registro<\/strong>, desde que o propriet\u00e1rio seja domiciliado no Estado. O recurso da empresa mineira foi desprovido. Por 6 a 5, o Plen\u00e1rio do STF considerou que essa lei mineira&nbsp;est\u00e1 de acordo com a estrutura legislativa do IPVA e com o C\u00f3digo de Tr\u00e2nsito Brasileiro.<\/p>\n\n\n\n<p>Segundo o art. 120 do CTB,&nbsp;todo ve\u00edculo automotor, el\u00e9trico, articulado, reboque ou semi-reboque, deve ser registrado perante o \u00f3rg\u00e3o executivo de tr\u00e2nsito do Estado ou do Distrito Federal, no Munic\u00edpio de domic\u00edlio ou resid\u00eancia de seu propriet\u00e1rio, na forma da lei.<\/p>\n\n\n\n<p>Prevaleceu, no julgamento, a&nbsp;<strong>diverg\u00eancia instaurada pelo Min. Alexandre de Moraes<\/strong>. Ele rememorou que o IPVA foi criado em 1985 por meio de Emenda Constitucional e repetido na Constitui\u00e7\u00e3o de 1988. Segundo seu voto, a&nbsp;<strong>justificativa \u00e9 remunerar a localidade onde o ve\u00edculo circula<\/strong>, em raz\u00e3o da maior exig\u00eancia de gastos em vias p\u00fablicas \u2013 tanto que metade do valor arrecadado fica com o munic\u00edpio, como prev\u00ea o art. 158 da Constitui\u00e7\u00e3o.<\/p>\n\n\n\n<p><strong>Eis o dispositivo:<\/strong><\/p><div class=\"bcvlw69edcf5e34406\" ><!--<a href=\"https:\/\/bit.ly\/3QdrqTZ\" target=\"_blank\">\n<img src=\"https:\/\/justicapotiguar.com.br\/wp-content\/uploads\/2023\/09\/mobile-geral.gif\"\/><a\/>--><\/div><style type=\"text\/css\">\r\n.bcvlw69edcf5e34406 {\r\ntext-align: center;\r\n}\r\n@media screen and (min-width: 1201px) {\r\n.bcvlw69edcf5e34406 {\r\ndisplay: none;\r\n}\r\n}\r\n@media screen and (min-width: 993px) and (max-width: 1200px) {\r\n.bcvlw69edcf5e34406 {\r\ndisplay: none;\r\n}\r\n}\r\n@media screen and (min-width: 769px) and (max-width: 992px) {\r\n.bcvlw69edcf5e34406 {\r\ndisplay: none;\r\n}\r\n}\r\n@media screen and (min-width: 768px) and (max-width: 768px) {\r\n.bcvlw69edcf5e34406 {\r\ndisplay: block;\r\n}\r\n}\r\n@media screen and (max-width: 767px) {\r\n.bcvlw69edcf5e34406 {\r\ndisplay: block;\r\n}\r\n}\r\n<\/style>\r\n<div class=\"hmkik69edcf5e343ed\" ><!--<a href=\"https:\/\/bit.ly\/3QdrqTZ\" target=\"_blank\">\n<img src=\"https:\/\/justicapotiguar.com.br\/wp-content\/uploads\/2023\/09\/desktop-geral.gif\"\/><a\/>--><\/div><style type=\"text\/css\">\r\n.hmkik69edcf5e343ed {\r\ntext-align: center;\nmargin-bottom: 1em;\r\n}\r\n@media screen and (min-width: 1201px) {\r\n.hmkik69edcf5e343ed {\r\ndisplay: block;\r\n}\r\n}\r\n@media screen and (min-width: 993px) and (max-width: 1200px) {\r\n.hmkik69edcf5e343ed {\r\ndisplay: block;\r\n}\r\n}\r\n@media screen and (min-width: 769px) and (max-width: 992px) {\r\n.hmkik69edcf5e343ed {\r\ndisplay: block;\r\n}\r\n}\r\n@media screen and (min-width: 768px) and (max-width: 768px) {\r\n.hmkik69edcf5e343ed {\r\ndisplay: none;\r\n}\r\n}\r\n@media screen and (max-width: 767px) {\r\n.hmkik69edcf5e343ed {\r\ndisplay: none;\r\n}\r\n}\r\n<\/style>\r\n\n\n\n\n<p>\u201cArt. 158. Pertencem aos Munic\u00edpios:<\/p>\n\n\n\n<p>(&#8230;)<\/p>\n\n\n\n<p>III &#8211; cinquenta por cento do produto da arrecada\u00e7\u00e3o do imposto do Estado sobre a propriedade de ve\u00edculos automotores licenciados em seus territ\u00f3rios;\u201d<\/p>\n\n\n\n<p>Para o Moraes, o&nbsp;<strong>C\u00f3digo de Tr\u00e2nsito Brasileiro n\u00e3o permite o registro do ve\u00edculo fora do domic\u00edlio do propriet\u00e1rio<\/strong>, ou seja,&nbsp;<strong>o licenciamento e o domic\u00edlio devem coincidir<\/strong>. Segundo ele,&nbsp;<em>\u201cse a legisla\u00e7\u00e3o estabelece que s\u00f3 se pode licenciar em determinado domic\u00edlio, e o ve\u00edculo est\u00e1 em outro, evidentemente h\u00e1 fraude.\u201d<\/em><\/p>\n\n\n\n<p>Assim, o STF decidiu que<strong>&nbsp;o IPVA deve ser recolhido no domic\u00edlio do propriet\u00e1rio do ve\u00edculo, onde o bem deve ser registrado e licenciado.<\/strong><\/p>\n\n\n\n<p><strong>Rodrigo Leite<\/strong><\/p>\n\n\n\n<p>Autor e coautor de livros jur\u00eddicos (Juspodivm e Saraiva)<\/p>\n\n\n\n<p>Mestre em Direito Constitucional<\/p>\n\n\n\n<p>Assessor de Desembargador do TJRN<\/p>\n\n\n\n<p>Professor da P\u00f3s On-line de Civil da Rede Kroton-LFG<\/p>\n\n\n\n<p>Conteudista dos sites&nbsp;<a href=\"http:\/\/justicapotiguar.com.br\/\" target=\"_blank\" rel=\"noreferrer noopener\">justicapotiguar.com.br<\/a>&nbsp;(RN),&nbsp;<a href=\"http:\/\/novodireitocivil.com.br\/\" target=\"_blank\" rel=\"noreferrer noopener\">novodireitocivil.com.br<\/a>&nbsp;(BA),&nbsp;<a href=\"http:\/\/meusitejuridico.com.br\/\" target=\"_blank\" rel=\"noreferrer noopener\">meusitejuridico.com.br<\/a>&nbsp;(SP) e&nbsp;<a href=\"http:\/\/supremotv.com.br\/\" target=\"_blank\" rel=\"noreferrer noopener\">supremotv.com.br<\/a>&nbsp;(MG).<\/p>\n","protected":false},"excerpt":{"rendered":"<p>Por Rodrigo Leite | Telegram:&nbsp;&nbsp;https:\/\/t.me\/pilulasjuridicasSTFSTJ Recentemente, em 16.06.2020, o STF decidiu no&nbsp;RE 1.016.605\/MG&nbsp;que&nbsp;o Imposto sobre a Propriedade de Ve\u00edculos Automotores (IPVA) deve ser recolhido no domic\u00edlio do propriet\u00e1rio do ve\u00edculo, onde o bem deve ser, de acordo com a legisla\u00e7\u00e3o sobre o tema, licenciado e registrado (Tema 708). Esse \u00e9 um caso comum envolvendo \u201cempresas\u201d<br \/><a class=\"more-link\" href=\"https:\/\/justicapotiguar.com.br\/index.php\/2020\/06\/24\/em-que-estado-deve-ser-recolhido-o-ipva\/\">Mais&#8230;<\/a><\/p>\n","protected":false},"author":5,"featured_media":10802,"comment_status":"open","ping_status":"open","sticky":false,"template":"","format":"standard","meta":[],"categories":[3],"tags":[],"_links":{"self":[{"href":"https:\/\/justicapotiguar.com.br\/index.php\/wp-json\/wp\/v2\/posts\/10801"}],"collection":[{"href":"https:\/\/justicapotiguar.com.br\/index.php\/wp-json\/wp\/v2\/posts"}],"about":[{"href":"https:\/\/justicapotiguar.com.br\/index.php\/wp-json\/wp\/v2\/types\/post"}],"author":[{"embeddable":true,"href":"https:\/\/justicapotiguar.com.br\/index.php\/wp-json\/wp\/v2\/users\/5"}],"replies":[{"embeddable":true,"href":"https:\/\/justicapotiguar.com.br\/index.php\/wp-json\/wp\/v2\/comments?post=10801"}],"version-history":[{"count":1,"href":"https:\/\/justicapotiguar.com.br\/index.php\/wp-json\/wp\/v2\/posts\/10801\/revisions"}],"predecessor-version":[{"id":10803,"href":"https:\/\/justicapotiguar.com.br\/index.php\/wp-json\/wp\/v2\/posts\/10801\/revisions\/10803"}],"wp:featuredmedia":[{"embeddable":true,"href":"https:\/\/justicapotiguar.com.br\/index.php\/wp-json\/wp\/v2\/media\/10802"}],"wp:attachment":[{"href":"https:\/\/justicapotiguar.com.br\/index.php\/wp-json\/wp\/v2\/media?parent=10801"}],"wp:term":[{"taxonomy":"category","embeddable":true,"href":"https:\/\/justicapotiguar.com.br\/index.php\/wp-json\/wp\/v2\/categories?post=10801"},{"taxonomy":"post_tag","embeddable":true,"href":"https:\/\/justicapotiguar.com.br\/index.php\/wp-json\/wp\/v2\/tags?post=10801"}],"curies":[{"name":"wp","href":"https:\/\/api.w.org\/{rel}","templated":true}]}}