{"id":10782,"date":"2020-06-24T08:22:26","date_gmt":"2020-06-24T11:22:26","guid":{"rendered":"https:\/\/justicapotiguar.com.br\/?p=10782"},"modified":"2020-06-24T08:27:23","modified_gmt":"2020-06-24T11:27:23","slug":"aras-sofre-derrota-em-eleicao-interna-e-tera-opositores-em-conselho-da-pgr","status":"publish","type":"post","link":"https:\/\/justicapotiguar.com.br\/index.php\/2020\/06\/24\/aras-sofre-derrota-em-eleicao-interna-e-tera-opositores-em-conselho-da-pgr\/","title":{"rendered":"Aras sofre derrota em elei\u00e7\u00e3o interna e ter\u00e1 opositores em conselho da PGR"},"content":{"rendered":"\n<p>O procurador-geral da Rep\u00fablica,\u00a0 Augusto Aras, sofreu derrota em elei\u00e7\u00e3o interna realizada nesta ter\u00e7a-feira para duas cadeiras do conselho superior do Minist\u00e9rio P\u00fablico Federal, \u00f3rg\u00e3o m\u00e1ximo de delibera\u00e7\u00e3o de assuntos da Procuradoria-Geral da Rep\u00fablica (PGR) e do MPF. Dois opositores internos de Aras, os subprocuradores-gerais da Rep\u00fablica Mario Bonsaglia e Nicolao Dino, foram eleitos com 645 e 608 votos, respectivamente, para uma cadeira no conselho.<\/p>\n\n\n\n<figure class=\"wp-block-image\"><img loading=\"lazy\" width=\"1024\" height=\"492\" src=\"https:\/\/justicapotiguar.com.br\/wp-content\/uploads\/2019\/09\/aras-1024x492.jpeg\" alt=\"\" class=\"wp-image-1861\" srcset=\"https:\/\/justicapotiguar.com.br\/wp-content\/uploads\/2019\/09\/aras-1024x492.jpeg 1024w, https:\/\/justicapotiguar.com.br\/wp-content\/uploads\/2019\/09\/aras-300x144.jpeg 300w, https:\/\/justicapotiguar.com.br\/wp-content\/uploads\/2019\/09\/aras-768x369.jpeg 768w, https:\/\/justicapotiguar.com.br\/wp-content\/uploads\/2019\/09\/aras.jpeg 1250w\" sizes=\"(max-width: 1024px) 100vw, 1024px\" \/><figcaption>Reprodu\u00e7\u00e3o<\/figcaption><\/figure>\n\n\n\n<p>Aras apoiava os subprocuradores-gerais da Rep\u00fablica Carlos Frederico Santos e Maria Iraneide Facchini, que obtiveram 190 e 121 votos, respectivamente.<\/p><div class=\"cgdtn69f215cb54db2\" ><!--<a href=\"https:\/\/bit.ly\/3QdrqTZ\" target=\"_blank\">\n<img src=\"https:\/\/justicapotiguar.com.br\/wp-content\/uploads\/2023\/09\/mobile-geral.gif\"\/><a\/>--><\/div><style type=\"text\/css\">\r\n.cgdtn69f215cb54db2 {\r\ntext-align: center;\r\n}\r\n@media screen and (min-width: 1201px) {\r\n.cgdtn69f215cb54db2 {\r\ndisplay: none;\r\n}\r\n}\r\n@media screen and (min-width: 993px) and (max-width: 1200px) {\r\n.cgdtn69f215cb54db2 {\r\ndisplay: none;\r\n}\r\n}\r\n@media screen and (min-width: 769px) and (max-width: 992px) {\r\n.cgdtn69f215cb54db2 {\r\ndisplay: none;\r\n}\r\n}\r\n@media screen and (min-width: 768px) and (max-width: 768px) {\r\n.cgdtn69f215cb54db2 {\r\ndisplay: block;\r\n}\r\n}\r\n@media screen and (max-width: 767px) {\r\n.cgdtn69f215cb54db2 {\r\ndisplay: block;\r\n}\r\n}\r\n<\/style>\r\n<div class=\"vrgag69f215cb54d9e\" ><!--<a href=\"https:\/\/bit.ly\/3QdrqTZ\" target=\"_blank\">\n<img src=\"https:\/\/justicapotiguar.com.br\/wp-content\/uploads\/2023\/09\/desktop-geral.gif\"\/><a\/>--><\/div><style type=\"text\/css\">\r\n.vrgag69f215cb54d9e {\r\ntext-align: center;\nmargin-bottom: 1em;\r\n}\r\n@media screen and (min-width: 1201px) {\r\n.vrgag69f215cb54d9e {\r\ndisplay: block;\r\n}\r\n}\r\n@media screen and (min-width: 993px) and (max-width: 1200px) {\r\n.vrgag69f215cb54d9e {\r\ndisplay: block;\r\n}\r\n}\r\n@media screen and (min-width: 769px) and (max-width: 992px) {\r\n.vrgag69f215cb54d9e {\r\ndisplay: block;\r\n}\r\n}\r\n@media screen and (min-width: 768px) and (max-width: 768px) {\r\n.vrgag69f215cb54d9e {\r\ndisplay: none;\r\n}\r\n}\r\n@media screen and (max-width: 767px) {\r\n.vrgag69f215cb54d9e {\r\ndisplay: none;\r\n}\r\n}\r\n<\/style>\r\n\n\n\n\n<p>Bonsaglia havia sido o\u00a0<a href=\"https:\/\/oglobo.globo.com\/brasil\/subprocurador-mario-bonsaglia-o-mais-votado-em-lista-triplice-para-pgr-23749046\">primeiro colocado na lista<\/a>\u00a0tr\u00edplice da Associa\u00e7\u00e3o Nacional dos Procuradores da Rep\u00fablica (ANPR) realizada no ano passado e enviada para o presidente Jair Bolsonaro se basear na escolha do novo PGR, mas Bolsonaro decidiu escolher um nome fora da lista e indicou Aras para o cargo. Bonsaglia ocupa a cadeira que era de N\u00edvio de Freitas. Dino j\u00e1 ocupava uma cadeira no conselho superior e foi reeleito &#8212; ele era pr\u00f3ximo do ex-procurador-geral da Rep\u00fablica Rodrigo Janot, de quem Aras era opositor.<\/p>\n\n\n\n<p>O Globo<\/p>\n","protected":false},"excerpt":{"rendered":"<p>O procurador-geral da Rep\u00fablica,\u00a0 Augusto Aras, sofreu derrota em elei\u00e7\u00e3o interna realizada nesta ter\u00e7a-feira para duas cadeiras do conselho superior do Minist\u00e9rio P\u00fablico Federal, \u00f3rg\u00e3o m\u00e1ximo de delibera\u00e7\u00e3o de assuntos da Procuradoria-Geral da Rep\u00fablica (PGR) e do MPF. Dois opositores internos de Aras, os subprocuradores-gerais da Rep\u00fablica Mario Bonsaglia e Nicolao Dino, foram eleitos com<br \/><a class=\"more-link\" href=\"https:\/\/justicapotiguar.com.br\/index.php\/2020\/06\/24\/aras-sofre-derrota-em-eleicao-interna-e-tera-opositores-em-conselho-da-pgr\/\">Mais&#8230;<\/a><\/p>\n","protected":false},"author":5,"featured_media":1861,"comment_status":"open","ping_status":"open","sticky":false,"template":"","format":"standard","meta":[],"categories":[3],"tags":[],"_links":{"self":[{"href":"https:\/\/justicapotiguar.com.br\/index.php\/wp-json\/wp\/v2\/posts\/10782"}],"collection":[{"href":"https:\/\/justicapotiguar.com.br\/index.php\/wp-json\/wp\/v2\/posts"}],"about":[{"href":"https:\/\/justicapotiguar.com.br\/index.php\/wp-json\/wp\/v2\/types\/post"}],"author":[{"embeddable":true,"href":"https:\/\/justicapotiguar.com.br\/index.php\/wp-json\/wp\/v2\/users\/5"}],"replies":[{"embeddable":true,"href":"https:\/\/justicapotiguar.com.br\/index.php\/wp-json\/wp\/v2\/comments?post=10782"}],"version-history":[{"count":1,"href":"https:\/\/justicapotiguar.com.br\/index.php\/wp-json\/wp\/v2\/posts\/10782\/revisions"}],"predecessor-version":[{"id":10783,"href":"https:\/\/justicapotiguar.com.br\/index.php\/wp-json\/wp\/v2\/posts\/10782\/revisions\/10783"}],"wp:featuredmedia":[{"embeddable":true,"href":"https:\/\/justicapotiguar.com.br\/index.php\/wp-json\/wp\/v2\/media\/1861"}],"wp:attachment":[{"href":"https:\/\/justicapotiguar.com.br\/index.php\/wp-json\/wp\/v2\/media?parent=10782"}],"wp:term":[{"taxonomy":"category","embeddable":true,"href":"https:\/\/justicapotiguar.com.br\/index.php\/wp-json\/wp\/v2\/categories?post=10782"},{"taxonomy":"post_tag","embeddable":true,"href":"https:\/\/justicapotiguar.com.br\/index.php\/wp-json\/wp\/v2\/tags?post=10782"}],"curies":[{"name":"wp","href":"https:\/\/api.w.org\/{rel}","templated":true}]}}